{"id":35045,"date":"2026-07-03T07:51:00","date_gmt":"2026-07-03T05:51:00","guid":{"rendered":"https:\/\/euapp01.newsmemory.com\/lamarseillaise\/news\/?p=35045"},"modified":"2026-07-03T10:05:20","modified_gmt":"2026-07-03T08:05:20","slug":"le-ministre-des-pme-et-du-commerce-a-la-decouverte-de-blachere-illumination","status":"publish","type":"post","link":"https:\/\/euapp01.newsmemory.com\/lamarseillaise\/news\/2026\/07\/03\/le-ministre-des-pme-et-du-commerce-a-la-decouverte-de-blachere-illumination\/","title":{"rendered":"Le ministre des PME et du Commerce \u00e0 la d\u00e9couverte de Blach\u00e8re Illumination"},"content":{"rendered":"<div class=\"paragraph\">\n<p>Ministre des Petites et moyennes entreprises, du Commerce, de l\u2019Artisanat, du Tourisme et du Pouvoir d\u2019achat, Serge Papin \u00e9tait en visite \u00e0 l\u2019entreprise Blach\u00e8re illumination, ce jeudi. Un \u00e9v\u00e9nement pour l\u2019entreprise mondialement connue et labellis\u00e9e entreprise du Patrimoine vivant, dont le fondateur, Jean-Paul Blach\u00e8re, est d\u00e9c\u00e9d\u00e9 en d\u00e9cembre 2025 .<\/p>\n<p>\u00c0 son arriv\u00e9e, le ministre a \u00e9t\u00e9 accueilli par Christine Blach\u00e8re et son mari Romain. Ils ont d\u2019abord visit\u00e9 les ateliers de ferronnerie, de c\u00e2blage et celui d\u00e9di\u00e9 aux guirlandes fran\u00e7aises. L\u2019occasion de souligner que ces derni\u00e8res rencontrent un joli succ\u00e8s avec 5\u00a0000\u00a0vendues cette ann\u00e9e, le double de l\u2019ann\u00e9e pr\u00e9c\u00e9dente.<\/p>\n<p>La visite s\u2019est poursuivie dans le \u00ab\u00a0show room\u00a0\u00bb, lieu o\u00f9 chaque ann\u00e9e le public peut voir les cr\u00e9ations de l\u2019entreprise, notamment \u00e0 l\u2019occasion des f\u00eates de fin d\u2019ann\u00e9e.<\/p>\n<p>Christine Blach\u00e8re et son mari ont fait un historique de la cr\u00e9ation de l\u2019entreprise et ont \u00e9voqu\u00e9 Jean-Paul Blach\u00e8re, le fondateur. Ils ont aussi pr\u00e9sent\u00e9 la fondation Blach\u00e8re sur l\u2019Afrique, sujet qui a suscit\u00e9 l\u2019int\u00e9r\u00eat du ministre, \u00e0 qui un ouvrage consacr\u00e9 \u00e0 la fondation a \u00e9t\u00e9 remis.. Le ministre a ensuite rappel\u00e9 son action pour l\u2019industrialisation des entreprises, en pr\u00e9sence du pr\u00e9fet, du maire d\u2019Apt Jean Aillaud (DVD) et de Jacqueline Bouyac, vice-pr\u00e9sidente de la R\u00e9gion.<\/p>\n<p>Plus t\u00f4t dans la matin\u00e9e, le ministre avait \u00e9galement visit\u00e9 l\u2019usine Charles et Alice, sp\u00e9cialis\u00e9e dans la conception de desserts aux fruits, \u00e0 Monteux, et rencontr\u00e9 des chefs d&#8217;entreprise et des \u00e9lus locaux pour discuter des enjeux de pouvoir d&#8217;achat et de comp\u00e9titivit\u00e9.<\/p>\n<\/p><\/div>\n","protected":false},"excerpt":{"rendered":"Ministre des Petites et moyennes entreprises, du Commerce, de l&rsquo;Artisanat, du Tourisme et du Pouvoir d&rsquo;achat, Serge Papin &eacute;tait en visite &agrave; l&rsquo;entreprise Blach&egrave;re illumination, ce jeudi. Un &#8230;","protected":false},"author":1,"featured_media":35047,"comment_status":"open","ping_status":"open","sticky":false,"template":"","format":"standard","meta":{"footnotes":""},"categories":[338],"tags":[1881,1225,497,844,1024,347,171],"news-destination":[],"news-source":[475],"is_homepage":[],"ta_other":[],"class_list":["post-35045","post","type-post","status-publish","format-standard","has-post-thumbnail","hentry","category-economie","tag-artisanat","tag-entreprise","tag-ministre","tag-pme","tag-pouvoir-dachat","tag-tourisme","tag-vaucluse","news-source-website"],"_links":{"self":[{"href":"https:\/\/euapp01.newsmemory.com\/lamarseillaise\/news\/wp-json\/wp\/v2\/posts\/35045","targetHints":{"allow":["GET"]}}],"collection":[{"href":"https:\/\/euapp01.newsmemory.com\/lamarseillaise\/news\/wp-json\/wp\/v2\/posts"}],"about":[{"href":"https:\/\/euapp01.newsmemory.com\/lamarseillaise\/news\/wp-json\/wp\/v2\/types\/post"}],"author":[{"embeddable":true,"href":"https:\/\/euapp01.newsmemory.com\/lamarseillaise\/news\/wp-json\/wp\/v2\/users\/1"}],"replies":[{"embeddable":true,"href":"https:\/\/euapp01.newsmemory.com\/lamarseillaise\/news\/wp-json\/wp\/v2\/comments?post=35045"}],"version-history":[{"count":1,"href":"https:\/\/euapp01.newsmemory.com\/lamarseillaise\/news\/wp-json\/wp\/v2\/posts\/35045\/revisions"}],"predecessor-version":[{"id":35048,"href":"https:\/\/euapp01.newsmemory.com\/lamarseillaise\/news\/wp-json\/wp\/v2\/posts\/35045\/revisions\/35048"}],"wp:featuredmedia":[{"embeddable":true,"href":"https:\/\/euapp01.newsmemory.com\/lamarseillaise\/news\/wp-json\/wp\/v2\/media\/35047"}],"wp:attachment":[{"href":"https:\/\/euapp01.newsmemory.com\/lamarseillaise\/news\/wp-json\/wp\/v2\/media?parent=35045"}],"wp:term":[{"taxonomy":"category","embeddable":true,"href":"https:\/\/euapp01.newsmemory.com\/lamarseillaise\/news\/wp-json\/wp\/v2\/categories?post=35045"},{"taxonomy":"post_tag","embeddable":true,"href":"https:\/\/euapp01.newsmemory.com\/lamarseillaise\/news\/wp-json\/wp\/v2\/tags?post=35045"},{"taxonomy":"news-destination","embeddable":true,"href":"https:\/\/euapp01.newsmemory.com\/lamarseillaise\/news\/wp-json\/wp\/v2\/news-destination?post=35045"},{"taxonomy":"news-source","embeddable":true,"href":"https:\/\/euapp01.newsmemory.com\/lamarseillaise\/news\/wp-json\/wp\/v2\/news-source?post=35045"},{"taxonomy":"is_homepage","embeddable":true,"href":"https:\/\/euapp01.newsmemory.com\/lamarseillaise\/news\/wp-json\/wp\/v2\/is_homepage?post=35045"},{"taxonomy":"ta_other","embeddable":true,"href":"https:\/\/euapp01.newsmemory.com\/lamarseillaise\/news\/wp-json\/wp\/v2\/ta_other?post=35045"}],"curies":[{"name":"wp","href":"https:\/\/api.w.org\/{rel}","templated":true}]}}