{"id":35042,"date":"2026-07-03T08:02:00","date_gmt":"2026-07-03T06:02:00","guid":{"rendered":"https:\/\/euapp01.newsmemory.com\/lamarseillaise\/news\/?p=35042"},"modified":"2026-07-03T10:05:20","modified_gmt":"2026-07-03T08:05:20","slug":"a-martigues-les-premiers-usagers-recoivent-les-cles-des-nouveaux-box-a-velos","status":"publish","type":"post","link":"https:\/\/euapp01.newsmemory.com\/lamarseillaise\/news\/2026\/07\/03\/a-martigues-les-premiers-usagers-recoivent-les-cles-des-nouveaux-box-a-velos\/","title":{"rendered":"\u00c0 Martigues, les premiers usagers re\u00e7oivent les cl\u00e9s des nouveaux box \u00e0 v\u00e9los"},"content":{"rendered":"<div class=\"paragraph\">\n<p>Ces nouveaux box \u00e0 v\u00e9los ne constituent \u00ab\u00a0<i>pas qu\u2019un d\u00e9but<\/i>\u00a0\u00bb, mais s\u2019inscrivent dans la continuit\u00e9 de la politique men\u00e9e par la municipalit\u00e9, selon l\u2019adjointe (PCF) de Martigues, Marceline Z\u00e9phir.<\/p>\n<p>Mardi dernier, cette derni\u00e8re, accompagn\u00e9e de ses colistiers Jean-Luc Cosme (GE) et Roger Camoin (PS), a officiellement remis les cl\u00e9s de ces nouveaux \u00e9quipements aux habitants du centre-ville ayant r\u00e9pondu \u00e0 l\u2019appel de la Ville pour b\u00e9n\u00e9ficier d\u2019un espace s\u00e9curis\u00e9 de stationnement pour leur v\u00e9lo.<\/p>\n<p>Les trois locaux range-v\u00e9los sont install\u00e9s dans les trois quartiers du centre-ville\u00a0: quai Tess\u00e9 \u00e0 Ferri\u00e8res, quai Kl\u00e9ber sur l\u2019\u00cele et quai Leclerc \u00e0 Jonqui\u00e8res. Ils sont accessibles sur abonnement au tarif de 30\u00a0euros par an. \u00ab\u00a0<i>Ce projet est issu d\u2019une volont\u00e9 de la majorit\u00e9 municipale, d\u2019habitants r\u00e9unis en collectifs et conseils de quartiers, de mettre en avant les mobilit\u00e9s douces<\/i>, explique Marceline Z\u00e9phir. <i>Ce n\u2019est pas qu\u2019un d\u00e9but, avec les 30 km\/h en centre-ville ou les voies cyclables. Et \u00e7a continuera par diff\u00e9rents moyens<\/i>.\u00a0\u00bb<\/p>\n<\/p><\/div>\n<div class=\"intext\"> Une initiative salu\u00e9e\n              <\/div>\n<div class=\"paragraph\">\n<p>Cette initiative a \u00e9t\u00e9 salu\u00e9e par l\u2019association Les V\u00e9los des \u00c9tangs, active sur le territoire. \u00ab\u00a0<i>Le v\u00e9lo est une solution aux probl\u00e8mes de stationnement, surtout pour ceux qui travaillent \u00e0 moins de 10<\/i><i>\u00a0<\/i><i>km de leur domicile<\/i>,<i> <\/i>\u00e9crit l\u2019association. <i>Les immeubles ne poss\u00e8dent pas de cave et il est toujours ardu de transporter sa machine dans les escaliers pour la stocker dans l\u2019appartement<\/i>. <i>Nous saluons cette initiative pro-v\u00e9lo de la Ville<\/i>.\u00a0\u00bb Des places sont encore disponibles dans les box. Pour en b\u00e9n\u00e9ficier, il suffit de contacter le service voirie de la Ville au 04.42.44.34.44.<\/p>\n<\/p><\/div>\n","protected":false},"excerpt":{"rendered":"Ces nouveaux box &agrave; v&eacute;los ne constituent &laquo;&nbsp;pas qu&rsquo;un d&eacute;but&nbsp;&raquo;, mais s&rsquo;inscrivent dans la continuit&eacute; de la politique men&eacute;e par la municipalit&eacute;, selon l&rsquo;adjointe (PCF) de &#8230;","protected":false},"author":1,"featured_media":35043,"comment_status":"open","ping_status":"open","sticky":false,"template":"","format":"standard","meta":{"footnotes":""},"categories":[20],"tags":[10,181,1754,106,63,1389,2234,807,2552,2016],"news-destination":[],"news-source":[475],"is_homepage":[],"ta_other":[],"class_list":["post-35042","post","type-post","status-publish","format-standard","has-post-thumbnail","hentry","category-societe","tag-bouches-du-rhone","tag-centre-ville","tag-equipements","tag-habitants","tag-martigues","tag-mobilites-douces","tag-stationnement","tag-velo","tag-velos","tag-voirie","news-source-website"],"_links":{"self":[{"href":"https:\/\/euapp01.newsmemory.com\/lamarseillaise\/news\/wp-json\/wp\/v2\/posts\/35042","targetHints":{"allow":["GET"]}}],"collection":[{"href":"https:\/\/euapp01.newsmemory.com\/lamarseillaise\/news\/wp-json\/wp\/v2\/posts"}],"about":[{"href":"https:\/\/euapp01.newsmemory.com\/lamarseillaise\/news\/wp-json\/wp\/v2\/types\/post"}],"author":[{"embeddable":true,"href":"https:\/\/euapp01.newsmemory.com\/lamarseillaise\/news\/wp-json\/wp\/v2\/users\/1"}],"replies":[{"embeddable":true,"href":"https:\/\/euapp01.newsmemory.com\/lamarseillaise\/news\/wp-json\/wp\/v2\/comments?post=35042"}],"version-history":[{"count":1,"href":"https:\/\/euapp01.newsmemory.com\/lamarseillaise\/news\/wp-json\/wp\/v2\/posts\/35042\/revisions"}],"predecessor-version":[{"id":35044,"href":"https:\/\/euapp01.newsmemory.com\/lamarseillaise\/news\/wp-json\/wp\/v2\/posts\/35042\/revisions\/35044"}],"wp:featuredmedia":[{"embeddable":true,"href":"https:\/\/euapp01.newsmemory.com\/lamarseillaise\/news\/wp-json\/wp\/v2\/media\/35043"}],"wp:attachment":[{"href":"https:\/\/euapp01.newsmemory.com\/lamarseillaise\/news\/wp-json\/wp\/v2\/media?parent=35042"}],"wp:term":[{"taxonomy":"category","embeddable":true,"href":"https:\/\/euapp01.newsmemory.com\/lamarseillaise\/news\/wp-json\/wp\/v2\/categories?post=35042"},{"taxonomy":"post_tag","embeddable":true,"href":"https:\/\/euapp01.newsmemory.com\/lamarseillaise\/news\/wp-json\/wp\/v2\/tags?post=35042"},{"taxonomy":"news-destination","embeddable":true,"href":"https:\/\/euapp01.newsmemory.com\/lamarseillaise\/news\/wp-json\/wp\/v2\/news-destination?post=35042"},{"taxonomy":"news-source","embeddable":true,"href":"https:\/\/euapp01.newsmemory.com\/lamarseillaise\/news\/wp-json\/wp\/v2\/news-source?post=35042"},{"taxonomy":"is_homepage","embeddable":true,"href":"https:\/\/euapp01.newsmemory.com\/lamarseillaise\/news\/wp-json\/wp\/v2\/is_homepage?post=35042"},{"taxonomy":"ta_other","embeddable":true,"href":"https:\/\/euapp01.newsmemory.com\/lamarseillaise\/news\/wp-json\/wp\/v2\/ta_other?post=35042"}],"curies":[{"name":"wp","href":"https:\/\/api.w.org\/{rel}","templated":true}]}}