{"id":35039,"date":"2026-07-03T08:03:00","date_gmt":"2026-07-03T06:03:00","guid":{"rendered":"https:\/\/euapp01.newsmemory.com\/lamarseillaise\/news\/?p=35039"},"modified":"2026-07-03T10:05:20","modified_gmt":"2026-07-03T08:05:20","slug":"la-haute-commissaire-a-lenfance-de-passage-a-marseille","status":"publish","type":"post","link":"https:\/\/euapp01.newsmemory.com\/lamarseillaise\/news\/2026\/07\/03\/la-haute-commissaire-a-lenfance-de-passage-a-marseille\/","title":{"rendered":"La haute-commissaire \u00e0 l\u2019enfance de passage \u00e0 Marseille"},"content":{"rendered":"<div class=\"paragraph\">\n<p>\u00ab <i>P<\/i><i>our une fois, nous sommes l\u00e0 pour annoncer un nouveau droit, \u00e7a fait du bien<\/i><i>\u00a0<\/i>\u00bb, s\u2019est jeudi enthousiasm\u00e9e Sarah El Ha\u00efry, haute-commissaire \u00e0 l\u2019Enfance, de passage au p\u00f4le parents-enfants de l\u2019h\u00f4pital de Saint-Joseph pour promouvoir le \u00ab\u00a0cong\u00e9 suppl\u00e9mentaire de naissance\u00a0\u00bb, entr\u00e9 en vigueur mercredi.<\/p>\n<p>Issue de la loi de financement de la S\u00e9curit\u00e9 sociale, vot\u00e9e dans un contexte de crise d\u00e9mographique, la mesure permet aux nouveaux parents, adoptifs compris, de b\u00e9n\u00e9ficier d\u2019un ou de deux mois de cong\u00e9 suppl\u00e9mentaires, en plus des cong\u00e9s maternit\u00e9 ou paternit\u00e9. Ceux-ci sont indemnis\u00e9s \u00e0 hauteur de 70% du salaire le premier mois et 60% le deuxi\u00e8me. Dans le top 10 des maternit\u00e9s fran\u00e7aises, avec 4\u00a0800\u00a0naissances par an, l\u2019h\u00f4pital Saint-Joseph a d\u00e9j\u00e0 mis en place une strat\u00e9gie de communication pour tenir les parents inform\u00e9s. \u00ab\u00a0<i>Un droit n\u2019est effectif que si les personnes en ont la connaissance et peuvent en b\u00e9n\u00e9ficier<\/i><i>\u00a0<\/i>\u00bb, a soulign\u00e9 Sarah El Ha\u00efry.<\/p>\n<\/p><\/div>\n<div class=\"intext\"> Syndrome du b\u00e9b\u00e9 oubli\u00e9\n              <\/div>\n<div class=\"paragraph\">\n<p>Au pas de course, l\u2019ex-ministre s\u2019est ensuite rendue dans les locaux du nouveau Samu de Marseille pour rappeler, en cette p\u00e9riode caniculaire, les dangers du syndrome du b\u00e9b\u00e9 oubli\u00e9. \u00ab<i>\u00a0<\/i><i>\u00c7a peut arriver \u00e0 tout le monde, pour plein de raisons, parce qu\u2019on est fatigu\u00e9, parce qu\u2019on subit un changement de rythme&#8230; Il faut cr\u00e9er une cha\u00eene de vigilance collective<\/i><i>\u00a0<\/i>\u00bb, a-t-elle soulign\u00e9. Un enfant de 18 mois est mort \u00e0 Marseille la semaine pass\u00e9e, apr\u00e8s avoir \u00e9t\u00e9 oubli\u00e9 dans une voiture sur le parking de la facult\u00e9 de m\u00e9decine.<\/p>\n<\/p><\/div>\n","protected":false},"excerpt":{"rendered":"&laquo; Pour une fois, nous sommes l&agrave; pour annoncer un nouveau droit, &ccedil;a fait du bien&nbsp;&raquo;, s&rsquo;est jeudi enthousiasm&eacute;e Sarah El Ha&iuml;ry, haute-commissaire &agrave; l&rsquo;Enfance, de passage au p&ocirc;le &#8230;","protected":false},"author":1,"featured_media":35040,"comment_status":"open","ping_status":"open","sticky":false,"template":"","format":"standard","meta":{"footnotes":""},"categories":[20],"tags":[10,132,3416,2907,2327,16,2891,497,2332],"news-destination":[],"news-source":[475],"is_homepage":[],"ta_other":[],"class_list":["post-35039","post","type-post","status-publish","format-standard","has-post-thumbnail","hentry","category-societe","tag-bouches-du-rhone","tag-communication","tag-conge","tag-enfance","tag-faculte-de-medecine","tag-marseille","tag-maternite","tag-ministre","tag-naissance","news-source-website"],"_links":{"self":[{"href":"https:\/\/euapp01.newsmemory.com\/lamarseillaise\/news\/wp-json\/wp\/v2\/posts\/35039","targetHints":{"allow":["GET"]}}],"collection":[{"href":"https:\/\/euapp01.newsmemory.com\/lamarseillaise\/news\/wp-json\/wp\/v2\/posts"}],"about":[{"href":"https:\/\/euapp01.newsmemory.com\/lamarseillaise\/news\/wp-json\/wp\/v2\/types\/post"}],"author":[{"embeddable":true,"href":"https:\/\/euapp01.newsmemory.com\/lamarseillaise\/news\/wp-json\/wp\/v2\/users\/1"}],"replies":[{"embeddable":true,"href":"https:\/\/euapp01.newsmemory.com\/lamarseillaise\/news\/wp-json\/wp\/v2\/comments?post=35039"}],"version-history":[{"count":1,"href":"https:\/\/euapp01.newsmemory.com\/lamarseillaise\/news\/wp-json\/wp\/v2\/posts\/35039\/revisions"}],"predecessor-version":[{"id":35041,"href":"https:\/\/euapp01.newsmemory.com\/lamarseillaise\/news\/wp-json\/wp\/v2\/posts\/35039\/revisions\/35041"}],"wp:featuredmedia":[{"embeddable":true,"href":"https:\/\/euapp01.newsmemory.com\/lamarseillaise\/news\/wp-json\/wp\/v2\/media\/35040"}],"wp:attachment":[{"href":"https:\/\/euapp01.newsmemory.com\/lamarseillaise\/news\/wp-json\/wp\/v2\/media?parent=35039"}],"wp:term":[{"taxonomy":"category","embeddable":true,"href":"https:\/\/euapp01.newsmemory.com\/lamarseillaise\/news\/wp-json\/wp\/v2\/categories?post=35039"},{"taxonomy":"post_tag","embeddable":true,"href":"https:\/\/euapp01.newsmemory.com\/lamarseillaise\/news\/wp-json\/wp\/v2\/tags?post=35039"},{"taxonomy":"news-destination","embeddable":true,"href":"https:\/\/euapp01.newsmemory.com\/lamarseillaise\/news\/wp-json\/wp\/v2\/news-destination?post=35039"},{"taxonomy":"news-source","embeddable":true,"href":"https:\/\/euapp01.newsmemory.com\/lamarseillaise\/news\/wp-json\/wp\/v2\/news-source?post=35039"},{"taxonomy":"is_homepage","embeddable":true,"href":"https:\/\/euapp01.newsmemory.com\/lamarseillaise\/news\/wp-json\/wp\/v2\/is_homepage?post=35039"},{"taxonomy":"ta_other","embeddable":true,"href":"https:\/\/euapp01.newsmemory.com\/lamarseillaise\/news\/wp-json\/wp\/v2\/ta_other?post=35039"}],"curies":[{"name":"wp","href":"https:\/\/api.w.org\/{rel}","templated":true}]}}