{"id":35033,"date":"2026-07-03T07:59:00","date_gmt":"2026-07-03T05:59:00","guid":{"rendered":"https:\/\/euapp01.newsmemory.com\/lamarseillaise\/news\/?p=35033"},"modified":"2026-07-07T08:57:51","modified_gmt":"2026-07-07T06:57:51","slug":"entretien-jean-marie-battini-npa-jean-luc-melenchon-est-un-reformiste-radical","status":"publish","type":"post","link":"https:\/\/euapp01.newsmemory.com\/lamarseillaise\/news\/2026\/07\/03\/entretien-jean-marie-battini-npa-jean-luc-melenchon-est-un-reformiste-radical\/","title":{"rendered":"[Entretien] Jean-Marie Battini, NPA : \u00ab&nbsp;Jean-Luc M\u00e9lenchon est un r\u00e9formiste radical&nbsp;\u00bb"},"content":{"rendered":"<div class=\"paragraph\">\n<p><b>La Marseillaise<\/b><b>\u00a0<\/b><b>:<\/b> <b>La conf\u00e9rence nationale du NPA a d\u00e9cid\u00e9 samedi de ne pas pr\u00e9senter de candidat \u00e0 la pr\u00e9sidentielle et de soutenir Jean-Luc M\u00e9lenchon. Comment accueillez-vous cette d\u00e9cision<\/b><b>\u00a0<\/b><b>? <\/b><\/p>\n<p>Jean-Marie Battini\u00a0: Relativement mal. Je ne suis pas du tout d\u2019accord avec cela, nous avons \u00e9t\u00e9 20% dans le parti et 50% dans les Bouches-du-Rh\u00f4ne \u00e0 voter pour une plateforme demandant que le NPA ait une candidature. Nous ne pouvons pas nous rallier \u00e0 quelqu\u2019un avec qui on sait tr\u00e8s bien qu\u2019on ne sera pas d\u2019accord sur certains points. On peut nous dire qu\u2019il faut d\u00e9fendre les candidatures antilib\u00e9rales, mais je ne me consid\u00e8re pas comment antilib\u00e9ral, je suis simplement anticapitaliste\u00a0! Nous avons un discours \u00e0 tenir, des propositions \u00e0 faire que ne fera pas Jean-Luc M\u00e9lenchon.<\/p>\n<p><b>\u00c0 quoi aurait servi une candidature<\/b><b>\u00a0<\/b><b>?<\/b><\/p>\n<p>J.-M.B.\u00a0: Malheureusement, dans le cadre des institutions de la V<sup>e<\/sup>\u00a0R\u00e9publique, on sait que l\u2019\u00e9lection pr\u00e9sidentielle est l\u2019\u00e9ch\u00e9ance centrale, celle qui mobilise le plus le d\u00e9bat politique. Nous avons r\u00e9ussi \u00e0 nous faire entendre ces derni\u00e8res ann\u00e9es parce qu\u2019on a pr\u00e9sent\u00e9 Olivier Besancenot puis Philippe Poutou. On ne va pas nous entendre si on est un soutien \u00e0 Jean-Luc M\u00e9lenchon\u00a0! Je peux comprendre qu\u2019il y a un risque d\u2019extr\u00eame droite. Pourquoi pas une candidature unitaire, mais qui nous dit que celle de M\u00e9lenchon serait la meilleure\u00a0? On aurait aussi tr\u00e8s bien pu pr\u00e9senter une candidature, aller \u00e0 la recherche des parrainages, et si les sondages montrent que le RN risque d\u2019\u00eatre \u00e9lu, se retirer. Mais l\u00e0, pour moi, c\u2019est une erreur, nous n\u2019aurons aucun poids dans cette campagne. C\u2019est une capitulation en rase campagne.<\/p>\n<p><b>Vous en tirez quelles conclusions<\/b><b>\u00a0<\/b><b>? <\/b><b><\/b><\/p>\n<p>J.-M.B.\u00a0: Pour l\u2019instant je me mets en retrait. Je ne ferai pas cette campagne. Je continuerai \u00e0 d\u00e9fendre les id\u00e9es du NPA mais je sais tr\u00e8s bien qu\u2019au niveau des grands m\u00e9dias on n\u2019int\u00e9ressera plus personne. Et je ne vois pas pourquoi on soutiendrait plus Jean-Luc M\u00e9lenchon que les autres candidats de la vraie gauche, les organisations que l\u2019on rencontre dans les luttes\u00a0: j\u2019y vois la France insoumise, mais aussi le PCF, Lutte ouvri\u00e8re. Le PS n\u2019y est pas. Pourquoi sp\u00e9cialement Jean-Luc M\u00e9lenchon\u00a0? Pour moi ce n\u2019est pas suffisant. C\u2019est un r\u00e9formiste radical, mais ce qu\u2019il faut c\u2019est un discours plus r\u00e9volutionnaire et nettement anticapitaliste. Je reste dans mon parti, je verrai bien \u00e0 l\u2019issue de l\u2019\u00e9lection. Il y aura un congr\u00e8s, on en tirera le bilan. Mais pour le moment je ne me sens pas l\u00e9gitime pour \u00eatre porte-parole du parti.<\/p>\n<\/p><\/div>\n","protected":false},"excerpt":{"rendered":"La Marseillaise&nbsp;: La conf&eacute;rence nationale du NPA a d&eacute;cid&eacute; samedi de ne pas pr&eacute;senter de candidat &agrave; la pr&eacute;sidentielle et de soutenir Jean-Luc M&eacute;lenchon. Comment accueillez-vous cette &#8230;","protected":false},"author":1,"featured_media":35034,"comment_status":"open","ping_status":"open","sticky":false,"template":"","format":"standard","meta":{"footnotes":""},"categories":[3926,3925,330],"tags":[10,433,343,541,16,550,677],"news-destination":[3944],"news-source":[475],"is_homepage":[],"ta_other":[],"class_list":["post-35033","post","type-post","status-publish","format-standard","has-post-thumbnail","hentry","category-accueil-merge","category-accueil-third","category-politique","tag-bouches-du-rhone","tag-elections","tag-entretien","tag-lfi","tag-marseille","tag-npa","tag-presidentielle","news-destination-homepage","news-source-website"],"_links":{"self":[{"href":"https:\/\/euapp01.newsmemory.com\/lamarseillaise\/news\/wp-json\/wp\/v2\/posts\/35033","targetHints":{"allow":["GET"]}}],"collection":[{"href":"https:\/\/euapp01.newsmemory.com\/lamarseillaise\/news\/wp-json\/wp\/v2\/posts"}],"about":[{"href":"https:\/\/euapp01.newsmemory.com\/lamarseillaise\/news\/wp-json\/wp\/v2\/types\/post"}],"author":[{"embeddable":true,"href":"https:\/\/euapp01.newsmemory.com\/lamarseillaise\/news\/wp-json\/wp\/v2\/users\/1"}],"replies":[{"embeddable":true,"href":"https:\/\/euapp01.newsmemory.com\/lamarseillaise\/news\/wp-json\/wp\/v2\/comments?post=35033"}],"version-history":[{"count":1,"href":"https:\/\/euapp01.newsmemory.com\/lamarseillaise\/news\/wp-json\/wp\/v2\/posts\/35033\/revisions"}],"predecessor-version":[{"id":35035,"href":"https:\/\/euapp01.newsmemory.com\/lamarseillaise\/news\/wp-json\/wp\/v2\/posts\/35033\/revisions\/35035"}],"wp:featuredmedia":[{"embeddable":true,"href":"https:\/\/euapp01.newsmemory.com\/lamarseillaise\/news\/wp-json\/wp\/v2\/media\/35034"}],"wp:attachment":[{"href":"https:\/\/euapp01.newsmemory.com\/lamarseillaise\/news\/wp-json\/wp\/v2\/media?parent=35033"}],"wp:term":[{"taxonomy":"category","embeddable":true,"href":"https:\/\/euapp01.newsmemory.com\/lamarseillaise\/news\/wp-json\/wp\/v2\/categories?post=35033"},{"taxonomy":"post_tag","embeddable":true,"href":"https:\/\/euapp01.newsmemory.com\/lamarseillaise\/news\/wp-json\/wp\/v2\/tags?post=35033"},{"taxonomy":"news-destination","embeddable":true,"href":"https:\/\/euapp01.newsmemory.com\/lamarseillaise\/news\/wp-json\/wp\/v2\/news-destination?post=35033"},{"taxonomy":"news-source","embeddable":true,"href":"https:\/\/euapp01.newsmemory.com\/lamarseillaise\/news\/wp-json\/wp\/v2\/news-source?post=35033"},{"taxonomy":"is_homepage","embeddable":true,"href":"https:\/\/euapp01.newsmemory.com\/lamarseillaise\/news\/wp-json\/wp\/v2\/is_homepage?post=35033"},{"taxonomy":"ta_other","embeddable":true,"href":"https:\/\/euapp01.newsmemory.com\/lamarseillaise\/news\/wp-json\/wp\/v2\/ta_other?post=35033"}],"curies":[{"name":"wp","href":"https:\/\/api.w.org\/{rel}","templated":true}]}}