{"id":35030,"date":"2026-07-03T07:27:00","date_gmt":"2026-07-03T05:27:00","guid":{"rendered":"https:\/\/euapp01.newsmemory.com\/lamarseillaise\/news\/?p=35030"},"modified":"2026-07-07T08:17:22","modified_gmt":"2026-07-07T06:17:22","slug":"la-cgt-demonte-une-entreprise-de-conquete-ideologique","status":"publish","type":"post","link":"https:\/\/euapp01.newsmemory.com\/lamarseillaise\/news\/2026\/07\/03\/la-cgt-demonte-une-entreprise-de-conquete-ideologique\/","title":{"rendered":"La CGT d\u00e9monte une entreprise de conqu\u00eate id\u00e9ologique"},"content":{"rendered":"<div class=\"paragraph\">\n<p>Depuis l\u2019automne, la CGT \u00c9duc\u2019Action essaie d\u2019alerter sur un livret mal nomm\u00e9 Passeport du civisme, diffus\u00e9 dans plusieurs communes de l\u2019acad\u00e9mie de Nice, \u00ab\u00a0<i>qui cherche \u00e0 faire de l\u2019\u00e9cole un terrain de conqu\u00eate id\u00e9ologique<\/i><i>\u00a0<\/i>\u00bb. Nous avions relay\u00e9 dans nos colonnes le 24 novembre la lettre ouverte envoy\u00e9e \u00e0 la rectrice. Nos confr\u00e8res du <i>Canard Encha\u00een\u00e9 <\/i>venant de r\u00e9v\u00e9ler<i> <\/i>le pilotage par l\u2019extr\u00eame droite<i> <\/i>de ce document pr\u00e9sent\u00e9 comme p\u00e9dagogique.<i> <\/i><\/p>\n<p>Parmi les soutiens de ce \u00ab\u00a0passeport\u00a0\u00bb mis en avant, figurent Geoffroy Boulard, maire parisien proche de la Manif pour tous, et David Lisnard, maire de Cannes. Et l\u2019association qui porte le dispositif est financ\u00e9e par le \u00ab\u00a0Fonds du bien commun\u00a0\u00bb de Pierre-\u00c9douard St\u00e9rin. Ce milliardaire \u00ab\u00a0patriote\u00a0\u00bb et exil\u00e9 fiscal en Belgique d\u00e9clarant le 22 mars 2026, dans les colonnes du <i>New York Times<\/i>, sans ambigu\u00eft\u00e9\u00a0: \u00ab\u00a0<i>Je suis encore plus \u00e0 droite que l\u2019extr\u00eame droite.<\/i>\u00a0\u00bb Il est l\u2019initiateur du programme Patriotes, enracin\u00e9s, r\u00e9sistants, identitaires, chr\u00e9tiens, lib\u00e9raux, europ\u00e9ens, souverainistes (Pericles) qui vise explicitement \u00e0 f\u00e9d\u00e9rer toutes les forces r\u00e9actionnaires dans une entreprise de conqu\u00eate id\u00e9ologique et \u00e9lectorale, explique Olivier G\u00e9rard, le secr\u00e9taire g\u00e9n\u00e9ral de la CGT \u00c9duc\u2019Action. \u00ab\u00a0<i>Dans cette strat\u00e9gie, l\u2019\u00e9cole est \u00e0 la fois un terrain d\u2019influence, un espace de l\u00e9gitimation et une cible privil\u00e9gi\u00e9e des attaques<\/i><i>\u00a0<\/i>\u00bb, pr\u00e9cise-t-il.<\/p>\n<p>Un \u00ab\u00a0Passeport du Civisme\u00a0\u00bb diffus\u00e9 et revendiqu\u00e9 notamment par le tr\u00e8s droitier maire de Saint-Rapha\u00ebl Fr\u00e9d\u00e9ric Masquelier, qui nous r\u00e9pondait\u00a0: \u00ab\u00a0<i>Rien ne se fait pas de mani\u00e8re cach\u00e9e ou en catimini<\/i>.\u00a0\u00bb<\/p>\n<p>Il serait int\u00e9ressant de savoir ce que pense le nouveau pr\u00e9fet du Var de ce livret.<\/p>\n<\/p><\/div>\n<div class=\"intext\"> L\u2019\u00e9cole ne doit pas se taire\n              <\/div>\n<div class=\"paragraph\">\n<p>\u00ab\u00a0<i>Un Passeport du Civisme \u00e0 ce point probl\u00e9matique que le mi<\/i><i>nist\u00e8re de l\u2019\u00c9ducation nationale a retir\u00e9 son agr\u00e9ment \u00e0 l\u2019association en novembre<\/i><i>\u00a0<\/i><i>2024, au motif de lacunes<\/i> <i>p\u00e9dagogiques et d\u2019atteintes \u00e0 la neutralit\u00e9<\/i>\u00a0\u00bb, rappelle le responsable syndical.<i><\/i><\/p>\n<p>Pourquoi dans ce cas laisser faire les mairies qui continuent \u00e0 distribuer aux \u00e9l\u00e8ves dans les \u00e9coles de la R\u00e9publique cet outil de propagande\u00a0?<\/p>\n<p>\u00ab\u00a0<i>Dans un contexte o\u00f9 notre employeur invoque, use et parfois d\u00e9voie le principe de neutralit\u00e9 du service public pour encadrer strictement les personnels, il est pour le moins surprenant qu\u2019il accepte de faire de l\u2019\u00e9cole la vitrine d\u2019un programme municipal<\/i>\u00a0\u00bb, pointe \u00e9galement Olivier G\u00e9rard. Et d\u2019insister\u00a0: \u00ab\u00a0<i>C\u2019est un outil politique, financ\u00e9 par un acteur politique. Quel que soit le travestissement de son propos, il porte des valeurs qui ne sont pas celles de l\u2019\u00e9cole r\u00e9publicaine.<\/i><i>\u00a0<\/i>\u00bb<\/p>\n<p>Et pour la CGT, l\u2019\u00e9metteur plus encore que les propos parfois habill\u00e9s de bienveillance, \u00e9claire la perfidie de l\u2019intention politique, le projet id\u00e9ologique d\u00e9terminant la port\u00e9e r\u00e9elle d\u2019un discours aussi s\u00e9duisant para\u00eet-il. Comme\u00a0: \u00ab\u00a0<i>La jeunesse repr\u00e9sente l\u2019\u00e9nergie qui doit porter la nation vers son avenir<\/i>.\u00a0\u00bb Le probl\u00e8me c\u2019est que la formule vient de l\u2019ex-dictateur du Chili Augusto Pinochet, prononc\u00e9 le 9\u00a0juillet 1977, fait remarquer Olivier G\u00e9rard.<\/p>\n<p>Et de poursuivre\u00a0: \u00ab\u00a0<i>Nous savons ce que vise cette galaxie r\u00e9actionnaire. Elle se bat pour remodeler la soci\u00e9t\u00e9 selon une vision autoritaire, identitaire et in\u00e9galitaire, en faisant de l\u2019institution scolaire un instrument de normalisation id\u00e9ologique et de hi\u00e9rarchisation sociale.<\/i><i>\u00a0<\/i>\u00bb L\u2019occasion, de r\u00e9affirmer que \u00ab\u00a0<i>la CGT ne c\u00e9dera jamais, nulle part, face \u00e0 l\u2019extr\u00eame droite<\/i><i>\u00a0<\/i>\u00bb. Pas question donc d\u2019accepter les pressions, intimidations, tentatives d\u2019entrisme et les r\u00e9cits identitaires. Le responsable syndical conclut\u00a0: \u00ab\u00a0<i>L\u2019\u00c9cole ne doit pas se taire au nom d\u2019une neutralit\u00e9 d\u00e9voy\u00e9e, mais tenir droite, <\/i><i>fid\u00e8le \u00e0 sa mission, et refuser de devenir le terrain d\u2019une id\u00e9ologie qui nie l\u2019\u00e9galit\u00e9 et fragilise la d\u00e9mocratie. La CGT, elle, ne l\u00e2chera jamais rien<\/i>.\u00a0\u00bb<\/p>\n<p><i>La Marseillaise <\/i>non plus.<\/p>\n<\/p><\/div>\n","protected":false},"excerpt":{"rendered":"Depuis l&rsquo;automne, la CGT &Eacute;duc&rsquo;Action essaie d&rsquo;alerter sur un livret mal nomm&eacute; Passeport du civisme, diffus&eacute; dans plusieurs communes de l&rsquo;acad&eacute;mie de Nice, &laquo;&nbsp;qui cherche &agrave; faire de &#8230;","protected":false},"author":1,"featured_media":35031,"comment_status":"open","ping_status":"open","sticky":false,"template":"","format":"standard","meta":{"footnotes":""},"categories":[3926,3925,330,331,20],"tags":[113,803,411,410,441,1063,5859,31],"news-destination":[3944],"news-source":[475],"is_homepage":[],"ta_other":[],"class_list":["post-35030","post","type-post","status-publish","format-standard","has-post-thumbnail","hentry","category-accueil-merge","category-accueil-third","category-politique","category-social","category-societe","tag-cgt","tag-ecole","tag-ecoles","tag-education","tag-extreme-droite","tag-jeunesse","tag-reactionnaires","tag-var","news-destination-homepage","news-source-website"],"_links":{"self":[{"href":"https:\/\/euapp01.newsmemory.com\/lamarseillaise\/news\/wp-json\/wp\/v2\/posts\/35030","targetHints":{"allow":["GET"]}}],"collection":[{"href":"https:\/\/euapp01.newsmemory.com\/lamarseillaise\/news\/wp-json\/wp\/v2\/posts"}],"about":[{"href":"https:\/\/euapp01.newsmemory.com\/lamarseillaise\/news\/wp-json\/wp\/v2\/types\/post"}],"author":[{"embeddable":true,"href":"https:\/\/euapp01.newsmemory.com\/lamarseillaise\/news\/wp-json\/wp\/v2\/users\/1"}],"replies":[{"embeddable":true,"href":"https:\/\/euapp01.newsmemory.com\/lamarseillaise\/news\/wp-json\/wp\/v2\/comments?post=35030"}],"version-history":[{"count":1,"href":"https:\/\/euapp01.newsmemory.com\/lamarseillaise\/news\/wp-json\/wp\/v2\/posts\/35030\/revisions"}],"predecessor-version":[{"id":35032,"href":"https:\/\/euapp01.newsmemory.com\/lamarseillaise\/news\/wp-json\/wp\/v2\/posts\/35030\/revisions\/35032"}],"wp:featuredmedia":[{"embeddable":true,"href":"https:\/\/euapp01.newsmemory.com\/lamarseillaise\/news\/wp-json\/wp\/v2\/media\/35031"}],"wp:attachment":[{"href":"https:\/\/euapp01.newsmemory.com\/lamarseillaise\/news\/wp-json\/wp\/v2\/media?parent=35030"}],"wp:term":[{"taxonomy":"category","embeddable":true,"href":"https:\/\/euapp01.newsmemory.com\/lamarseillaise\/news\/wp-json\/wp\/v2\/categories?post=35030"},{"taxonomy":"post_tag","embeddable":true,"href":"https:\/\/euapp01.newsmemory.com\/lamarseillaise\/news\/wp-json\/wp\/v2\/tags?post=35030"},{"taxonomy":"news-destination","embeddable":true,"href":"https:\/\/euapp01.newsmemory.com\/lamarseillaise\/news\/wp-json\/wp\/v2\/news-destination?post=35030"},{"taxonomy":"news-source","embeddable":true,"href":"https:\/\/euapp01.newsmemory.com\/lamarseillaise\/news\/wp-json\/wp\/v2\/news-source?post=35030"},{"taxonomy":"is_homepage","embeddable":true,"href":"https:\/\/euapp01.newsmemory.com\/lamarseillaise\/news\/wp-json\/wp\/v2\/is_homepage?post=35030"},{"taxonomy":"ta_other","embeddable":true,"href":"https:\/\/euapp01.newsmemory.com\/lamarseillaise\/news\/wp-json\/wp\/v2\/ta_other?post=35030"}],"curies":[{"name":"wp","href":"https:\/\/api.w.org\/{rel}","templated":true}]}}