{"id":35021,"date":"2026-07-03T07:47:00","date_gmt":"2026-07-03T05:47:00","guid":{"rendered":"https:\/\/euapp01.newsmemory.com\/lamarseillaise\/news\/?p=35021"},"modified":"2026-07-07T08:37:49","modified_gmt":"2026-07-07T06:37:49","slug":"entretien-igor-zamichiei-pcf-lelection-presidentielle-est-un-moment-de-lutte-de-classe","status":"publish","type":"post","link":"https:\/\/euapp01.newsmemory.com\/lamarseillaise\/news\/2026\/07\/03\/entretien-igor-zamichiei-pcf-lelection-presidentielle-est-un-moment-de-lutte-de-classe\/","title":{"rendered":"[Entretien] Igor Zamichiei, PCF : \u00ab&nbsp;L\u2019\u00e9lection pr\u00e9sidentielle est un moment de lutte de classe&nbsp;\u00bb"},"content":{"rendered":"<div class=\"paragraph\">\n<p><b>La Marseillaise :<\/b> <b>Le 40<\/b><b><sup>e<\/sup><\/b><b> congr\u00e8s du PCF s\u2019ouvre ce vendredi \u00e0 Lille. Avec quel \u00e9tat d\u2019esprit l\u2019abordez-vousj\u2019ai relu et prolexis\u00e9, tu peux le prendre<\/b><b>\u00a0<\/b><b>? <\/b><\/p>\n<p>Igor Zamichiei<b>\u00a0<\/b>: C\u2019est un congr\u00e8s tr\u00e8s important : <b>\u00a0<\/b>dans la nouvelle \u00e9tape de la crise du capitalisme, il ambitionne de redonner une perspective au pays et \u00e0 la gauche. C\u2019est le sens du texte que nous avons adopt\u00e9, \u00ab\u00a0<i>Un communisme de conqu\u00eate<\/i>\u00a0\u00bb, qui vise \u00e0 ouvrir un chemin politique pour la conqu\u00eate de nouveaux pouvoirs par le monde du travail.<\/p>\n<p><b>Parmi les concepts cl\u00e9s au c\u0153ur <br \/>du d\u00e9bat, il y a l\u2019id\u00e9e de d\u00e9fendre <br \/>un socialisme aux couleurs de <br \/>la France. Pourquoi cette id\u00e9e fait-elle son retour<\/b><b>\u00a0<\/b><b>?<\/b><\/p>\n<p>I.Z.<b>\u00a0<\/b>: On assume de reparler du socialisme, non comme une formule nostalgique, mais vraiment comme un processus de transformation sociale pour l\u2019\u00e9mancipation humaine, en prise avec les r\u00e9alit\u00e9s du XXI<sup>e<\/sup><b>\u00a0<\/b>si\u00e8cle. Le socialisme que l\u2019on porte dans ce texte, c\u2019est le pouvoir des travailleurs et des travailleuses sur l\u2019\u00e9conomie, sur le travail, sur l\u2019argent et sur l\u2019avenir du pays, pour la r\u00e9ponse aux besoins, \u00e0 l\u2019\u00e9cologie, \u00e0 la n\u00e9cessit\u00e9 de la paix. Pour cela, nous mettons en avant plusieurs piliers<b>\u00a0<\/b>: la planification d\u00e9mocratique, l\u2019appropriation sociale et publique des moyens de production, l\u2019\u00e9mancipation culturelle.<\/p>\n<p><b>Les militants ont fait le choix de la base commune qui d\u00e9fend la l\u00e9gitimit\u00e9 d\u2019une candidature communiste. Pourquoi choisir ce chemin<\/b><b>\u00a0<\/b><b>?<\/b><\/p>\n<p>I.Z.<b>\u00a0<\/b>: Nous abordons 2027 avec beaucoup de gravit\u00e9. Pour battre l\u2019extr\u00eame droite, renforcer la gauche et gagner des avanc\u00e9es pour la classe travailleuse. Ces \u00e9lections, pr\u00e9sidentielle et l\u00e9gislatives, ne sont pas une parenth\u00e8se institutionnelle, c\u2019est un moment de lutte de classe. C\u2019est une des raisons de la candidature communiste. Nous voulons mettre \u00e0 disposition du pays une candidature qui met au centre du d\u00e9bat les salaires, l\u2019emploi, une nouvelle politique industrielle, sociale et \u00e9cologique, la paix. Et une candidature qui serve aussi \u00e0 pr\u00e9parer les l\u00e9gislatives parce que l\u2019enjeu c\u2019est aussi de faire \u00e9lire le plus grand nombre possible de d\u00e9put\u00e9s de gauche, et parmi eux de d\u00e9put\u00e9s communistes, qui seront utiles pour le monde du travail.<\/p>\n<p><b>Certains s\u2019inqui\u00e8tent d\u2019une division de la gauche face \u00e0 l\u2019extr\u00eame droite&#8230; <\/b><\/p>\n<p>I. Z. : Notre r\u00e9ponse \u00e0 l\u2019extr\u00eame droite, c\u2019est de reconstruire l\u2019unit\u00e9 du monde du travail. Il faut unir celles et ceux que l\u2019on cherche \u00e0 diviser, sinon nous ne renforcerons pas la gauche qui aujourd\u2019hui plafonne \u00e0 30% des intentions de vote. C\u2019est tout le sens de la candidature communiste, on fera reculer l\u2019extr\u00eame droite en r\u00e9pondant \u00e0 la col\u00e8re qui s\u2019exprime dans le pays.<\/p>\n<p><b>Fabien Roussel avait d\u00e9nonc\u00e9 les ing\u00e9rences de la France insoumise dans le d\u00e9bat des communistes. <br \/>Le message a \u00e9t\u00e9 entendu<\/b><b>\u00a0<\/b><b>?<\/b><\/p>\n<p>I.Z.<b>\u00a0<\/b>: Notre boussole est simple<b>\u00a0<\/b>: rassemblement, oui, effacement, non. Et le rassemblement doit toujours partir du r\u00e9el, pas de discussions de sommet. Malheureusement, on constate que LFI a jou\u00e9 la division aux municipales et ne con\u00e7oit le rassemblement pour la pr\u00e9sidentielle que derri\u00e8re Jean-Luc M\u00e9lenchon. Nous continuerons \u00e0 tendre la main \u00e0 toutes et tous pour combattre l\u2019extr\u00eame droite et pour gagner des avanc\u00e9es.<\/p>\n<\/p><\/div>\n","protected":false},"excerpt":{"rendered":"La Marseillaise : Le 40e congr&egrave;s du PCF s&rsquo;ouvre ce vendredi &agrave; Lille. Avec quel &eacute;tat d&rsquo;esprit l&rsquo;abordez-vous&nbsp;?","protected":false},"author":1,"featured_media":35022,"comment_status":"open","ping_status":"open","sticky":false,"template":"","format":"standard","meta":{"footnotes":""},"categories":[3926,3925,330],"tags":[942,5956,343,572,250],"news-destination":[3944],"news-source":[475],"is_homepage":[],"ta_other":[],"class_list":["post-35021","post","type-post","status-publish","format-standard","has-post-thumbnail","hentry","category-accueil-merge","category-accueil-third","category-politique","tag-congres","tag-elections-presidentielles","tag-entretien","tag-france","tag-pcf","news-destination-homepage","news-source-website"],"_links":{"self":[{"href":"https:\/\/euapp01.newsmemory.com\/lamarseillaise\/news\/wp-json\/wp\/v2\/posts\/35021","targetHints":{"allow":["GET"]}}],"collection":[{"href":"https:\/\/euapp01.newsmemory.com\/lamarseillaise\/news\/wp-json\/wp\/v2\/posts"}],"about":[{"href":"https:\/\/euapp01.newsmemory.com\/lamarseillaise\/news\/wp-json\/wp\/v2\/types\/post"}],"author":[{"embeddable":true,"href":"https:\/\/euapp01.newsmemory.com\/lamarseillaise\/news\/wp-json\/wp\/v2\/users\/1"}],"replies":[{"embeddable":true,"href":"https:\/\/euapp01.newsmemory.com\/lamarseillaise\/news\/wp-json\/wp\/v2\/comments?post=35021"}],"version-history":[{"count":2,"href":"https:\/\/euapp01.newsmemory.com\/lamarseillaise\/news\/wp-json\/wp\/v2\/posts\/35021\/revisions"}],"predecessor-version":[{"id":35095,"href":"https:\/\/euapp01.newsmemory.com\/lamarseillaise\/news\/wp-json\/wp\/v2\/posts\/35021\/revisions\/35095"}],"wp:featuredmedia":[{"embeddable":true,"href":"https:\/\/euapp01.newsmemory.com\/lamarseillaise\/news\/wp-json\/wp\/v2\/media\/35022"}],"wp:attachment":[{"href":"https:\/\/euapp01.newsmemory.com\/lamarseillaise\/news\/wp-json\/wp\/v2\/media?parent=35021"}],"wp:term":[{"taxonomy":"category","embeddable":true,"href":"https:\/\/euapp01.newsmemory.com\/lamarseillaise\/news\/wp-json\/wp\/v2\/categories?post=35021"},{"taxonomy":"post_tag","embeddable":true,"href":"https:\/\/euapp01.newsmemory.com\/lamarseillaise\/news\/wp-json\/wp\/v2\/tags?post=35021"},{"taxonomy":"news-destination","embeddable":true,"href":"https:\/\/euapp01.newsmemory.com\/lamarseillaise\/news\/wp-json\/wp\/v2\/news-destination?post=35021"},{"taxonomy":"news-source","embeddable":true,"href":"https:\/\/euapp01.newsmemory.com\/lamarseillaise\/news\/wp-json\/wp\/v2\/news-source?post=35021"},{"taxonomy":"is_homepage","embeddable":true,"href":"https:\/\/euapp01.newsmemory.com\/lamarseillaise\/news\/wp-json\/wp\/v2\/is_homepage?post=35021"},{"taxonomy":"ta_other","embeddable":true,"href":"https:\/\/euapp01.newsmemory.com\/lamarseillaise\/news\/wp-json\/wp\/v2\/ta_other?post=35021"}],"curies":[{"name":"wp","href":"https:\/\/api.w.org\/{rel}","templated":true}]}}