{"id":35018,"date":"2026-07-03T07:42:00","date_gmt":"2026-07-03T05:42:00","guid":{"rendered":"https:\/\/euapp01.newsmemory.com\/lamarseillaise\/news\/?p=35018"},"modified":"2026-07-03T10:17:58","modified_gmt":"2026-07-03T08:17:58","slug":"energies-poetiques-au-marseille-jazz-des-cinq-continents","status":"publish","type":"post","link":"https:\/\/euapp01.newsmemory.com\/lamarseillaise\/news\/2026\/07\/03\/energies-poetiques-au-marseille-jazz-des-cinq-continents\/","title":{"rendered":"\u00c9nergies po\u00e9tiques au Marseille jazz des cinq continents"},"content":{"rendered":"<div class=\"paragraph\">\n<p>Apr\u00e8s avoir fait virevolter jeudi <a href=\"https:\/\/www.lamarseillaise.fr\/culture\/la-musique-de-carla-bley-peut-toucher-tout-le-monde-PF20434964\">l\u2019Orchestre national de jazz dans le r\u00e9pertoire luxuriant de la cheffe et compositrice am\u00e9ricaine Carla Bley<\/a>, le Marseille jazz des cinq continents met le cap, vendredi 3 juillet, vers l\u2019\u00c9gypte. Un pays dans lequel le chanteur et po\u00e8te Abdullah Miniawy, en concert \u00e0 la Vieille Charit\u00e9, a \u00e9migr\u00e9 en 2011. Cette ann\u00e9e-l\u00e0, la R\u00e9volution \u00e9gyptienne \u00e9clate en r\u00e9action notamment \u00e0 la corruption du pouvoir et \u00e0 l\u2019incapacit\u00e9 des classes populaires \u00e0 vivre dignement, se soldant par la d\u00e9mission du pr\u00e9sident Hosni Moubarak. En 2023, son projet Le Cri du Caire observait les cendres de cette \u00e9poque.<\/p>\n<p>Voil\u00e0 d\u00e9sormais ce \u00ab\u00a0descendant contemporain de la tradition soufi\u00a0\u00bb, qualifie le festival, qui entrem\u00eale ses scansions \u00e0 vis\u00e9es universelles aux cuivres r\u00e9dempteurs de Robinson Khoury, Jules Boittin (trombones) et du trompettiste Erik Truffaz, dans <i>Peacock dreams. <\/i>Son dernier album en date qu\u2019il fera entendre aux c\u00f4t\u00e9s de ces musiciens \u00e0 Marseille, lors d\u2019un concert dont la premi\u00e8re partie sera assur\u00e9e par Ubaq, trio basse-guitare-batterie \u00e0 la musique ombrageuse et teint\u00e9e d\u2019\u00e9clats de lumi\u00e8re comme l\u2019ubac d\u2019une vall\u00e9e, ce versant moins ensoleill\u00e9 n\u00e9anmoins s\u00fbr.<\/p>\n<\/p><\/div>\n<div class=\"intext\"> Forces \u00ab\u00a0diluviennes\u00a0\u00bb\n              <\/div>\n<div class=\"paragraph\">\n<p>Le lendemain, c\u2019est la chanteuse franco-br\u00e9silienne Gildaa qui lancera le bal en ces m\u00eames lieux \u00e0 20h. Alternant violon, percussions et kora, cette artiste \u00e0 la voix indomptable et aux <i>Pens\u00e9es diluviennes<\/i>, sugg\u00e8re l\u2019un de ses titres, livrera un spectacle aux accents de th\u00e9\u00e2tre. Gabriel Gosse prendra le relais de la soir\u00e9e \u00e0 21h. L\u2019occasion pour ce chanteur et guitariste de d\u00e9fendre sur sc\u00e8ne<i> Mojo<\/i>, son deuxi\u00e8me album diablement funky.<\/p>\n<\/p><\/div>\n<div class=\"paragraph\">\n<p><i>Les 3 et 4 juillet \u00e0 la Vieille Charit\u00e9, \u00e0 partir de 20h.<br \/>15 euros pour les moins de 18 ans et 35<\/i><i>\u00a0<\/i><i>euros en tarif plein. <a rel=\"nofollow\" href=\"https:\/\/www.marseillejazz.com\/\">www.marseillejazz.com<\/a><\/i><\/p>\n<\/p><\/div>\n","protected":false},"excerpt":{"rendered":"Apr&egrave;s avoir fait virevolter jeudi l&rsquo;Orchestre national de jazz dans le r&eacute;pertoire luxuriant de la cheffe et compositrice am&eacute;ricaine Carla Bley, le Marseille jazz des cinq continents met le cap, vendredi 3 juillet, vers &#8230;","protected":false},"author":1,"featured_media":35019,"comment_status":"open","ping_status":"open","sticky":false,"template":"","format":"standard","meta":{"footnotes":""},"categories":[32],"tags":[10,400,40,5763,16,325],"news-destination":[],"news-source":[475],"is_homepage":[],"ta_other":[],"class_list":["post-35018","post","type-post","status-publish","format-standard","has-post-thumbnail","hentry","category-culture","tag-bouches-du-rhone","tag-concerts","tag-jazz","tag-jazz-des-cinq-continents","tag-marseille","tag-musique","news-source-website"],"_links":{"self":[{"href":"https:\/\/euapp01.newsmemory.com\/lamarseillaise\/news\/wp-json\/wp\/v2\/posts\/35018","targetHints":{"allow":["GET"]}}],"collection":[{"href":"https:\/\/euapp01.newsmemory.com\/lamarseillaise\/news\/wp-json\/wp\/v2\/posts"}],"about":[{"href":"https:\/\/euapp01.newsmemory.com\/lamarseillaise\/news\/wp-json\/wp\/v2\/types\/post"}],"author":[{"embeddable":true,"href":"https:\/\/euapp01.newsmemory.com\/lamarseillaise\/news\/wp-json\/wp\/v2\/users\/1"}],"replies":[{"embeddable":true,"href":"https:\/\/euapp01.newsmemory.com\/lamarseillaise\/news\/wp-json\/wp\/v2\/comments?post=35018"}],"version-history":[{"count":1,"href":"https:\/\/euapp01.newsmemory.com\/lamarseillaise\/news\/wp-json\/wp\/v2\/posts\/35018\/revisions"}],"predecessor-version":[{"id":35020,"href":"https:\/\/euapp01.newsmemory.com\/lamarseillaise\/news\/wp-json\/wp\/v2\/posts\/35018\/revisions\/35020"}],"wp:featuredmedia":[{"embeddable":true,"href":"https:\/\/euapp01.newsmemory.com\/lamarseillaise\/news\/wp-json\/wp\/v2\/media\/35019"}],"wp:attachment":[{"href":"https:\/\/euapp01.newsmemory.com\/lamarseillaise\/news\/wp-json\/wp\/v2\/media?parent=35018"}],"wp:term":[{"taxonomy":"category","embeddable":true,"href":"https:\/\/euapp01.newsmemory.com\/lamarseillaise\/news\/wp-json\/wp\/v2\/categories?post=35018"},{"taxonomy":"post_tag","embeddable":true,"href":"https:\/\/euapp01.newsmemory.com\/lamarseillaise\/news\/wp-json\/wp\/v2\/tags?post=35018"},{"taxonomy":"news-destination","embeddable":true,"href":"https:\/\/euapp01.newsmemory.com\/lamarseillaise\/news\/wp-json\/wp\/v2\/news-destination?post=35018"},{"taxonomy":"news-source","embeddable":true,"href":"https:\/\/euapp01.newsmemory.com\/lamarseillaise\/news\/wp-json\/wp\/v2\/news-source?post=35018"},{"taxonomy":"is_homepage","embeddable":true,"href":"https:\/\/euapp01.newsmemory.com\/lamarseillaise\/news\/wp-json\/wp\/v2\/is_homepage?post=35018"},{"taxonomy":"ta_other","embeddable":true,"href":"https:\/\/euapp01.newsmemory.com\/lamarseillaise\/news\/wp-json\/wp\/v2\/ta_other?post=35018"}],"curies":[{"name":"wp","href":"https:\/\/api.w.org\/{rel}","templated":true}]}}