{"id":35015,"date":"2026-07-03T07:25:00","date_gmt":"2026-07-03T05:25:00","guid":{"rendered":"https:\/\/euapp01.newsmemory.com\/lamarseillaise\/news\/?p=35015"},"modified":"2026-07-07T08:17:22","modified_gmt":"2026-07-07T06:17:22","slug":"les-sites-cezanniens-rouvrent-et-devoilent-de-nouvelles-histoires","status":"publish","type":"post","link":"https:\/\/euapp01.newsmemory.com\/lamarseillaise\/news\/2026\/07\/03\/les-sites-cezanniens-rouvrent-et-devoilent-de-nouvelles-histoires\/","title":{"rendered":"Les sites c\u00e9zanniens rouvrent et d\u00e9voilent de nouvelles histoires"},"content":{"rendered":"<div class=\"paragraph\">\n<p>R\u00e9v\u00e9l\u00e9s au grand jour \u00e0 l\u2019occasion de l\u2019Ann\u00e9e C\u00e9zanne, ces deux sites avaient ensuite ferm\u00e9 afin de poursuivre leur restauration. Pr\u00e8s d\u2019un an plus tard, la Bastide du Jas de Bouffan, demeure de jeunesse du peintre Paul C\u00e9zanne, et l\u2019Atelier des Lauves, nich\u00e9 sur les hauteurs d\u2019Aix et t\u00e9moin de ses derni\u00e8res ann\u00e9es, accueillent \u00e0 nouveau le grand public. D\u00e8s ce samedi 4 juillet, les visiteurs pourront (re)d\u00e9couvrir ces deux lieux embl\u00e9matiques jusqu\u2019au 31 octobre 2026, avant une nouvelle fermeture programm\u00e9e.<\/p>\n<p>Derri\u00e8re les murs de ces sites charg\u00e9s d\u2019histoire, les travaux de restauration se sont poursuivis avec minutie afin de leur redonner leur \u00e9clat d\u2019antan, explique Pierre Laforest, administrateur des sites c\u00e9zanniens. Parall\u00e8lement, un important programme de recherche scientifique est en cours. Dans la ferme de la Bastide, la Soci\u00e9t\u00e9 Paul C\u00e9zanne, cofond\u00e9e par Denis Coutagne en 1998, va s\u2019installer pour y d\u00e9velopper un centre international de recherche et documentation d\u00e9di\u00e9 au peintre.<\/p>\n<p>\u00ab<i>\u00a0<\/i><i>L\u2019engagement de la Ville \u00e9tait de rouvrir ces sites tout en tenant le pari de montrer des monuments en cours de restauration, pour permettre aux visiteurs de se familiariser avec le travail patrimonial de restauration, de diagnostic et de d\u00e9couverte. Des recherches qui nous am\u00e8nent \u00e0 mieux conna\u00eetre le peintre<\/i><i>\u00a0<\/i>\u00bb<i>, <\/i>note la direction du Patrimoine de la Ville.<\/p>\n<p>\u00ab<i>\u00a0<\/i><i>Ouvrir tous les ans au public impose une organisation particuli\u00e8re. Ici, on fait des \u00e9tudes fondamentales, en m\u00eame temps que des travaux, de la mus\u00e9ographie et tous les lots techniques. \u00c7a donne quelque chose d\u2019\u00e9tonnant, y compris aupr\u00e8s de nos partenaires<\/i><i>\u00a0<\/i>\u00bb<i>,<\/i> souligne David Kirchthaler, charg\u00e9 des op\u00e9rations monument historique pour la Ville d\u2019Aix.<\/p>\n<p>D\u00e8s samedi, les visiteurs pourront se plonger dans les premiers pas de C\u00e9zanne en tant que peintre, mais aussi dans l\u2019histoire de la Bastide et de sa restauration. Ils pourront d\u00e9couvrir l\u2019Atelier des Lauves, recr\u00e9\u00e9 presque \u00e0 l\u2019identique, \u00e0 l\u2019int\u00e9rieur comme \u00e0 l\u2019ext\u00e9rieur. Les oliveraies de l\u2019\u00e9poque c\u00e9zannienne y ont \u00e9t\u00e9 replant\u00e9es et retrouveront, \u00e0 terme, l\u2019aspect du paysage immortalis\u00e9 par le ma\u00eetre aixois.<\/p>\n<\/p><\/div>\n","protected":false},"excerpt":{"rendered":"R&eacute;v&eacute;l&eacute;s au grand jour &agrave; l&rsquo;occasion de l&rsquo;Ann&eacute;e Cezanne, ces deux sites avaient ensuite ferm&eacute; afin de poursuivre leur restauration. Pr&egrave;s d&rsquo;un an plus tard, la Bastide du Jas de &#8230;","protected":false},"author":1,"featured_media":35016,"comment_status":"open","ping_status":"open","sticky":false,"template":"","format":"standard","meta":{"footnotes":""},"categories":[3923,3926,32],"tags":[556,3140,130,10,2943,35,97,1295,3580,61],"news-destination":[3944],"news-source":[475],"is_homepage":[],"ta_other":[],"class_list":["post-35015","post","type-post","status-publish","format-standard","has-post-thumbnail","hentry","category-accueil-first","category-accueil-merge","category-culture","tag-aix-en-provence","tag-annee-cezanne","tag-ateliers","tag-bouches-du-rhone","tag-cezanne-2025","tag-culture","tag-patrimoine","tag-paul-cezanne","tag-peintre","tag-visite","news-destination-homepage","news-source-website"],"_links":{"self":[{"href":"https:\/\/euapp01.newsmemory.com\/lamarseillaise\/news\/wp-json\/wp\/v2\/posts\/35015","targetHints":{"allow":["GET"]}}],"collection":[{"href":"https:\/\/euapp01.newsmemory.com\/lamarseillaise\/news\/wp-json\/wp\/v2\/posts"}],"about":[{"href":"https:\/\/euapp01.newsmemory.com\/lamarseillaise\/news\/wp-json\/wp\/v2\/types\/post"}],"author":[{"embeddable":true,"href":"https:\/\/euapp01.newsmemory.com\/lamarseillaise\/news\/wp-json\/wp\/v2\/users\/1"}],"replies":[{"embeddable":true,"href":"https:\/\/euapp01.newsmemory.com\/lamarseillaise\/news\/wp-json\/wp\/v2\/comments?post=35015"}],"version-history":[{"count":6,"href":"https:\/\/euapp01.newsmemory.com\/lamarseillaise\/news\/wp-json\/wp\/v2\/posts\/35015\/revisions"}],"predecessor-version":[{"id":35508,"href":"https:\/\/euapp01.newsmemory.com\/lamarseillaise\/news\/wp-json\/wp\/v2\/posts\/35015\/revisions\/35508"}],"wp:featuredmedia":[{"embeddable":true,"href":"https:\/\/euapp01.newsmemory.com\/lamarseillaise\/news\/wp-json\/wp\/v2\/media\/35016"}],"wp:attachment":[{"href":"https:\/\/euapp01.newsmemory.com\/lamarseillaise\/news\/wp-json\/wp\/v2\/media?parent=35015"}],"wp:term":[{"taxonomy":"category","embeddable":true,"href":"https:\/\/euapp01.newsmemory.com\/lamarseillaise\/news\/wp-json\/wp\/v2\/categories?post=35015"},{"taxonomy":"post_tag","embeddable":true,"href":"https:\/\/euapp01.newsmemory.com\/lamarseillaise\/news\/wp-json\/wp\/v2\/tags?post=35015"},{"taxonomy":"news-destination","embeddable":true,"href":"https:\/\/euapp01.newsmemory.com\/lamarseillaise\/news\/wp-json\/wp\/v2\/news-destination?post=35015"},{"taxonomy":"news-source","embeddable":true,"href":"https:\/\/euapp01.newsmemory.com\/lamarseillaise\/news\/wp-json\/wp\/v2\/news-source?post=35015"},{"taxonomy":"is_homepage","embeddable":true,"href":"https:\/\/euapp01.newsmemory.com\/lamarseillaise\/news\/wp-json\/wp\/v2\/is_homepage?post=35015"},{"taxonomy":"ta_other","embeddable":true,"href":"https:\/\/euapp01.newsmemory.com\/lamarseillaise\/news\/wp-json\/wp\/v2\/ta_other?post=35015"}],"curies":[{"name":"wp","href":"https:\/\/api.w.org\/{rel}","templated":true}]}}