{"id":35012,"date":"2026-07-03T07:26:00","date_gmt":"2026-07-03T05:26:00","guid":{"rendered":"https:\/\/euapp01.newsmemory.com\/lamarseillaise\/news\/?p=35012"},"modified":"2026-07-07T08:17:22","modified_gmt":"2026-07-07T06:17:22","slug":"sebastien-lecornu-expose-sa-vision-pour-remettre-la-france-en-mouvement","status":"publish","type":"post","link":"https:\/\/euapp01.newsmemory.com\/lamarseillaise\/news\/2026\/07\/03\/sebastien-lecornu-expose-sa-vision-pour-remettre-la-france-en-mouvement\/","title":{"rendered":"S\u00e9bastien Lecornu expose sa vision pour remettre la France en mouvement"},"content":{"rendered":"<div class=\"paragraph\">\n<p>Session<i> <\/i>\u00ab<i>\u00a0<\/i><i>sp\u00e9ciale<\/i><i>\u00a0<\/i>\u00bb<i> <\/i>des Rencontres \u00e9conomiques. Sur sc\u00e8ne, ce jeudi soir, le Premier ministre, S\u00e9bastien Lecornu, a pris la parole aux c\u00f4t\u00e9s d\u2019\u00c9ric Maury, patron d\u2019April, ainsi que de Philippe Aghion, prix Nobel d\u2019\u00e9conomie 2025 et membre du Cercle des \u00e9conomistes.<\/p>\n<p>\u00ab<i>\u00a0<\/i><i>La France traverse une p\u00e9riode compliqu\u00e9e,<\/i> pose d\u2019entr\u00e9e Philippe Aghion. <i>Notre dette publique a presque doubl\u00e9 depuis l\u2019an 2000 (&#8230;). On poss\u00e8de le deuxi\u00e8me d\u00e9ficit le plus \u00e9lev\u00e9 de la zone euro en 2025. Ces fragilit\u00e9s interviennent au moment m\u00eame ou le pays doit absorber des chocs externes de grande ampleur.<\/i><i>\u00a0<\/i>\u00bb<\/p>\n<p>Notamment \u00e0 l\u2019\u00e8re de l\u2019intelligence artificielle.<i> <\/i>\u00ab<i>\u00a0<\/i><i>Financer l\u2019IA ne doit pas consister \u00e0 punir le capital existant, mais \u00e0 mobiliser l\u2019\u00e9pargne vers le capital productif de demain<\/i><i>\u00a0<\/i>\u00bb<i>,<\/i> juge Eric Maury.<\/p>\n<p>S\u00e9bastien Lecornu, qui rappelle prendre rarement la parole publiquement, accepte alors de donner \u00ab\u00a0<i>un peu de perspective<\/i>\u00a0\u00bb\u00a0: \u00ab<i>\u00a0<\/i><i>Je prends le risque, d\u2019autant que lundi, le gouvernement va affronter sa 13<\/i><i><sup>e<\/sup><\/i><i>\u00a0<\/i><i>motion de censure depuis neuf mois, mais je pense qu\u2019on est dans un moment ou il est bien de se poser pour r\u00e9fl\u00e9chir.<\/i><i>\u00a0<\/i>\u00bb L\u2019occasion de partager ce qui \u00ab\u00a0<i>l\u2019inqui\u00e8te<\/i>\u00a0\u00bb et ce qui le \u00ab\u00a0<i>rassure<\/i>\u00a0\u00bb. Sur le premier volet, le Premier ministre regrette \u00ab<i>\u00a0<\/i><i>l\u2019aversion profonde au temps long<\/i><i>\u00a0<\/i>\u00bb, \u00ab<i>\u00a0<\/i><i>la d\u00e9connexion furieuse entre la vie politique int\u00e9rieure et la g\u00e9opolitique globale<\/i>\u00a0\u00bb et s\u2019interroge\u00a0: \u00ab<i>\u00a0<\/i><i>Comment avons-nous pu \u00eatre battus sur le plan culturel<\/i>\u00a0<i>? Le sujet n\u2019est pas qu\u2019un rendez-vous technique au Parlement, c\u2019est \u00e9videmment le rendez-vous de l\u2019an prochain. Il faut que les \u00e9lites, pas seulement \u00e9conomiques, acceptent de reprendre leur b\u00e2ton de p\u00e8lerin et expliquer pourquoi au fond, il faut<\/i> s<i>\u2019y prendre diff\u00e9remment dans un monde aussi compliqu\u00e9<\/i><i>\u00a0<\/i>\u00bb.<i><\/i><\/p>\n<p>Sur les motifs d\u2019espoir, \u00ab\u00a0<i>nous sommes dans un pays o\u00f9 l\u2019\u00c9tat tient<\/i>\u00a0\u00bb, assure S\u00e9bastien Lecornu\u00a0: \u00ab\u00a0<i>Le paradoxe, c\u2019est que notre \u00c9tat fonctionne<\/i>\u00a0<i>!<\/i><i>\u00a0<\/i>\u00bb<i> <\/i>Seconde raison<i> <\/i>\u00ab<i>\u00a0<\/i><i>sur laquelle j\u2019ai de l\u2019optimisme, c\u2019est qu\u2019on r\u00e9siste sur un certain nombre d\u2019appuis sur lesquels nous sommes forts<\/i><i>\u00a0<\/i>\u00bb<i>. <\/i>Parmi eux, l\u2019\u00e9nergie, le logement \u00ab<i>\u00a0<\/i><i>sur lequel on repart<\/i><i>\u00a0<\/i>\u00bb<i>,<\/i> l\u2019agriculture, les r\u00e9seaux de PME et d\u2019innovation&#8230; Maintenant<i>, <\/i>\u00ab<i>\u00a0<\/i><i>il va falloir embarquer les Fran\u00e7ais. On ne va pas d\u00e9cr\u00e9ter le progr\u00e8s, il y en aura si on embarque le peuple<\/i><i>\u00a0<\/i>\u00bb.<\/p>\n<p>Selon le Premier ministre, il faut \u00ab\u00a0<i>qu\u2019un dialogue social s\u2019engage vite sur la question de l\u2019IA et son impact sur le droit du travail<\/i><i>\u00a0<\/i>\u00bb<i>,<\/i> le tout avec<i> <\/i>\u00ab<i>\u00a0<\/i><i>patriotisme<\/i><i>\u00a0<\/i>\u00bb et avec urgence d\u2019\u00e9loigner le<i> <\/i>\u00ab<i>\u00a0<\/i><i>populisme<\/i><i>\u00a0<\/i>\u00bb<i> <\/i>et \u00ab<i>\u00a0<\/i><i>en regardant en face le sujet de la d\u00e9pense publique<\/i><i>\u00a0<\/i>\u00bb.<\/p>\n<\/p><\/div>\n","protected":false},"excerpt":{"rendered":"Session &laquo;&nbsp;sp&eacute;ciale&nbsp;&raquo; des Rencontres &eacute;conomiques. Sur sc&egrave;ne, ce jeudi soir, le Premier ministre, S&eacute;bastien Lecornu, a pris la parole aux c&ocirc;t&eacute;s d&rsquo;&Eacute;ric Maury, patron &#8230;","protected":false},"author":1,"featured_media":35013,"comment_status":"open","ping_status":"open","sticky":false,"template":"","format":"standard","meta":{"footnotes":""},"categories":[3926,3925,330],"tags":[556,10,452,1809,118,2487,1756,191,833,53],"news-destination":[3944],"news-source":[475],"is_homepage":[],"ta_other":[],"class_list":["post-35012","post","type-post","status-publish","format-standard","has-post-thumbnail","hentry","category-accueil-merge","category-accueil-third","category-politique","tag-aix-en-provence","tag-bouches-du-rhone","tag-debat","tag-droit-du-travail","tag-economie","tag-ia","tag-innovation","tag-politique","tag-sebastien-lecornu","tag-travail","news-destination-homepage","news-source-website"],"_links":{"self":[{"href":"https:\/\/euapp01.newsmemory.com\/lamarseillaise\/news\/wp-json\/wp\/v2\/posts\/35012","targetHints":{"allow":["GET"]}}],"collection":[{"href":"https:\/\/euapp01.newsmemory.com\/lamarseillaise\/news\/wp-json\/wp\/v2\/posts"}],"about":[{"href":"https:\/\/euapp01.newsmemory.com\/lamarseillaise\/news\/wp-json\/wp\/v2\/types\/post"}],"author":[{"embeddable":true,"href":"https:\/\/euapp01.newsmemory.com\/lamarseillaise\/news\/wp-json\/wp\/v2\/users\/1"}],"replies":[{"embeddable":true,"href":"https:\/\/euapp01.newsmemory.com\/lamarseillaise\/news\/wp-json\/wp\/v2\/comments?post=35012"}],"version-history":[{"count":1,"href":"https:\/\/euapp01.newsmemory.com\/lamarseillaise\/news\/wp-json\/wp\/v2\/posts\/35012\/revisions"}],"predecessor-version":[{"id":35014,"href":"https:\/\/euapp01.newsmemory.com\/lamarseillaise\/news\/wp-json\/wp\/v2\/posts\/35012\/revisions\/35014"}],"wp:featuredmedia":[{"embeddable":true,"href":"https:\/\/euapp01.newsmemory.com\/lamarseillaise\/news\/wp-json\/wp\/v2\/media\/35013"}],"wp:attachment":[{"href":"https:\/\/euapp01.newsmemory.com\/lamarseillaise\/news\/wp-json\/wp\/v2\/media?parent=35012"}],"wp:term":[{"taxonomy":"category","embeddable":true,"href":"https:\/\/euapp01.newsmemory.com\/lamarseillaise\/news\/wp-json\/wp\/v2\/categories?post=35012"},{"taxonomy":"post_tag","embeddable":true,"href":"https:\/\/euapp01.newsmemory.com\/lamarseillaise\/news\/wp-json\/wp\/v2\/tags?post=35012"},{"taxonomy":"news-destination","embeddable":true,"href":"https:\/\/euapp01.newsmemory.com\/lamarseillaise\/news\/wp-json\/wp\/v2\/news-destination?post=35012"},{"taxonomy":"news-source","embeddable":true,"href":"https:\/\/euapp01.newsmemory.com\/lamarseillaise\/news\/wp-json\/wp\/v2\/news-source?post=35012"},{"taxonomy":"is_homepage","embeddable":true,"href":"https:\/\/euapp01.newsmemory.com\/lamarseillaise\/news\/wp-json\/wp\/v2\/is_homepage?post=35012"},{"taxonomy":"ta_other","embeddable":true,"href":"https:\/\/euapp01.newsmemory.com\/lamarseillaise\/news\/wp-json\/wp\/v2\/ta_other?post=35012"}],"curies":[{"name":"wp","href":"https:\/\/api.w.org\/{rel}","templated":true}]}}