{"id":35008,"date":"2026-07-03T07:27:00","date_gmt":"2026-07-03T05:27:00","guid":{"rendered":"https:\/\/euapp01.newsmemory.com\/lamarseillaise\/news\/?p=35008"},"modified":"2026-07-07T08:17:22","modified_gmt":"2026-07-07T06:17:22","slug":"femmes-sans-abri-face-a-des-hopitaux-demunis","status":"publish","type":"post","link":"https:\/\/euapp01.newsmemory.com\/lamarseillaise\/news\/2026\/07\/03\/femmes-sans-abri-face-a-des-hopitaux-demunis\/","title":{"rendered":"Femmes sans-abri face \u00e0 des h\u00f4pitaux d\u00e9munis"},"content":{"rendered":"<div class=\"paragraph\">\n<p>\u00ab <i>L<\/i><i>e moment de la sortie d\u2019hospitalisation est un moment \u00e0 haut risque de rupture dans les parcours de soins. Mais aussi un risque \u00e9lev\u00e9 de rupture dans les parcours d\u2019h\u00e9bergement<\/i><i>\u00a0<\/i>\u00bb<i>, <\/i>d\u00e9clare Cl\u00e9lie Nallet, charg\u00e9e de recherche op\u00e9rationnelle \u00e0 l\u2019Observatoire des pauvret\u00e9s de Marseille. Elle pr\u00e9sentait la premi\u00e8re enqu\u00eate sur \u00ab\u00a0le parcours de prise en charge des personnes sans domicile en sortie d\u2019hospitalisation \u00e0 Marseille\u00a0\u00bb ce jeudi 2\u00a0juillet au palais du Pharo.<\/p>\n<p>Cette enqu\u00eate montre notamment le manque de moyens et de dispositifs afin d\u2019accompagner les personnes sans domicile qui quittent l\u2019h\u00f4pital sans solution d\u2019h\u00e9bergement adapt\u00e9e \u00e0 leur \u00e9tat de sant\u00e9. Cela repr\u00e9sentait, sur une ann\u00e9e, plus de 855 personnes dans les services m\u00e9decine et chirurgie et 348 femmes au sein des maternit\u00e9s. Si les chiffres sont de 2024, le probl\u00e8me est loin d\u2019\u00eatre une nouveaut\u00e9. Cl\u00e9lie Nallet \u00e9voque ainsi une probl\u00e9matique \u00e0 laquelle \u00ab<i>\u00a0<\/i><i>les acteurs de terrains sont confront\u00e9s depuis longtemps<\/i>\u00a0\u00bb.<\/p>\n<p>\u00ab<i>\u00a0<\/i><i>L\u2019enjeu est d\u00e9sormais collectif<\/i><i>\u00a0<\/i>\u00bb,<i> <\/i>constate Karim Touche, adjoint au maire de Marseille d\u00e9l\u00e9gu\u00e9 \u00e0 l\u2019action sociale. Toutes les institutions pr\u00e9sentes telles que les h\u00f4pitaux de Marseille (AP-HM) ou l\u2019agence r\u00e9gionale de sant\u00e9 (ARS) s\u2019accordent sur la n\u00e9cessit\u00e9 de collaborer pour r\u00e9pondre \u00e0 une probl\u00e9matique \u00e0 la crois\u00e9e des domaines d\u2019intervention. Il ne s\u2019agit pas seulement de la sortie d\u2019h\u00f4pital mais \u00ab\u00a0<i>du bout du bout du bout du parcours de la personne tr\u00e8s pr\u00e9caire ou de la personne sans domicile<\/i><i>\u00a0<\/i>\u00bb<i>, <\/i>souligne ainsi. Fran\u00e7ois Cr\u00e9mieux, directeur g\u00e9n\u00e9ral AP-HM.<\/p>\n<p>\u00ab\u00a0<i>J\u2019avais particuli\u00e8rement insist\u00e9 pour qu\u2019on parle des femmes, et notamment des femmes qui venaient d\u2019avoir un enfant<\/i><i>\u00a0<\/i>\u00bb<i>,<\/i> insiste Isabelle Epaillard, pr\u00e9f\u00e8te \u00e0 l\u2019\u00e9galit\u00e9 des chances. En effet, les difficult\u00e9s rencontr\u00e9es par les femmes sans domicile en sortie de maternit\u00e9 se trouvent au centre de l\u2019enqu\u00eate.<\/p>\n<\/p><\/div>\n<div class=\"intext\"> Femmes en premi\u00e8re ligne\n              <\/div>\n<div class=\"paragraph\">\n<p>Faute de dispositifs idoines, les femmes sont gard\u00e9es plus longtemps \u00e0 l\u2019h\u00f4pital et le syst\u00e8me sature alerte Halima Benmouis qui travaille au service social de la maternit\u00e9 de l\u2019h\u00f4pital de la Conception. \u00ab\u00a0<i>\u00c7a devient un moment d\u2019attente, d\u2019anxi\u00e9t\u00e9 et d\u2019angoisse pour ces femmes<\/i><i>\u00a0<\/i>\u00bb, ajoute-t-elle car les structures ne sont plus adapt\u00e9es pour des nourrissons de plusieurs mois.<\/p>\n<p>Des salari\u00e9es du dispositif de p\u00e9rimaternit\u00e9 du SIAO 93 (service int\u00e9gr\u00e9 d\u2019acceuil et d\u2019orientation) sont venues pr\u00e9senter les 20 centres d\u00e9di\u00e9s \u00e0 l\u2019accompagnement autour de la maternit\u00e9 qui existent en Seine-St-Denis. Idem pour l\u2019association France Horizon qui d\u00e9veloppe des dispositifs similaires au sein des CHU de la r\u00e9gion PACA dont la directrice Aurore Philippart plaide pour \u00ab\u00a0<i>des structures interm\u00e9diaires<\/i><i>\u00a0<\/i>\u00bb. Un centre d\u00e9di\u00e9 doit ouvrir \u00e0 Marseille en septembre\u00a02026.<\/p>\n<\/p><\/div>\n","protected":false},"excerpt":{"rendered":"&laquo; Le moment de la sortie d&rsquo;hospitalisation est un moment &agrave; haut risque de rupture dans les parcours de soins. Mais aussi un risque &eacute;lev&eacute; de rupture dans les parcours d&rsquo;h&eacute;bergement&nbsp;&raquo;, &#8230;","protected":false},"author":1,"featured_media":35010,"comment_status":"open","ping_status":"open","sticky":false,"template":"","format":"standard","meta":{"footnotes":""},"categories":[3926,3925,20],"tags":[287,10,387,1942,362,1817,596,16,1281,4003],"news-destination":[3944],"news-source":[475],"is_homepage":[],"ta_other":[],"class_list":["post-35008","post","type-post","status-publish","format-standard","has-post-thumbnail","hentry","category-accueil-merge","category-accueil-third","category-societe","tag-acces-aux-soins","tag-bouches-du-rhone","tag-femmes","tag-francois-cremieux","tag-hopitaux","tag-isabelle-epaillard","tag-logement","tag-marseille","tag-pauvrete","tag-sdf","news-destination-homepage","news-source-website"],"_links":{"self":[{"href":"https:\/\/euapp01.newsmemory.com\/lamarseillaise\/news\/wp-json\/wp\/v2\/posts\/35008","targetHints":{"allow":["GET"]}}],"collection":[{"href":"https:\/\/euapp01.newsmemory.com\/lamarseillaise\/news\/wp-json\/wp\/v2\/posts"}],"about":[{"href":"https:\/\/euapp01.newsmemory.com\/lamarseillaise\/news\/wp-json\/wp\/v2\/types\/post"}],"author":[{"embeddable":true,"href":"https:\/\/euapp01.newsmemory.com\/lamarseillaise\/news\/wp-json\/wp\/v2\/users\/1"}],"replies":[{"embeddable":true,"href":"https:\/\/euapp01.newsmemory.com\/lamarseillaise\/news\/wp-json\/wp\/v2\/comments?post=35008"}],"version-history":[{"count":1,"href":"https:\/\/euapp01.newsmemory.com\/lamarseillaise\/news\/wp-json\/wp\/v2\/posts\/35008\/revisions"}],"predecessor-version":[{"id":35011,"href":"https:\/\/euapp01.newsmemory.com\/lamarseillaise\/news\/wp-json\/wp\/v2\/posts\/35008\/revisions\/35011"}],"wp:featuredmedia":[{"embeddable":true,"href":"https:\/\/euapp01.newsmemory.com\/lamarseillaise\/news\/wp-json\/wp\/v2\/media\/35010"}],"wp:attachment":[{"href":"https:\/\/euapp01.newsmemory.com\/lamarseillaise\/news\/wp-json\/wp\/v2\/media?parent=35008"}],"wp:term":[{"taxonomy":"category","embeddable":true,"href":"https:\/\/euapp01.newsmemory.com\/lamarseillaise\/news\/wp-json\/wp\/v2\/categories?post=35008"},{"taxonomy":"post_tag","embeddable":true,"href":"https:\/\/euapp01.newsmemory.com\/lamarseillaise\/news\/wp-json\/wp\/v2\/tags?post=35008"},{"taxonomy":"news-destination","embeddable":true,"href":"https:\/\/euapp01.newsmemory.com\/lamarseillaise\/news\/wp-json\/wp\/v2\/news-destination?post=35008"},{"taxonomy":"news-source","embeddable":true,"href":"https:\/\/euapp01.newsmemory.com\/lamarseillaise\/news\/wp-json\/wp\/v2\/news-source?post=35008"},{"taxonomy":"is_homepage","embeddable":true,"href":"https:\/\/euapp01.newsmemory.com\/lamarseillaise\/news\/wp-json\/wp\/v2\/is_homepage?post=35008"},{"taxonomy":"ta_other","embeddable":true,"href":"https:\/\/euapp01.newsmemory.com\/lamarseillaise\/news\/wp-json\/wp\/v2\/ta_other?post=35008"}],"curies":[{"name":"wp","href":"https:\/\/api.w.org\/{rel}","templated":true}]}}