{"id":35005,"date":"2026-07-03T07:29:00","date_gmt":"2026-07-03T05:29:00","guid":{"rendered":"https:\/\/euapp01.newsmemory.com\/lamarseillaise\/news\/?p=35005"},"modified":"2026-07-07T08:17:22","modified_gmt":"2026-07-07T06:17:22","slug":"jeremy-bacchi-accueille-fadwa-barghouti-a-marseille","status":"publish","type":"post","link":"https:\/\/euapp01.newsmemory.com\/lamarseillaise\/news\/2026\/07\/03\/jeremy-bacchi-accueille-fadwa-barghouti-a-marseille\/","title":{"rendered":"J\u00e9r\u00e9my Bacchi accueille Fadwa Barghouti \u00e0 Marseille"},"content":{"rendered":"<div class=\"paragraph\">\n<p>Apr\u00e8s une liesse populaire l\u2019attendant d\u00e8s son arriv\u00e9e gare St Charles, Fadwa Barghouti s\u2019est rendu dans la Maison des communistes jeudi. Sur place, les militants qui manifestent chaque dimanche porte d\u2019Aix d\u00e9ploient une banderole repr\u00e9sentant son \u00e9poux. Sa visite \u00e0 Marseille a \u00e9t\u00e9 organis\u00e9e dans le cadre de la campagne internationale pour la lib\u00e9ration du leader palestinien Marwan Barghouti par la f\u00e9d\u00e9ration PCF des Bouches-du-Rh\u00f4ne. Pour son chef et s\u00e9nateur J\u00e9r\u00e9my Bacchi\u00a0: \u00ab\u00a0<i>Le combat pour la lib\u00e9ration de Marwan Barghouti est essentiel, \u00e0 la fois pour l\u2019homme mais \u00e9galement pour l\u2019espoir de paix en Palestine. De notre point de vue il est le seul \u00e0 tenir les cl\u00e9s d\u2019une solution \u00e0 deux \u00c9tats en Palestine, qui pourrait ouvrir la voie \u00e0 une souverainet\u00e9 du peuple palestinien sur ses terres<\/i><i>\u00a0<\/i>\u00bb, mart\u00e8le-t-il.<\/p>\n<p>\u00c0 ses c\u00f4t\u00e9s, l\u2019\u00e9pouse de celui qui est consid\u00e9r\u00e9 comme le \u00ab\u00a0Mandela de Palestine\u00a0\u00bb, insiste\u00a0: \u00ab\u00a0<i>Marwan est un symbole de dignit\u00e9 nationale palestinienne. Ce n\u2019est pas qu\u2019un homme politique, c\u2019est un \u00eatre humain qui croit \u00e0 la d\u00e9mocratie, aux droits, \u00e0 la libert\u00e9 et aux femmes<\/i><i>\u00a0<\/i>\u00bb, appuie-t-elle, \u00ab\u00a0<i>la responsabilit\u00e9 qu\u2019il m\u2019a donn\u00e9e d\u2019\u00eatre sa repr\u00e9sentante c\u2019est un symbole de son respect<\/i><i>\u00a0<\/i>\u00bb, tient-elle \u00e0 souligner. Alors, elle se fait sa porte-parole, partout dans le monde, appelant, depuis pr\u00e8s de 25\u00a0ans \u00e0 sa lib\u00e9ration. Retenu dans les ge\u00f4les isra\u00e9liennes, Marwan Barghouti est constamment l\u2019objet de violences physiques et psychologiques. Si l\u2019on cumule ses p\u00e9riodes d\u2019isolement il y aura pass\u00e9 plus de 10\u00a0ans. Sa femme ne l\u2019a pas vu depuis quatre ans, il n\u2019a pas vu grandir ses enfants, ne conna\u00eet pas ses petits-enfants. L\u2019air grave, elle l\u2019assure\u00a0: \u00ab\u00a0<i>Il n\u2019y aura pas de paix sans sanction.<\/i><i>\u00a0<\/i>\u00bb<\/p>\n<p>Sur les murs de la f\u00e9d\u00e9ration, l\u2019une des affiches du Parti communiste en faveur de la reconnaissance de l\u2019\u00c9tat palestinien. Celle-ci a \u00e9t\u00e9 annonc\u00e9e par Emmanuel Macron en septembre 2025. \u00ab\u00a0<i>Le combat ne s\u2019arr\u00eate pas l\u00e0 pour nous, communistes. Il s\u2019agit d\u2019avoir maintenant une v\u00e9ritable repr\u00e9sentation diplomatique de la Palestine en France avec une ambassade \u00e0 Paris et des consulats en r\u00e9gion<\/i><i>\u00a0<\/i>\u00bb, ass\u00e8ne le s\u00e9nateur.<\/p>\n<p>La veille, Marwan Barghouti a \u00e9t\u00e9 fait citoyen d\u2019honneur de Saint-Denis. Les maires communistes du d\u00e9partement en discutent pour faire voter des d\u00e9lib\u00e9rations en conseils municipaux. \u00ab\u00a0<i>Mais cette figure doit \u00eatre d\u00e9fendue plus largement<\/i><i>\u00a0<\/i>\u00bb, insiste J\u00e9r\u00e9my Bacchi. C\u2019est ce qui sera fait jusqu\u2019\u00e0 samedi, date de d\u00e9part de Fadwa Barghouti. D\u2019ici l\u00e0, le programme est riche. \u00ab\u00a0<i>Nous sommes arriv\u00e9s \u00e0 une situation tr\u00e8s difficile pour notre peuple. Cette solidarit\u00e9 que vous manifestez ici \u00e0 Marseille arrive au bon moment. C\u2019est ce qui prouve aux Palestiniens qu\u2019ils ne sont pas seuls face \u00e0 l\u2019occupation et au g\u00e9nocide<\/i><i>\u00a0<\/i>\u00bb, glisse-t-elle.<\/p>\n<\/p><\/div>\n<div class=\"paragraph\">\n<p><b>O\u00f9 la rencontrer<\/b><\/p>\n<p>Fadwa Barghouti sera honor\u00e9e vendredi matin en mairie des 15-16 puis participera \u00e0 une conf\u00e9rence de presse avec l\u2019UD CGT 13, \u00e0 la Bourse du Travail d\u00e8s 15h30. Elle devrait rencontrer dans la journ\u00e9e Solidaires 13 et les \u00e9lus insoumis locaux. \u00c0 17h, elle sera accueillie par l\u2019association Schebba. \u00c0 19h30, la militante palestinienne sera au Gyptis pour la diffusion de <i>Tomorrow\u2019s Freedom<\/i>, o\u00f9 Sawt Palestine pr\u00e9parera un repas. Enfin, Fadwa Barghouti participera samedi \u00e0 14h \u00e0 Palestine United 2 que le collectif Union pour la Palestine Marseille coorganise sur le Vieux Port.<\/p>\n<\/p><\/div>\n","protected":false},"excerpt":{"rendered":"Apr&egrave;s une liesse populaire l&rsquo;attendant d&egrave;s son arriv&eacute;e gare St Charles, Fadwa Barghouti s&rsquo;est rendu dans la Maison des communistes jeudi. Sur place, les militants qui manifestent chaque dimanche porte d&rsquo;Aix &#8230;","protected":false},"author":1,"featured_media":35006,"comment_status":"open","ping_status":"open","sticky":false,"template":"","format":"standard","meta":{"footnotes":""},"categories":[3926,3925,337],"tags":[10,622,748,16,75,623],"news-destination":[3944],"news-source":[475],"is_homepage":[],"ta_other":[],"class_list":["post-35005","post","type-post","status-publish","format-standard","has-post-thumbnail","hentry","category-accueil-merge","category-accueil-third","category-international","tag-bouches-du-rhone","tag-democratie","tag-jeremy-bacchi","tag-marseille","tag-palestine","tag-parti-communiste","news-destination-homepage","news-source-website"],"_links":{"self":[{"href":"https:\/\/euapp01.newsmemory.com\/lamarseillaise\/news\/wp-json\/wp\/v2\/posts\/35005","targetHints":{"allow":["GET"]}}],"collection":[{"href":"https:\/\/euapp01.newsmemory.com\/lamarseillaise\/news\/wp-json\/wp\/v2\/posts"}],"about":[{"href":"https:\/\/euapp01.newsmemory.com\/lamarseillaise\/news\/wp-json\/wp\/v2\/types\/post"}],"author":[{"embeddable":true,"href":"https:\/\/euapp01.newsmemory.com\/lamarseillaise\/news\/wp-json\/wp\/v2\/users\/1"}],"replies":[{"embeddable":true,"href":"https:\/\/euapp01.newsmemory.com\/lamarseillaise\/news\/wp-json\/wp\/v2\/comments?post=35005"}],"version-history":[{"count":1,"href":"https:\/\/euapp01.newsmemory.com\/lamarseillaise\/news\/wp-json\/wp\/v2\/posts\/35005\/revisions"}],"predecessor-version":[{"id":35007,"href":"https:\/\/euapp01.newsmemory.com\/lamarseillaise\/news\/wp-json\/wp\/v2\/posts\/35005\/revisions\/35007"}],"wp:featuredmedia":[{"embeddable":true,"href":"https:\/\/euapp01.newsmemory.com\/lamarseillaise\/news\/wp-json\/wp\/v2\/media\/35006"}],"wp:attachment":[{"href":"https:\/\/euapp01.newsmemory.com\/lamarseillaise\/news\/wp-json\/wp\/v2\/media?parent=35005"}],"wp:term":[{"taxonomy":"category","embeddable":true,"href":"https:\/\/euapp01.newsmemory.com\/lamarseillaise\/news\/wp-json\/wp\/v2\/categories?post=35005"},{"taxonomy":"post_tag","embeddable":true,"href":"https:\/\/euapp01.newsmemory.com\/lamarseillaise\/news\/wp-json\/wp\/v2\/tags?post=35005"},{"taxonomy":"news-destination","embeddable":true,"href":"https:\/\/euapp01.newsmemory.com\/lamarseillaise\/news\/wp-json\/wp\/v2\/news-destination?post=35005"},{"taxonomy":"news-source","embeddable":true,"href":"https:\/\/euapp01.newsmemory.com\/lamarseillaise\/news\/wp-json\/wp\/v2\/news-source?post=35005"},{"taxonomy":"is_homepage","embeddable":true,"href":"https:\/\/euapp01.newsmemory.com\/lamarseillaise\/news\/wp-json\/wp\/v2\/is_homepage?post=35005"},{"taxonomy":"ta_other","embeddable":true,"href":"https:\/\/euapp01.newsmemory.com\/lamarseillaise\/news\/wp-json\/wp\/v2\/ta_other?post=35005"}],"curies":[{"name":"wp","href":"https:\/\/api.w.org\/{rel}","templated":true}]}}