{"id":35001,"date":"2026-07-03T07:30:00","date_gmt":"2026-07-03T05:30:00","guid":{"rendered":"https:\/\/euapp01.newsmemory.com\/lamarseillaise\/news\/?p=35001"},"modified":"2026-07-07T08:17:22","modified_gmt":"2026-07-07T06:17:22","slug":"premiere-operation-coup-de-neuf-dans-le-quartier-de-la-belle-de-mai","status":"publish","type":"post","link":"https:\/\/euapp01.newsmemory.com\/lamarseillaise\/news\/2026\/07\/03\/premiere-operation-coup-de-neuf-dans-le-quartier-de-la-belle-de-mai\/","title":{"rendered":"Premi\u00e8re op\u00e9ration \u00ab Coup de neuf ! \u00bb dans le quartier de la Belle de Mai"},"content":{"rendered":"<div class=\"paragraph\">\n<p>\u00ab Tut tut \u00bb. Les camions de propret\u00e9 de la M\u00e9tropole de Marseille se succ\u00e8dent dans la rue du Jet d\u2019Eau, dans le quartier de la Belle de Mai, dans le 3<sup>e<\/sup> arrondissement de la cit\u00e9 phoc\u00e9enne. Les agents municipaux et m\u00e9tropolitains mobilis\u00e9s ce jeudi matin s\u2019activent pour la premi\u00e8re op\u00e9ration de \u00ab Coup de neuf ! \u00bb, un dispositif de propret\u00e9 pens\u00e9 par la Ville et la M\u00e9tropole, qui sera d\u00e9ploy\u00e9 dans tous les arrondissements de Marseille.<\/p>\n<\/p><\/div>\n<div class=\"intext\"> \u00ab Une forte demande des habitants\u00a0\u00bb\n              <\/div>\n<div class=\"paragraph\">\n<p>Pour l\u2019instant, six rues du quartier sont concern\u00e9es. <i>\u00ab Il faut bien commencer par un secteur. Il y avait une forte demande des habitants \u00bb<\/i>, d\u00e9clare Hedi Ramdane, adjoint au maire de Marseille d\u00e9l\u00e9gu\u00e9 \u00e0 la propret\u00e9 dans la ville et d\u00e9sormais conseiller m\u00e9tropolitain.<\/p>\n<p>Jusqu\u2019\u00e0 pr\u00e9sent, la propret\u00e9 \u00e9tait une comp\u00e9tence de la m\u00e9tropole. La salubrit\u00e9 de la ville \u00e9tant au c\u0153ur des d\u00e9bats, le maire (DVG) de Marseille, Beno\u00eet Payan, a cr\u00e9\u00e9 ce poste et nomm\u00e9 Hedi Ramdane, pour <i>\u00ab recoudre la ville et la m\u00e9tropole \u00bb <\/i>sur cette comp\u00e9tence. L\u2019id\u00e9e \u00e9tant de pouvoir coop\u00e9rer et de <i>\u00ab redonner un cadre de vie aux habitants \u00bb<\/i>.<\/p>\n<p>Au del\u00e0 de cette op\u00e9ration, un nettoyage des rues est r\u00e9alis\u00e9 quotidiennement dans diff\u00e9rents quartiers de la ville. <i>\u00ab<\/i><i>\u00a0<\/i><i>On met les moyens n\u00e9cessaires pour r\u00e9\u00e9quilibrer les choses et rattraper toutes ces ann\u00e9es o\u00f9 le travail n\u2019a pas \u00e9t\u00e9 \u00e0 la hauteur \u00bb<\/i>, reconna\u00eet Hedi Ramdane, \u00e9galement ancien adjoint au maire en charge de la jeunesse. Une ambition partag\u00e9e par Hamza Aftis, adjoint \u00e0 la mairie du 2<sup>e<\/sup> et 3<sup>e<\/sup> arrondissement, d\u00e9l\u00e9gu\u00e9 au cadre de vie. <i>\u00ab On se bat pour les habitants. Ils ont eu le sentiment de ne pas \u00eatre \u00e9cout\u00e9 pendant des ann\u00e9es. \u00bb<\/i><\/p>\n<p><i><\/i><\/p>\n<\/p><\/div>\n<div class=\"intext\"> Une col\u00e8re qui s\u2019exprime\n              <\/div>\n<div class=\"paragraph\">\n<p>C\u2019est le cas de cette riveraine, descendue de sa maison pour exprimer sa col\u00e8re. <i>\u00ab On est tr\u00e8s \u00e9nerv\u00e9s. Marseille est d\u00e9gueulasse. On est \u00e0 l\u2019abandon ! \u00bb <\/i>Et de ces deux amis \u00e2g\u00e9s d\u2019une quarantaine d\u2019ann\u00e9es, qui observent le travail des agents. <i>\u00ab<\/i><i>\u00a0<\/i><i>\u00c7a fait deux ans qu\u2019ils ne sont pas venus nettoyer \u00bb<\/i>, vitup\u00e8re l\u2019un d\u2019eux. <i>\u00ab C\u2019est tr\u00e8s bien, mais il faut que \u00e7a se poursuive<\/i><i>\u00a0<\/i><i>\u00bb<\/i>, esp\u00e8re de son c\u00f4t\u00e9 une habitante de la rue Fran\u00e7ois Barbini.<\/p>\n<\/p><\/div>\n","protected":false},"excerpt":{"rendered":"&laquo; Tut tut &raquo;. Les camions de propret&eacute; de la M&eacute;tropole de Marseille se succ&egrave;dent dans la rue du Jet d&rsquo;Eau, dans le quartier de la Belle de Mai, dans le 3e arrondissement de la cit&eacute; phoc&eacute;enne. Les &#8230;","protected":false},"author":1,"featured_media":35003,"comment_status":"open","ping_status":"open","sticky":false,"template":"","format":"standard","meta":{"footnotes":""},"categories":[3926,3925,20],"tags":[10,106,16,535,671,817,700,1064,720,99],"news-destination":[3944],"news-source":[475],"is_homepage":[],"ta_other":[],"class_list":["post-35001","post","type-post","status-publish","format-standard","has-post-thumbnail","hentry","category-accueil-merge","category-accueil-third","category-societe","tag-bouches-du-rhone","tag-habitants","tag-marseille","tag-metropole","tag-metropole-aix-marseille","tag-proprete","tag-quartier","tag-riverains","tag-ville","tag-ville-de-marseille","news-destination-homepage","news-source-website"],"_links":{"self":[{"href":"https:\/\/euapp01.newsmemory.com\/lamarseillaise\/news\/wp-json\/wp\/v2\/posts\/35001","targetHints":{"allow":["GET"]}}],"collection":[{"href":"https:\/\/euapp01.newsmemory.com\/lamarseillaise\/news\/wp-json\/wp\/v2\/posts"}],"about":[{"href":"https:\/\/euapp01.newsmemory.com\/lamarseillaise\/news\/wp-json\/wp\/v2\/types\/post"}],"author":[{"embeddable":true,"href":"https:\/\/euapp01.newsmemory.com\/lamarseillaise\/news\/wp-json\/wp\/v2\/users\/1"}],"replies":[{"embeddable":true,"href":"https:\/\/euapp01.newsmemory.com\/lamarseillaise\/news\/wp-json\/wp\/v2\/comments?post=35001"}],"version-history":[{"count":1,"href":"https:\/\/euapp01.newsmemory.com\/lamarseillaise\/news\/wp-json\/wp\/v2\/posts\/35001\/revisions"}],"predecessor-version":[{"id":35004,"href":"https:\/\/euapp01.newsmemory.com\/lamarseillaise\/news\/wp-json\/wp\/v2\/posts\/35001\/revisions\/35004"}],"wp:featuredmedia":[{"embeddable":true,"href":"https:\/\/euapp01.newsmemory.com\/lamarseillaise\/news\/wp-json\/wp\/v2\/media\/35003"}],"wp:attachment":[{"href":"https:\/\/euapp01.newsmemory.com\/lamarseillaise\/news\/wp-json\/wp\/v2\/media?parent=35001"}],"wp:term":[{"taxonomy":"category","embeddable":true,"href":"https:\/\/euapp01.newsmemory.com\/lamarseillaise\/news\/wp-json\/wp\/v2\/categories?post=35001"},{"taxonomy":"post_tag","embeddable":true,"href":"https:\/\/euapp01.newsmemory.com\/lamarseillaise\/news\/wp-json\/wp\/v2\/tags?post=35001"},{"taxonomy":"news-destination","embeddable":true,"href":"https:\/\/euapp01.newsmemory.com\/lamarseillaise\/news\/wp-json\/wp\/v2\/news-destination?post=35001"},{"taxonomy":"news-source","embeddable":true,"href":"https:\/\/euapp01.newsmemory.com\/lamarseillaise\/news\/wp-json\/wp\/v2\/news-source?post=35001"},{"taxonomy":"is_homepage","embeddable":true,"href":"https:\/\/euapp01.newsmemory.com\/lamarseillaise\/news\/wp-json\/wp\/v2\/is_homepage?post=35001"},{"taxonomy":"ta_other","embeddable":true,"href":"https:\/\/euapp01.newsmemory.com\/lamarseillaise\/news\/wp-json\/wp\/v2\/ta_other?post=35001"}],"curies":[{"name":"wp","href":"https:\/\/api.w.org\/{rel}","templated":true}]}}