{"id":34995,"date":"2026-07-03T07:17:00","date_gmt":"2026-07-03T05:17:00","guid":{"rendered":"https:\/\/euapp01.newsmemory.com\/lamarseillaise\/news\/?p=34995"},"modified":"2026-07-03T10:05:20","modified_gmt":"2026-07-03T08:05:20","slug":"jordan-aboudou-premiere-recrue-de-poids-du-marseille-basketball","status":"publish","type":"post","link":"https:\/\/euapp01.newsmemory.com\/lamarseillaise\/news\/2026\/07\/03\/jordan-aboudou-premiere-recrue-de-poids-du-marseille-basketball\/","title":{"rendered":"Jordan Aboudou, premi\u00e8re recrue de poids du Marseille Basketball"},"content":{"rendered":"<div class=\"paragraph\">\n<p>Le projet Marseille Basketball prend encore un peu plus d\u2019ampleur avec une arriv\u00e9e clinquante. Jordan Aboudou, 35\u00a0ans, est la nouvelle recrue des Phoc\u00e9ens. Ce joueur mesur\u00e9 \u00e0 2m01 \u00e9volue au poste d\u2019ailier-fort et pourra d\u00e9panner en tant que pivot. Il d\u00e9barque au bord de la M\u00e9diterran\u00e9e avec une riche exp\u00e9rience. Pass\u00e9 par la Pro\u00a0A et la Pro\u00a0B, il a longtemps \u00e9volu\u00e9 \u00e0 Chalon ainsi qu\u2019\u00e0 Fos-sur-Mer. Apr\u00e8s des exp\u00e9riences r\u00e9centes en Islande et en Chine, Jordan Aboudou retrouve donc la France, pour aider un club en devenir.<\/p>\n<p>\u00ab<i>\u00a0<\/i><i>Je suis tr\u00e8s heureux de rejoindre Marseille Basketball, un club qui porte un beau projet pour les ann\u00e9es \u00e0 venir. Je suis reconnaissant de la confiance que m\u2019accordent le coach et l\u2019ensemble de la direction. Je suis tr\u00e8s motiv\u00e9 pour aider le club \u00e0 atteindre la Nationale<\/i><i>\u00a0<\/i><i>1<\/i><i>\u00a0<\/i>\u00bb<i>, <\/i>a-t-il simplement d\u00e9clar\u00e9 au moment de sa signature.<\/p>\n<p>La venue du grand fr\u00e8re de l\u2019un des meilleurs handballeurs du monde, Dika Mem, fait le bonheur du coach marseillais, le Serbe Miroslav Dubrocan.<i> <\/i>\u00ab\u00a0<i>Alou et moi, on se conna\u00eet depuis longtemps. Je suis tr\u00e8s heureux de son arriv\u00e9e. Il va apporter une grande pr\u00e9sence dans la raquette et sera un exemple pour les jeunes joueurs. Nous r\u00e9cup\u00e9rons un combattant, un guerrier. C\u2019est un joueur qui a gagn\u00e9 des championnats et qui sait \u00e9voluer au plus haut niveau. Jordan partage pleinement la culture du professionnalisme que nous voulons installer au club. Il conna\u00eet l\u2019exigence n\u00e9cessaire pour r\u00e9ussir et sait exactement ce qu\u2019il peut apporter \u00e0 cette \u00e9quipe<\/i><i>\u00a0<\/i>\u00bb, indique-t-il sur les r\u00e9seaux sociaux.<\/p>\n<\/p><\/div>\n<div class=\"intext\"> Un jeune ailier-fort \u00e9galement annonc\u00e9\n              <\/div>\n<div class=\"paragraph\">\n<p>L\u2019effectif 2026-2027 prend forme, s\u2019\u00e9toffe, mais n\u2019est pas encore complet. Marseille Basketball s\u2019appr\u00eate \u00e0 annoncer une nouvelle venue et en officialise, d\u00e8s ce jeudi, une autre. Tidjane Mammone, 21\u00a0ans, est \u00e9galement un ailier fort de plus de deux m\u00e8tres. Il apportera imm\u00e9diatement un certain niveau, pour celui qui jouait en espoirs \u00e0 Fos-sur-Mer avant de s\u2019attaquer au basket 3&#215;3 avec le club de Bordeaux. Un fort potentiel et un profil qui tape dans le mille pour les Marseillais. Jeunesse, progression et ambition sont les objectifs de cette nouvelle structure qui a officiellement vu le jour en mars dernier. La mont\u00e9e imm\u00e9diate en Nationale\u00a01 reste le principal but pour la saison \u00e0 venir.<\/p>\n<\/p><\/div>\n","protected":false},"excerpt":{"rendered":"Le projet Marseille Basketball prend encore un peu plus d&rsquo;ampleur avec une arriv&eacute;e clinquante. Jordan Aboudou, 35&nbsp;ans, est la nouvelle recrue des Phoc&eacute;ens. Ce joueur mesur&eacute; &agrave; 2m01 &eacute;volue au poste &#8230;","protected":false},"author":1,"featured_media":34996,"comment_status":"open","ping_status":"open","sticky":false,"template":"","format":"standard","meta":{"footnotes":""},"categories":[7],"tags":[2987,10,16],"news-destination":[],"news-source":[475],"is_homepage":[],"ta_other":[],"class_list":["post-34995","post","type-post","status-publish","format-standard","has-post-thumbnail","hentry","category-sports","tag-basket-ball","tag-bouches-du-rhone","tag-marseille","news-source-website"],"_links":{"self":[{"href":"https:\/\/euapp01.newsmemory.com\/lamarseillaise\/news\/wp-json\/wp\/v2\/posts\/34995","targetHints":{"allow":["GET"]}}],"collection":[{"href":"https:\/\/euapp01.newsmemory.com\/lamarseillaise\/news\/wp-json\/wp\/v2\/posts"}],"about":[{"href":"https:\/\/euapp01.newsmemory.com\/lamarseillaise\/news\/wp-json\/wp\/v2\/types\/post"}],"author":[{"embeddable":true,"href":"https:\/\/euapp01.newsmemory.com\/lamarseillaise\/news\/wp-json\/wp\/v2\/users\/1"}],"replies":[{"embeddable":true,"href":"https:\/\/euapp01.newsmemory.com\/lamarseillaise\/news\/wp-json\/wp\/v2\/comments?post=34995"}],"version-history":[{"count":1,"href":"https:\/\/euapp01.newsmemory.com\/lamarseillaise\/news\/wp-json\/wp\/v2\/posts\/34995\/revisions"}],"predecessor-version":[{"id":34997,"href":"https:\/\/euapp01.newsmemory.com\/lamarseillaise\/news\/wp-json\/wp\/v2\/posts\/34995\/revisions\/34997"}],"wp:featuredmedia":[{"embeddable":true,"href":"https:\/\/euapp01.newsmemory.com\/lamarseillaise\/news\/wp-json\/wp\/v2\/media\/34996"}],"wp:attachment":[{"href":"https:\/\/euapp01.newsmemory.com\/lamarseillaise\/news\/wp-json\/wp\/v2\/media?parent=34995"}],"wp:term":[{"taxonomy":"category","embeddable":true,"href":"https:\/\/euapp01.newsmemory.com\/lamarseillaise\/news\/wp-json\/wp\/v2\/categories?post=34995"},{"taxonomy":"post_tag","embeddable":true,"href":"https:\/\/euapp01.newsmemory.com\/lamarseillaise\/news\/wp-json\/wp\/v2\/tags?post=34995"},{"taxonomy":"news-destination","embeddable":true,"href":"https:\/\/euapp01.newsmemory.com\/lamarseillaise\/news\/wp-json\/wp\/v2\/news-destination?post=34995"},{"taxonomy":"news-source","embeddable":true,"href":"https:\/\/euapp01.newsmemory.com\/lamarseillaise\/news\/wp-json\/wp\/v2\/news-source?post=34995"},{"taxonomy":"is_homepage","embeddable":true,"href":"https:\/\/euapp01.newsmemory.com\/lamarseillaise\/news\/wp-json\/wp\/v2\/is_homepage?post=34995"},{"taxonomy":"ta_other","embeddable":true,"href":"https:\/\/euapp01.newsmemory.com\/lamarseillaise\/news\/wp-json\/wp\/v2\/ta_other?post=34995"}],"curies":[{"name":"wp","href":"https:\/\/api.w.org\/{rel}","templated":true}]}}