{"id":34992,"date":"2026-07-03T07:21:00","date_gmt":"2026-07-03T05:21:00","guid":{"rendered":"https:\/\/euapp01.newsmemory.com\/lamarseillaise\/news\/?p=34992"},"modified":"2026-07-03T10:05:20","modified_gmt":"2026-07-03T08:05:20","slug":"ousmane-dembele-jules-kounde-ca-matche","status":"publish","type":"post","link":"https:\/\/euapp01.newsmemory.com\/lamarseillaise\/news\/2026\/07\/03\/ousmane-dembele-jules-kounde-ca-matche\/","title":{"rendered":"Ousmane Demb\u00e9l\u00e9 &#8211; Jules Kound\u00e9, \u00e7a matche"},"content":{"rendered":"<div class=\"paragraph\">\n<p>Il n\u2019y a pas qu\u2019entre les attaquants fran\u00e7ais que l\u2019osmose est excellente. Le c\u00f4t\u00e9 droit tricolore, compos\u00e9 de Jules Kound\u00e9 et Ousmane Demb\u00e9l\u00e9, est en train de construire une certaine alchimie depuis le d\u00e9but de la comp\u00e9tition. Le Barcelonais et le Parisien ont tous les deux hauss\u00e9 le curseur, match apr\u00e8s match, et leur entente apporte aussi plus de diversit\u00e9 offensivement.<\/p>\n<p>Les d\u00e9doublements du lat\u00e9ral form\u00e9 \u00e0 Bordeaux sont plus nombreux que lors des premiers matches sur le sol am\u00e9ricain. Une opportunit\u00e9 suppl\u00e9mentaire lorsque Demb\u00e9l\u00e9 subit une prise \u00e0 deux aux abords de la surface de r\u00e9paration. Cette relation s\u2019am\u00e9liore \u00e9galement car Jules Kound\u00e9 a compris que plus Ousmane Demb\u00e9l\u00e9 re\u00e7oit le ballon t\u00f4t, plus il est efficace. Le dernier Ballon d\u2019or appr\u00e9cie logiquement ce temps d\u2019avance, qui le rend encore plus dangereux pour la d\u00e9fense adverse.<\/p>\n<\/p><\/div>\n<div class=\"intext\"> Comme Pavard et Mbapp\u00e9 en 2018\n              <\/div>\n<div class=\"paragraph\">\n<p>Didier Deschamps leur a offert une totale confiance, valorisant en conf\u00e9rence de presse les prestations des deux joueurs concern\u00e9s. Avec son tripl\u00e9 face \u00e0 la Norv\u00e8ge, l\u2019ailier droit ne quittera plus la composition d\u2019\u00e9quipe jusqu\u2019\u00e0 la fin de la Coupe du monde. Ce duo est non sans rappeler celui form\u00e9 par Kylian Mbapp\u00e9 et Benjamin Pavard en 2018. Malgr\u00e9 ses 19 ans, le Madril\u00e8ne \u00e9tait d\u00e9j\u00e0 bien marqu\u00e9 et des espaces se lib\u00e9raient pour le joueur pass\u00e9 par le Bayern. Les deux hommes combinaient naturellement jusqu\u2019\u00e0 cette finale remport\u00e9e. Esp\u00e9rons la m\u00eame issue pour Kound\u00e9 et Demb\u00e9l\u00e9.<\/p>\n<\/p><\/div>\n<div class=\"paragraph\">\n<p><b>ET AUSSI<\/b><\/p>\n<p><b>Les 16es de finale se terminent<\/b><\/p>\n<p>Apr\u00e8s Argentine-Cap-Vert, il ne restera plus que deux matches dans ces seizi\u00e8mes de finale de la Coupe du monde. Ce vendredi soir, \u00e0 20h, l\u2019Australie et l\u2019\u00c9gypte s\u2019affrontent pour franchir le cap et potentiellement faire face aux Argentins. Ensuite, les yeux se tourneront vers Kansas City pour la derni\u00e8re affiche : Colombie-Ghana. Une rencontre \u00e0 suivre dans la nuit de vendredi \u00e0 samedi (3h30).<\/p>\n<p><b>Le Paraguay, adversaire d\u00e9tendu de la France<\/b><\/p>\n<p>Aucun stress pour le futur adversaire des Bleus, ce samedi \u00e0 23h. Le Paraguay est sereinement en train de pr\u00e9parer cette rencontre dans son h\u00f4tel du centre de Philadelphie, lieu de la partie.<\/p>\n<p>Les joueurs \u00e9voquent d\u00e9j\u00e0 \u00ab<i> le match le plus important de leur carri\u00e8re <\/i>\u00bb avant d\u2019affronter le rouleau compresseur bleu.<\/p>\n<p>Pour rappel, l\u2019Albirroja n\u2019a jamais remport\u00e9 un match contre l\u2019\u00e9quipe de France dans toute son histoire. Le bilan ? Trois victoires pour les Bleus et deux r\u00e9sultats nuls.<\/p>\n<p><b>Les stars tout en haut du classement des buteurs<\/b><\/p>\n<p>Cette Coupe du monde est celle des attaquants. Ils sont sept \u00e0 poss\u00e9der, ce jeudi, quatre buts ou plus au compteur. Lionel Messi et Kylian Mbapp\u00e9 sont au sommet avec six r\u00e9alisations, suivent Harry Kane et Erling Haaland avec cinq. Ensuite, Ousmane Demb\u00e9l\u00e9 et Vinicius Junior sont \u00e0 quatre, tout comme l\u2019ancien Marseillais Isma\u00efla Sarr. Ce dernier est d\u00e9j\u00e0 \u00e9limin\u00e9 de la comp\u00e9tition, avec le S\u00e9n\u00e9gal (d\u00e9faite face \u00e0 la Belgique), et n\u2019am\u00e9liorera donc pas sa marque actuelle. Il est le seul joueur de cette liste dans ce cas.<\/p>\n<\/p><\/div>\n","protected":false},"excerpt":{"rendered":"Il n&rsquo;y a pas qu&rsquo;entre les attaquants fran&ccedil;ais que l&rsquo;osmose est excellente. Le c&ocirc;t&eacute; droit tricolore, compos&eacute; de Jules Kound&eacute; et Ousmane Demb&eacute;l&eacute;, est en train de construire une certaine &#8230;","protected":false},"author":1,"featured_media":34993,"comment_status":"open","ping_status":"open","sticky":false,"template":"","format":"standard","meta":{"footnotes":""},"categories":[7],"tags":[1097,999,276,5818,13],"news-destination":[],"news-source":[475],"is_homepage":[],"ta_other":[],"class_list":["post-34992","post","type-post","status-publish","format-standard","has-post-thumbnail","hentry","category-sports","tag-coupe-du-monde","tag-equipe-de-france","tag-etats-unis","tag-fifa","tag-football","news-source-website"],"_links":{"self":[{"href":"https:\/\/euapp01.newsmemory.com\/lamarseillaise\/news\/wp-json\/wp\/v2\/posts\/34992","targetHints":{"allow":["GET"]}}],"collection":[{"href":"https:\/\/euapp01.newsmemory.com\/lamarseillaise\/news\/wp-json\/wp\/v2\/posts"}],"about":[{"href":"https:\/\/euapp01.newsmemory.com\/lamarseillaise\/news\/wp-json\/wp\/v2\/types\/post"}],"author":[{"embeddable":true,"href":"https:\/\/euapp01.newsmemory.com\/lamarseillaise\/news\/wp-json\/wp\/v2\/users\/1"}],"replies":[{"embeddable":true,"href":"https:\/\/euapp01.newsmemory.com\/lamarseillaise\/news\/wp-json\/wp\/v2\/comments?post=34992"}],"version-history":[{"count":1,"href":"https:\/\/euapp01.newsmemory.com\/lamarseillaise\/news\/wp-json\/wp\/v2\/posts\/34992\/revisions"}],"predecessor-version":[{"id":34994,"href":"https:\/\/euapp01.newsmemory.com\/lamarseillaise\/news\/wp-json\/wp\/v2\/posts\/34992\/revisions\/34994"}],"wp:featuredmedia":[{"embeddable":true,"href":"https:\/\/euapp01.newsmemory.com\/lamarseillaise\/news\/wp-json\/wp\/v2\/media\/34993"}],"wp:attachment":[{"href":"https:\/\/euapp01.newsmemory.com\/lamarseillaise\/news\/wp-json\/wp\/v2\/media?parent=34992"}],"wp:term":[{"taxonomy":"category","embeddable":true,"href":"https:\/\/euapp01.newsmemory.com\/lamarseillaise\/news\/wp-json\/wp\/v2\/categories?post=34992"},{"taxonomy":"post_tag","embeddable":true,"href":"https:\/\/euapp01.newsmemory.com\/lamarseillaise\/news\/wp-json\/wp\/v2\/tags?post=34992"},{"taxonomy":"news-destination","embeddable":true,"href":"https:\/\/euapp01.newsmemory.com\/lamarseillaise\/news\/wp-json\/wp\/v2\/news-destination?post=34992"},{"taxonomy":"news-source","embeddable":true,"href":"https:\/\/euapp01.newsmemory.com\/lamarseillaise\/news\/wp-json\/wp\/v2\/news-source?post=34992"},{"taxonomy":"is_homepage","embeddable":true,"href":"https:\/\/euapp01.newsmemory.com\/lamarseillaise\/news\/wp-json\/wp\/v2\/is_homepage?post=34992"},{"taxonomy":"ta_other","embeddable":true,"href":"https:\/\/euapp01.newsmemory.com\/lamarseillaise\/news\/wp-json\/wp\/v2\/ta_other?post=34992"}],"curies":[{"name":"wp","href":"https:\/\/api.w.org\/{rel}","templated":true}]}}