{"id":34989,"date":"2026-07-03T06:52:00","date_gmt":"2026-07-03T04:52:00","guid":{"rendered":"https:\/\/euapp01.newsmemory.com\/lamarseillaise\/news\/?p=34989"},"modified":"2026-07-06T16:27:45","modified_gmt":"2026-07-06T14:27:45","slug":"lifremer-inquiete-des-effets-des-canicules-marines-sur-la-biodiversite","status":"publish","type":"post","link":"https:\/\/euapp01.newsmemory.com\/lamarseillaise\/news\/2026\/07\/03\/lifremer-inquiete-des-effets-des-canicules-marines-sur-la-biodiversite\/","title":{"rendered":"L\u2019Ifremer inqui\u00e8te des effets des canicules marines sur la biodiversit\u00e9"},"content":{"rendered":"<div class=\"paragraph\">\n<p>Ils ont beau conna\u00eetre et s\u2019attendre aux effets n\u00e9fastes du r\u00e9chauffement climatique, des chercheurs r\u00e9unis hier \u00e0 S\u00e8te par l\u2019Ifremer*, se disent \u00ab<i>\u00a0<\/i><i>\u00e9tonn\u00e9s<\/i><i>\u00a0<\/i>\u00bb par l\u2019ampleur des ph\u00e9nom\u00e8nes qu\u2019ils observent d\u00e9j\u00e0 sur le terrain.<\/p>\n<p>Si la fa\u00e7ade atlantique n\u2019est pas \u00e9pargn\u00e9e, la M\u00e9diterran\u00e9e constitue bel et bien un \u00ab<i>\u00a0<\/i><i>hotspot du changement climatique et de biodiversit\u00e9<\/i><i>\u00a0<\/i>\u00bb, pose d\u2019embl\u00e9e Nathaniel Bensoussan. Ce chercheur au Laboratoire d\u2019oc\u00e9anographie physique et spatiale (LOPS) \u00e0 l\u2019Ifremer, rappelle que la Grande Bleue a gagn\u00e9 1,5 degr\u00e9 depuis 1982 et qu\u2019elle se r\u00e9chauffe deux fois et demie plus vite que la moyenne des eaux.<\/p>\n<p>Ce ph\u00e9nom\u00e8ne d\u00fb \u00e0 l\u2019activit\u00e9 humaine qui produit des gaz \u00e0 effets de serre, g\u00e9n\u00e8re des \u00ab<i>\u00a0<\/i><i>vagues de chaleur marines<\/i><i>\u00a0<\/i>\u00bb. Lesquelles alt\u00e8rent durablement le fonctionnement des \u00e9cosyst\u00e8mes c\u00f4tiers et la biodiversit\u00e9. Ainsi les tissus vivants des gorgones rouges, ces coraux mous qui \u00ab<i>\u00a0<\/i><i>jouent le r\u00f4le des arbres dans les for\u00eats<\/i><i>\u00a0<\/i>\u00bb, sont-ils n\u00e9cros\u00e9s (calcaire blanc). D\u00e9j\u00e0 les scientifiques s\u2019inqui\u00e8tent d\u2019une \u00ab<i>\u00a0<\/i><i>mortalit\u00e9 r\u00e9currente<\/i><i>\u00a0<\/i>\u00bb notamment dans les calanques. D\u00e8s 2022, une floraison massive de posidonies a \u00e9t\u00e9 observ\u00e9e. Loin d\u2019\u00eatre une bonne nouvelle, c\u2019est le signe d\u2019un \u00ab<i>\u00a0<\/i><i>risque d\u2019\u00e9puisement<\/i><i>\u00a0<\/i>\u00bb de ces plantes aquatiques qui oxyg\u00e8nent l\u2019eau et participent \u00e0 la stabilit\u00e9 des fonds marins. \u00ab<i>\u00a0<\/i><i>C\u2019est un sujet majeur. Si des plantes comme les posidonies sont affect\u00e9es, la s\u00e9questration du carbone est impact\u00e9e<\/i><i>\u00a0<\/i>\u00bb, \u00e9claire Nathaniel Bensoussan.<\/p>\n<\/p><\/div>\n<div class=\"intext\"> \u00c9tang de thau en surchauffe\n              <\/div>\n<div class=\"paragraph\">\n<p>Les \u00e9cosyst\u00e8mes ferm\u00e9s tels que les lagunes ou les lagons ne sont pas \u00e9pargn\u00e9s par le r\u00e9chauffement des eaux. Sur l\u2019\u00e9tang de Thau, Vincent Ouisse, chercheur en \u00e9cologie benthique \u00e0 l\u2019Ifremer, parle m\u00eame d\u2019un \u00ab<i>\u00a0<\/i><i>effet loupe<\/i><i>\u00a0<\/i>\u00bb<i>.<\/i><\/p>\n<p>En raison des faibles profondeurs, les eaux sont d\u00e9j\u00e0 \u00e0 30-32 degr\u00e9s et peuvent monter jusqu\u2019\u00e0 36\u00b0. Les herbiers, plantes marines \u00e0 fleurs, souffrent elles aussi. De m\u00eame que les b\u00e9nitiers et coraux jusque dans les lagons de Polyn\u00e9sie, ajoute Guillaume Mitta, chercheur en biologie des interactions. Du c\u00f4t\u00e9 de la Bretagne et de la Manche, ce sont les laminaires (algues brunes) qui sont en \u00ab<i>\u00a0<\/i><i>forte baisse d\u2019abondance et de densit\u00e9<\/i><i>\u00a0<\/i>\u00bb, constate Martial Laurans, sp\u00e9cialiste en \u00e9cologie halieutique \u00e0 l\u2019Ifremer. Dans la baie de Grandville en Normandie, o\u00f9 les eaux se sont r\u00e9chauff\u00e9es de 1,5 degr\u00e9 en 40\u00a0ans, \u00ab<i>\u00a0<\/i><i>les captures de bulots ont chut\u00e9 de 80%<\/i><i>\u00a0<\/i>\u00bb, illustre Hubert du Pontavice, chercheur \u00e0 l\u2019Ifremer.<\/p>\n<\/p><\/div>\n<div class=\"intext\"> Les moules en p\u00e9ril l\u2019\u00e9t\u00e9\n              <\/div>\n<div class=\"paragraph\">\n<p>\u00c0 l\u2019instar de la grande nacre ou des sardines, des poissons et coquillages sont aussi touch\u00e9s. C\u2019est notamment le cas des hu\u00eetres. L\u2019an pass\u00e9, \u00ab<i>\u00a0<\/i><i>la canicule de juin a engendr\u00e9 des pontes pr\u00e9coces d\u2019hu\u00eetres de 2 \u00e0 4 semaines partout en France<\/i><i>\u00a0<\/i>\u00bb, se souvient Franck Lagarde. Ce chercheur en biologie et \u00e9cologie marines \u00e0 l\u2019Ifremer pr\u00e9cise que les p\u00e9riodes de pontes sont d\u00e9sormais \u00e9tendues de mi-mai \u00e0 mi-septembre au lieu de mi-juillet \u00e0 mi-ao\u00fbt auparavant. Avec pour cons\u00e9quence \u00ab<i>\u00a0<\/i><i>des hu\u00eetres de meilleure qualit\u00e9 au printemps qu\u2019\u00e0 l\u2019automne<\/i><i>\u00a0<\/i>\u00bb. Si la Bretagne a vu ses taux de croissance des naissains chuter de 14 \u00e0 62% c\u2019est tout l\u2019inverse en M\u00e9diterran\u00e9e avec des taux de croissance culminant \u00e0 143% \u00ab<i>\u00a0<\/i><i>en raison d\u2019eaux plus chaudes et de pluies plus abondantes qui am\u00e8nent des s\u00e9diments<\/i><i>\u00a0<\/i>\u00bb.<\/p>\n<p>La dynamique est tout autre pour les moules dont l\u2019avenir est clairement menac\u00e9 l\u2019\u00e9t\u00e9 en M\u00e9diterran\u00e9e. \u00ab<i>\u00a0<\/i><i>On observe un d\u00e9crochage quand les eaux atteignent 27-28 degr\u00e9s. Et \u00e0 part aller plus au large, je ne vois pas ce qu\u2019on peut y faire<\/i><i>\u00a0<\/i>\u00bb, confie Franck Lagarde. Le coordinateur du r\u00e9seau Ecoscopa \u00e0 S\u00e8te, r\u00e9v\u00e8le qu\u2019en Corse la production de moules est d\u00e9j\u00e0 abandonn\u00e9e \u00e0 partir de juillet en raison d\u2019eaux trop chaudes.<\/p>\n<p>Or, Nathaniel Bensoussan est cat\u00e9gorique. \u00ab<i>\u00a0<\/i><i>On va vers la tropicalisation de la M\u00e9diterran\u00e9e.<\/i><i>\u00a0<\/i>\u00bb Face aux tergiversations des responsables politiques, Hubert du Pontavice presse. \u00ab<i>\u00a0<\/i><i>En tant que scientifique, je suis dans une intranquillit\u00e9. Il y a une urgence \u00e0 agir face \u00e0 un empilement d\u2019\u00e9v\u00e9nements.<\/i><i>\u00a0<\/i>\u00bb<\/p>\n<\/p><\/div>\n<div class=\"paragraph\">\n<p><i><\/i><\/p>\n<p><i>* Institut fran\u00e7ais de recherche pour l\u2019exploitation de la mer.<\/i><\/p>\n<\/p><\/div>\n","protected":false},"excerpt":{"rendered":"Ils ont beau conna&icirc;tre et s&rsquo;attendre aux effets n&eacute;fastes du r&eacute;chauffement climatique, des chercheurs r&eacute;unis hier &agrave; S&egrave;te par l&rsquo;Ifremer*, se disent &laquo;&nbsp;&eacute;tonn&eacute;s&nbsp;&raquo; &#8230;","protected":false},"author":1,"featured_media":34990,"comment_status":"open","ping_status":"open","sticky":false,"template":"","format":"standard","meta":{"footnotes":""},"categories":[3926,3925,333],"tags":[3445,84,1436,2506,207,4441,4341,309,4528,572,1442,239,2732,128,85,2733,83,419,416,6005,1058,429],"news-destination":[3944],"news-source":[475],"is_homepage":[],"ta_other":[],"class_list":["post-34989","post","type-post","status-publish","format-standard","has-post-thumbnail","hentry","category-accueil-merge","category-accueil-third","category-environnement","tag-algues","tag-biodiversite","tag-calanques","tag-carbone","tag-changement-climatique","tag-conchyliculture","tag-coquillages","tag-eau","tag-etang-de-thau","tag-france","tag-gorgones","tag-herault","tag-ifremer","tag-mediterranee","tag-mer","tag-oceans","tag-posidonie","tag-rechauffement-climatique","tag-recherche-scientifique","tag-sardines","tag-science","tag-sete","news-destination-homepage","news-source-website"],"_links":{"self":[{"href":"https:\/\/euapp01.newsmemory.com\/lamarseillaise\/news\/wp-json\/wp\/v2\/posts\/34989","targetHints":{"allow":["GET"]}}],"collection":[{"href":"https:\/\/euapp01.newsmemory.com\/lamarseillaise\/news\/wp-json\/wp\/v2\/posts"}],"about":[{"href":"https:\/\/euapp01.newsmemory.com\/lamarseillaise\/news\/wp-json\/wp\/v2\/types\/post"}],"author":[{"embeddable":true,"href":"https:\/\/euapp01.newsmemory.com\/lamarseillaise\/news\/wp-json\/wp\/v2\/users\/1"}],"replies":[{"embeddable":true,"href":"https:\/\/euapp01.newsmemory.com\/lamarseillaise\/news\/wp-json\/wp\/v2\/comments?post=34989"}],"version-history":[{"count":1,"href":"https:\/\/euapp01.newsmemory.com\/lamarseillaise\/news\/wp-json\/wp\/v2\/posts\/34989\/revisions"}],"predecessor-version":[{"id":34991,"href":"https:\/\/euapp01.newsmemory.com\/lamarseillaise\/news\/wp-json\/wp\/v2\/posts\/34989\/revisions\/34991"}],"wp:featuredmedia":[{"embeddable":true,"href":"https:\/\/euapp01.newsmemory.com\/lamarseillaise\/news\/wp-json\/wp\/v2\/media\/34990"}],"wp:attachment":[{"href":"https:\/\/euapp01.newsmemory.com\/lamarseillaise\/news\/wp-json\/wp\/v2\/media?parent=34989"}],"wp:term":[{"taxonomy":"category","embeddable":true,"href":"https:\/\/euapp01.newsmemory.com\/lamarseillaise\/news\/wp-json\/wp\/v2\/categories?post=34989"},{"taxonomy":"post_tag","embeddable":true,"href":"https:\/\/euapp01.newsmemory.com\/lamarseillaise\/news\/wp-json\/wp\/v2\/tags?post=34989"},{"taxonomy":"news-destination","embeddable":true,"href":"https:\/\/euapp01.newsmemory.com\/lamarseillaise\/news\/wp-json\/wp\/v2\/news-destination?post=34989"},{"taxonomy":"news-source","embeddable":true,"href":"https:\/\/euapp01.newsmemory.com\/lamarseillaise\/news\/wp-json\/wp\/v2\/news-source?post=34989"},{"taxonomy":"is_homepage","embeddable":true,"href":"https:\/\/euapp01.newsmemory.com\/lamarseillaise\/news\/wp-json\/wp\/v2\/is_homepage?post=34989"},{"taxonomy":"ta_other","embeddable":true,"href":"https:\/\/euapp01.newsmemory.com\/lamarseillaise\/news\/wp-json\/wp\/v2\/ta_other?post=34989"}],"curies":[{"name":"wp","href":"https:\/\/api.w.org\/{rel}","templated":true}]}}