{"id":34986,"date":"2026-07-03T07:11:00","date_gmt":"2026-07-03T05:11:00","guid":{"rendered":"https:\/\/euapp01.newsmemory.com\/lamarseillaise\/news\/?p=34986"},"modified":"2026-07-07T08:17:22","modified_gmt":"2026-07-07T06:17:22","slug":"a-lille-les-communistes-tournes-vers-lavenir","status":"publish","type":"post","link":"https:\/\/euapp01.newsmemory.com\/lamarseillaise\/news\/2026\/07\/03\/a-lille-les-communistes-tournes-vers-lavenir\/","title":{"rendered":"\u00c0 Lille, les communistes tourn\u00e9s vers l\u2019avenir"},"content":{"rendered":"<div class=\"paragraph\">\n<p>D\u2019une extr\u00e9mit\u00e9 \u00e0 une autre. Trois ans apr\u00e8s avoir \u00e9t\u00e9 accueillis sur les hauteurs du Vieux-Port de Marseille, c\u2019est dans les terres nordistes que se rassembleront les d\u00e9l\u00e9gu\u00e9s des f\u00e9d\u00e9rations communistes \u00e0 compter de ce vendredi. Pendant trois jours ce week-end, le Grand Th\u00e9\u00e2tre de Lille accueillera ainsi les d\u00e9bats du 40<sup>e<\/sup> congr\u00e8s du Parti communiste fran\u00e7ais, la conclusion de plusieurs mois d\u2019\u00e9changes pour les plus de 37<b>\u00a0<\/b>000 militants. Mais si en 2023 les \u00e9changes se tenaient dans un contexte de mouvement social d\u2019ampleur contre la r\u00e9forme des retraites, cette fois les esprits se tournent de plus en plus vers les \u00e9ch\u00e9ances \u00e9lectorales de l\u2019ann\u00e9e \u00e0 venir, de la pr\u00e9sidentielle aux l\u00e9gislatives, et la volont\u00e9 de pr\u00e9senter une candidature communiste sera au c\u0153ur des d\u00e9bats.<\/p>\n<\/p><\/div>\n<div class=\"intext\"> Processus d\u00e9mocratique\n              <\/div>\n<div class=\"paragraph\">\n<p>Deux mois apr\u00e8s l\u2019adoption, le 29\u00a0mars dernier, d\u2019une base commune par le conseil national du PCF, les deux tiers des militants s\u2019\u00e9taient d\u00e9plac\u00e9s pour choisir le texte qui servirait de base \u00e0 leurs d\u00e9bats. Avec plus de 14<b>\u00a0<\/b>000 voix et les suffrages de 61,4% des votants, c\u2019est cette base commune pr\u00e9sent\u00e9e par la direction sortante, \u00ab\u00a0<i>Pour un communisme de conqu\u00eate<\/i>\u00a0\u00bb, qui avait \u00e9t\u00e9 choisie les 6 et 7\u00a0juin face aux trois textes alternatifs d\u00e9pos\u00e9s. \u00ab<i>\u00a0<\/i><i>Les communistes ont la culture du d\u00e9bat<\/i><b>\u00a0<\/b><i>!<\/i>\u00a0\u00bb expliquait dans nos colonnes le secr\u00e9taire national du PCF Fabien Roussel (notre \u00e9dition du 23\u00a0mai), m\u00eame s\u2019il regrettait la multiplication de ces textes face au risque de division dans les rangs du parti \u00ab<i>\u00a0<\/i><i>\u00e0 un moment o\u00f9, au contraire, nous avons besoin d\u2019un parti solide pour d\u00e9fendre la classe ouvri\u00e8re<\/i>\u00a0\u00bb. \u00ab<i>\u00a0<\/i><i>J\u2019ai entendu \u00e0 travers les textes alternatifs les remarques, les manques, les doutes. Nous allons avoir tout le temps du congr\u00e8s pour les int\u00e9grer<\/i>\u00a0\u00bb, promettait-il deux semaines avant ce vote en esp\u00e9rant \u00ab<i>\u00a0<\/i><i>un parti le plus uni possible dans la pr\u00e9paration de ce congr\u00e8s<\/i>\u00a0\u00bb.<\/p>\n<p>Du 12 au 14\u00a0juin, c\u2019est dans les sections qu\u2019ont eu lieu ces d\u00e9bats, avant que ceux-ci ne remontent aux congr\u00e8s d\u00e9partementaux une semaine plus tard, le week-end du 19 au 21\u00a0juin. L\u2019occasion pour chaque f\u00e9d\u00e9ration d\u2019amender les textes mais aussi de renouveler son ex\u00e9cutif d\u00e9partemental. D\u00e9sormais, tous les amendements qui ont \u00e9t\u00e9 d\u00e9battus dans chacune des sections arrivent dans l\u2019enceinte lilloise, port\u00e9s par les d\u00e9l\u00e9gu\u00e9s des diff\u00e9rentes f\u00e9d\u00e9rations, pour r\u00e9\u00e9crire, enrichir cette base commune \u00ab<i>\u00a0<\/i><i>largement amendable<\/i>\u00a0\u00bb soulignait Fabien Roussel, et ainsi dessiner les orientations du PCF pour les ann\u00e9es \u00e0 venir.<\/p>\n<p>Parmi celles-ci, la base commune r\u00e9introduit la notion d\u2019un \u00ab\u00a0<i>socialisme aux couleurs de la France<\/i>\u00a0\u00bb, qui avait \u00e9t\u00e9 abandonn\u00e9e lors du 29<sup>e<\/sup>\u00a0congr\u00e8s du parti, \u00e0 La D\u00e9fense. Et d\u00e9fend donc ce principe d\u2019une transition vers le communisme, \u00ab<i>\u00a0<\/i><i>marqu\u00e9e par la coexistence et la confrontation entre des logiques h\u00e9rit\u00e9es du capitalisme et des formes nouvelles de production, de propri\u00e9t\u00e9 et de pouvoir appel\u00e9es \u00e0 se d\u00e9velopper<\/i>\u00a0\u00bb, d\u00e9crit le texte. Une notion qui a d\u00e9j\u00e0 largement anim\u00e9 les d\u00e9bats des congr\u00e8s locaux.<\/p>\n<\/p><\/div>\n<div class=\"intext\"> Quelle strat\u00e9gie en 2027\u00a0?\n              <\/div>\n<div class=\"paragraph\">\n<p>Mais surtout, elle s\u2019inscrit dans la continuit\u00e9 des deux pr\u00e9c\u00e9dents congr\u00e8s en affirmant que \u00ab<i>\u00a0<\/i><i>les communistes consid\u00e8rent avoir toute l\u00e9gitimit\u00e9 pour porter une candidature de rassemblement issue de leur rang, pour l\u2019\u00e9lection pr\u00e9sidentielle comme pour l\u2019ensemble des scrutins locaux et nationaux du pays<\/i>\u00a0\u00bb. De quoi faire un premier pas vers une nouvelle candidature pour le scrutin de 2027, qui doit encore recevoir l\u2019aval des militants en septembre (lire ci-contre) mais est d\u00e9j\u00e0 au c\u0153ur des d\u00e9bats. Sans attendre le r\u00e9sultat de la pr\u00e9sidentielle, le PCF veut aussi \u00ab<i>\u00a0<\/i><i>engager les discussions n\u00e9cessaires avec le reste de la gauche afin de d\u00e9terminer, dans toutes les circonscriptions menac\u00e9es d\u2019un succ\u00e8s de l\u2019extr\u00eame droite ou de ses alli\u00e9s, les candidatures disposant de la meilleure implantation et de la meilleure repr\u00e9sentativit\u00e9 pour l\u2019emporter<\/i>\u00a0\u00bb.<\/p>\n<p>Enfin, en conclusion des d\u00e9bats le dimanche 5\u00a0juillet, le congr\u00e8s d\u00e9signera aussi les membres de la nouvelle direction nationale du PCF. Avec une volont\u00e9 de r\u00e9duire le nombre de membres de son conseil national<b>\u00a0<\/b>: la commission des candidatures propose ainsi de faire passer le nombre de si\u00e8ges de 186 \u00e0 154, \u00e0 parit\u00e9, s\u00e9lectionn\u00e9s parmi les 250\u00a0noms propos\u00e9s par les f\u00e9d\u00e9rations pour repr\u00e9senter toutes les sensibilit\u00e9s et la diversit\u00e9 du parti, en insistant sur le respect des orientations choisies. Si ce choix est avalis\u00e9, 30% des responsables nationaux seraient ainsi renouvel\u00e9s. Et \u00e0 sa t\u00eate, Fabien Roussel est propos\u00e9 pour un nouveau mandat de secr\u00e9taire national, huit ans apr\u00e8s le congr\u00e8s d\u2019Ivry-sur-Seine en 2018.<\/p>\n<\/p><\/div>\n<div class=\"paragraph\">\n<p><i><b>ILS Y SERONT<\/b><\/i><\/p>\n<\/p><\/div>\n<div class=\"paragraph\">\n<p><b>Un vote des militants du 3 au 6 septembre sur la pr\u00e9sidentielle<\/b><\/p>\n<p>\u00c0 l\u2019issue du congr\u00e8s de Lille, dimanche 5 juillet au matin, le nouveau conseil national \u00e9lu et les d\u00e9l\u00e9gu\u00e9s des f\u00e9d\u00e9rations se r\u00e9uniront en \u00ab conf\u00e9rence nationale \u00bb. Objectif : d\u00e9finir une proposition et un bulletin de vote qui sera soumis au vote de l\u2019ensemble des communistes pour se positionner sur la pr\u00e9sidentielle. En effet, comme le pr\u00e9voient les statuts du PCF, ce sont les adh\u00e9rents qui ont le dernier mot.<\/p>\n<p>La conf\u00e9rence nationale fera part de l\u2019option qu\u2019elle d\u00e9fend en mati\u00e8re de strat\u00e9gie et de candidature puis listera les autres options en pr\u00e9sence afin que les communistes puissent trancher d\u00e9mocratiquement lors d\u2019un vote national qui se tiendra du 3 au 6 septembre.<\/p>\n<p>Dans l\u2019intervalle, les adh\u00e9rents du PCF pourront s\u2019approprier le texte de congr\u00e8s et d\u00e9battre dans leurs cellules, sections et f\u00e9d\u00e9rations, du choix qu\u2019il leur semble le meilleur pour la pr\u00e9sidentielle.<\/p>\n<p>Au regard du choix de la base commune de discussion, intitul\u00e9e \u00ab <i>communisme de conqu\u00eate<\/i> \u00bb, l\u2019option d\u2019une candidature de Fabien Roussel semble tenir la corde.<\/p>\n<p>L.P.<\/p>\n<\/p><\/div>\n","protected":false},"excerpt":{"rendered":"D&rsquo;une extr&eacute;mit&eacute; &agrave; une autre. Trois ans apr&egrave;s avoir &eacute;t&eacute; accueillis sur les hauteurs du Vieux-Port de Marseille, c&rsquo;est dans les terres nordistes que se rassembleront les &#8230;","protected":false},"author":1,"featured_media":34987,"comment_status":"open","ping_status":"open","sticky":false,"template":"","format":"standard","meta":{"footnotes":""},"categories":[3926,3925,330],"tags":[942,606,572,250,677],"news-destination":[3944],"news-source":[475],"is_homepage":[],"ta_other":[],"class_list":["post-34986","post","type-post","status-publish","format-standard","has-post-thumbnail","hentry","category-accueil-merge","category-accueil-third","category-politique","tag-congres","tag-fabien-roussel","tag-france","tag-pcf","tag-presidentielle","news-destination-homepage","news-source-website"],"_links":{"self":[{"href":"https:\/\/euapp01.newsmemory.com\/lamarseillaise\/news\/wp-json\/wp\/v2\/posts\/34986","targetHints":{"allow":["GET"]}}],"collection":[{"href":"https:\/\/euapp01.newsmemory.com\/lamarseillaise\/news\/wp-json\/wp\/v2\/posts"}],"about":[{"href":"https:\/\/euapp01.newsmemory.com\/lamarseillaise\/news\/wp-json\/wp\/v2\/types\/post"}],"author":[{"embeddable":true,"href":"https:\/\/euapp01.newsmemory.com\/lamarseillaise\/news\/wp-json\/wp\/v2\/users\/1"}],"replies":[{"embeddable":true,"href":"https:\/\/euapp01.newsmemory.com\/lamarseillaise\/news\/wp-json\/wp\/v2\/comments?post=34986"}],"version-history":[{"count":1,"href":"https:\/\/euapp01.newsmemory.com\/lamarseillaise\/news\/wp-json\/wp\/v2\/posts\/34986\/revisions"}],"predecessor-version":[{"id":34988,"href":"https:\/\/euapp01.newsmemory.com\/lamarseillaise\/news\/wp-json\/wp\/v2\/posts\/34986\/revisions\/34988"}],"wp:featuredmedia":[{"embeddable":true,"href":"https:\/\/euapp01.newsmemory.com\/lamarseillaise\/news\/wp-json\/wp\/v2\/media\/34987"}],"wp:attachment":[{"href":"https:\/\/euapp01.newsmemory.com\/lamarseillaise\/news\/wp-json\/wp\/v2\/media?parent=34986"}],"wp:term":[{"taxonomy":"category","embeddable":true,"href":"https:\/\/euapp01.newsmemory.com\/lamarseillaise\/news\/wp-json\/wp\/v2\/categories?post=34986"},{"taxonomy":"post_tag","embeddable":true,"href":"https:\/\/euapp01.newsmemory.com\/lamarseillaise\/news\/wp-json\/wp\/v2\/tags?post=34986"},{"taxonomy":"news-destination","embeddable":true,"href":"https:\/\/euapp01.newsmemory.com\/lamarseillaise\/news\/wp-json\/wp\/v2\/news-destination?post=34986"},{"taxonomy":"news-source","embeddable":true,"href":"https:\/\/euapp01.newsmemory.com\/lamarseillaise\/news\/wp-json\/wp\/v2\/news-source?post=34986"},{"taxonomy":"is_homepage","embeddable":true,"href":"https:\/\/euapp01.newsmemory.com\/lamarseillaise\/news\/wp-json\/wp\/v2\/is_homepage?post=34986"},{"taxonomy":"ta_other","embeddable":true,"href":"https:\/\/euapp01.newsmemory.com\/lamarseillaise\/news\/wp-json\/wp\/v2\/ta_other?post=34986"}],"curies":[{"name":"wp","href":"https:\/\/api.w.org\/{rel}","templated":true}]}}