{"id":34983,"date":"2026-07-03T07:13:00","date_gmt":"2026-07-03T05:13:00","guid":{"rendered":"https:\/\/euapp01.newsmemory.com\/lamarseillaise\/news\/?p=34983"},"modified":"2026-07-07T08:17:22","modified_gmt":"2026-07-07T06:17:22","slug":"lecureuil-etablit-son-nouveau-nid-au-velodrome","status":"publish","type":"post","link":"https:\/\/euapp01.newsmemory.com\/lamarseillaise\/news\/2026\/07\/03\/lecureuil-etablit-son-nouveau-nid-au-velodrome\/","title":{"rendered":"L\u2019\u00c9cureuil \u00e9tablit son nouveau nid au V\u00e9lodrome"},"content":{"rendered":"<div class=\"paragraph\">\n<p>Dix ans apr\u00e8s, Orange va s\u2019estomper de la fa\u00e7ade du V\u00e9lodrome. D\u00e9sormais, c\u2019est un autre nom qui sera associ\u00e9 \u00e0 celui du th\u00e9\u00e2tre des r\u00eaves phoc\u00e9ens. Un nom que les Marseillais connaissent bien. Cepac, pour Caisse d\u2019\u00c9pargne Provence-Alpes-Corse. Une appellation d\u00e9j\u00e0 \u00e9troitement li\u00e9e \u00e0 l\u2019histoire de l\u2019OM, puisque la soci\u00e9t\u00e9 est un partenaire privil\u00e9gi\u00e9 du club depuis quarante ans.<\/p>\n<p>\u00ab\u00a0<i>Nous avons convenu d\u2019un mariage volontaire. Qui concr\u00e9tise une vraie ambition en inscrivant notre nom sur un monument qui sert \u00e0 la fois l\u2019OM et d\u2019autres activit\u00e9s<\/i>\u00a0\u00bb, justifie Christine Fabresse. La pr\u00e9sidente du directoire de la banque r\u00e9gionale voit dans cette alliance bien plus qu\u2019un simple rapprochement \u00e9conomique\u00a0: \u00ab\u00a0<i>Nous sommes un acteur du territoire depuis plus de deux si\u00e8cles, nous sommes la banque du milieu sportif et, \u00e0 l\u2019image de l\u2019OM, nous avons une attractivit\u00e9 qui court au-del\u00e0 de territoire r\u00e9gional.<\/i>\u00a0\u00bb<\/p>\n<\/p><\/div>\n<div class=\"intext\"> Visibilit\u00e9 exceptionnelle\n              <\/div>\n<div class=\"paragraph\">\n<p>St\u00e9phane Richard, qui lorsqu\u2019il \u00e9tait \u00e0 la t\u00eate d\u2019Orange, a n\u00e9goci\u00e9 le premier naming de l\u2019histoire olympienne, sait tr\u00e8s bien, comme Christine Fabresse, \u00ab\u00a0<i>que pour les gens, le V\u00e9lodrome sera toujours le V\u00e9lodrome et que tr\u00e8s peu vont l\u2019appeler Cepac V\u00e9lodrome<\/i>\u00a0\u00bb. Mais c\u2019est l\u2019image qui compte. \u00ab\u00a0<i>Celle d\u2019un stade en c\u0153ur de ville, qui est sans doute le plus photographi\u00e9 de France et donc, pour le nom du partenaire, c\u2019est la perspective d\u2019avoir une visibilit\u00e9 exceptionnelle<\/i>\u00a0\u00bb, souligne le pr\u00e9sident.<\/p>\n<p>En renfor\u00e7ant sa pr\u00e9sence aux c\u00f4t\u00e9s de l\u2019OM, Christine Fabresse ne souhaite pas se limiter \u00e0 un simple contrat de naming\u00a0: \u00ab\u00a0<i>Nous allons donner du sens \u00e0 cette d\u00e9marche. Ouvrir le stade \u00e0 un plus grand nombre de personnes.<\/i>\u00a0\u00bb En dehors des rendez-vous sportifs ou festifs, \u00e0 l\u2019image du concert de Bad Bunny, des invitations gratuites seront propos\u00e9es chaque ann\u00e9e \u00e0 divers publics pour qu\u2019ils d\u00e9couvrent l\u2019envers du d\u00e9cor. \u00ab\u00a0<i>Nous comptons proposer des op\u00e9rations en collaboration avec des associations intervenant aupr\u00e8s d\u2019enfants malades, dans les \u00e9coles, ou encore accompagnant les femmes victimes de violences<\/i>\u00a0\u00bb, d\u00e9taille-t-elle. La Cepac va \u00e9galement relancer une carte de cr\u00e9dit aux couleurs de l\u2019OM.<\/p>\n<p>Ce partenariat lance une nouvelle dynamique, \u00ab\u00a0<i>dans un V\u00e9lodrome qui est l\u2019OM et l\u2019OM qui est le V\u00e9lodrome. Nous allons faire vivre un site capital, un \u00e9l\u00e9ment de force avec de tr\u00e8s belles choses qui vont compl\u00e9ter les matches<\/i>\u00a0\u00bb, indique St\u00e9phane Richard.<\/p>\n<\/p><\/div>\n<div class=\"paragraph\">\n<p><b>St\u00e9phane Richard veut \u00ab r\u00e9inventer l\u2019OM sans renoncer aux ambitions \u00bb<\/b><\/p>\n<p>\u00c0 l\u2019occasion de l\u2019officialisation du partenariat entre le club qu\u2019il pr\u00e9side d\u00e9sormais et la Cepac, St\u00e9phane Richard a tenu \u00e0 rassurer concernant les finances olympiennes. \u00ab <i>Nous avons d\u00fb faire face \u00e0 des \u00e9ch\u00e9ances qui n\u2019\u00e9taient pas faciles, mais elles sont derri\u00e8re nous<\/i> \u00bb, a-t-il d\u00e9clar\u00e9.<\/p>\n<p>Pour n\u2019avoir pas respect\u00e9 ses engagements concernant le fair-play financier, l\u2019UEFA a sanctionn\u00e9 l\u2019OM d\u2019une amende de 10 millions d\u2019euros, assortie d\u2019une suspension de participation aux coupes d\u2019Europe avec sursis. De son c\u00f4t\u00e9, la DNCG a d\u00e9cid\u00e9 d\u2019un encadrement de la masse salariale et des recrutements. \u00ab <i>La situation est clarifi\u00e9e<\/i> \u00bb, a-t-il poursuivi.<\/p>\n<p>Avant de d\u00e9tailler quelle sera la politique qu\u2019il compte mener en mati\u00e8re de recrutement : \u00ab <i>Nous souhaitons mettre en route un nouveau cycle, en travaillant dans le calme, le s\u00e9rieux et la discr\u00e9tion.<\/i> \u00bb Il compte miser sur \u00ab <i>la formation et changer de mod\u00e8le \u00e9conomique, car celui qui a \u00e9t\u00e9 choisi avant nous n\u2019a pas donn\u00e9 de r\u00e9sultats. Le moment est venu de r\u00e9inventer l\u2019OM sans renoncer aux ambitions<\/i> \u00bb.<\/p>\n<p>M.Ga.<\/p>\n<\/p><\/div>\n","protected":false},"excerpt":{"rendered":"Dix ans apr&egrave;s, Orange va s&rsquo;estomper de la fa&ccedil;ade du V&eacute;lodrome. D&eacute;sormais, c&rsquo;est un autre nom qui sera associ&eacute; &agrave; celui du th&eacute;&acirc;tre des r&ecirc;ves phoc&eacute;ens. Un nom que les &#8230;","protected":false},"author":1,"featured_media":34984,"comment_status":"open","ping_status":"open","sticky":false,"template":"","format":"standard","meta":{"footnotes":""},"categories":[3926,3925,7],"tags":[5611,13,16,14,3480,1843],"news-destination":[3944],"news-source":[475],"is_homepage":[],"ta_other":[],"class_list":["post-34983","post","type-post","status-publish","format-standard","has-post-thumbnail","hentry","category-accueil-merge","category-accueil-third","category-sports","tag-cepac","tag-football","tag-marseille","tag-om","tag-stade-velodrome","tag-velodrome","news-destination-homepage","news-source-website"],"_links":{"self":[{"href":"https:\/\/euapp01.newsmemory.com\/lamarseillaise\/news\/wp-json\/wp\/v2\/posts\/34983","targetHints":{"allow":["GET"]}}],"collection":[{"href":"https:\/\/euapp01.newsmemory.com\/lamarseillaise\/news\/wp-json\/wp\/v2\/posts"}],"about":[{"href":"https:\/\/euapp01.newsmemory.com\/lamarseillaise\/news\/wp-json\/wp\/v2\/types\/post"}],"author":[{"embeddable":true,"href":"https:\/\/euapp01.newsmemory.com\/lamarseillaise\/news\/wp-json\/wp\/v2\/users\/1"}],"replies":[{"embeddable":true,"href":"https:\/\/euapp01.newsmemory.com\/lamarseillaise\/news\/wp-json\/wp\/v2\/comments?post=34983"}],"version-history":[{"count":1,"href":"https:\/\/euapp01.newsmemory.com\/lamarseillaise\/news\/wp-json\/wp\/v2\/posts\/34983\/revisions"}],"predecessor-version":[{"id":34985,"href":"https:\/\/euapp01.newsmemory.com\/lamarseillaise\/news\/wp-json\/wp\/v2\/posts\/34983\/revisions\/34985"}],"wp:featuredmedia":[{"embeddable":true,"href":"https:\/\/euapp01.newsmemory.com\/lamarseillaise\/news\/wp-json\/wp\/v2\/media\/34984"}],"wp:attachment":[{"href":"https:\/\/euapp01.newsmemory.com\/lamarseillaise\/news\/wp-json\/wp\/v2\/media?parent=34983"}],"wp:term":[{"taxonomy":"category","embeddable":true,"href":"https:\/\/euapp01.newsmemory.com\/lamarseillaise\/news\/wp-json\/wp\/v2\/categories?post=34983"},{"taxonomy":"post_tag","embeddable":true,"href":"https:\/\/euapp01.newsmemory.com\/lamarseillaise\/news\/wp-json\/wp\/v2\/tags?post=34983"},{"taxonomy":"news-destination","embeddable":true,"href":"https:\/\/euapp01.newsmemory.com\/lamarseillaise\/news\/wp-json\/wp\/v2\/news-destination?post=34983"},{"taxonomy":"news-source","embeddable":true,"href":"https:\/\/euapp01.newsmemory.com\/lamarseillaise\/news\/wp-json\/wp\/v2\/news-source?post=34983"},{"taxonomy":"is_homepage","embeddable":true,"href":"https:\/\/euapp01.newsmemory.com\/lamarseillaise\/news\/wp-json\/wp\/v2\/is_homepage?post=34983"},{"taxonomy":"ta_other","embeddable":true,"href":"https:\/\/euapp01.newsmemory.com\/lamarseillaise\/news\/wp-json\/wp\/v2\/ta_other?post=34983"}],"curies":[{"name":"wp","href":"https:\/\/api.w.org\/{rel}","templated":true}]}}