{"id":34977,"date":"2026-07-03T06:53:00","date_gmt":"2026-07-03T04:53:00","guid":{"rendered":"https:\/\/euapp01.newsmemory.com\/lamarseillaise\/news\/?p=34977"},"modified":"2026-07-07T08:17:22","modified_gmt":"2026-07-07T06:17:22","slug":"entretien-cecile-helle-je-suis-surprise-lattaque-du-maire-est-extremement-violente","status":"publish","type":"post","link":"https:\/\/euapp01.newsmemory.com\/lamarseillaise\/news\/2026\/07\/03\/entretien-cecile-helle-je-suis-surprise-lattaque-du-maire-est-extremement-violente\/","title":{"rendered":"[Entretien] C\u00e9cile Helle : \u00ab&nbsp;Je suis surprise, l\u2019attaque du maire est extr\u00eamement violente&nbsp;\u00bb"},"content":{"rendered":"<div class=\"paragraph\">\n<p>Sollicit\u00e9e par <i>La<\/i><i>\u00a0<\/i><i>Marseillaise<\/i>, l\u2019ancienne premi\u00e8re magistrate a accept\u00e9 de sortir de la \u00ab\u00a0r\u00e9serve\u00a0\u00bb qu\u2019elle s\u2019impose depuis qu\u2019elle n\u2019est plus en responsabilit\u00e9. Et ce, afin de r\u00e9tablir sa v\u00e9rit\u00e9 <a rel=\"noopener noreferrer\" href=\"https:\/\/www.lamarseillaise.fr\/politique\/avignon-galzi-accuse-l-ex-majorite-d-avoir-manipule-les-comptes-OE20428732\" target=\"_blank\">financi\u00e8re apr\u00e8s les lourdes accusations sur sa gestion port\u00e9es par son successeur<\/a> Olivier Galzi (DVD).<\/p>\n<p>La Marseillaise\u00a0: <b>Quelle a \u00e9t\u00e9 votre r\u00e9action quand vous avez entendu Olivier Galzi dire que \u00ab<\/b><b>\u00a0<\/b><b>la Ville est un champ de ruines<\/b><b>\u00a0<\/b><b>\u00bb<\/b>\u00a0<b>?<\/b><\/p>\n<p>C\u00e9cile Helle\u00a0: J\u2019ai m\u00fbrement r\u00e9fl\u00e9chi avant de sortir de mon silence. Je comprends qu\u2019il y ait une th\u00e9\u00e2tralisation dans la mise en sc\u00e8ne, mais outranci\u00e8re. Il faut savoir raison garder et ramener sur la r\u00e9alit\u00e9 des chiffres. En 2014, on avait fait un audit, mais on n\u2019avait pas cherch\u00e9 \u00e0 l\u2019exploiter politiquement. La diff\u00e9rence aussi par rapport \u00e0 nous quand on est arriv\u00e9, c\u2019est que l\u00e0, il y a un rapport de la chambre r\u00e9gionale des comptes (CRC) qui est tomb\u00e9 quasiment au m\u00eame moment que l\u2019audit. C\u2019est cela qui pr\u00e9vaut, avec des magistrats ind\u00e9pendants qui ont analys\u00e9 la situation financi\u00e8re de la ville de 2019 \u00e0 2024. On peut leur faire confiance. Ils ont aussi pos\u00e9 un certain nombre de questions sur le budget de 2025, m\u00eame s\u2019ils n\u2019en ont pas formellement rendu compte dans leur analyse.<\/p>\n<p><b>Vous vous inscrivez en faux avec les donn\u00e9es avanc\u00e9es par Olivier Galzi<\/b>\u00a0<b>?<\/b><\/p>\n<p>C.H.\u00a0: Je suis surprise de cette analyse. Les villes ont l\u2019habitude d\u2019\u00eatre accompagn\u00e9es par des cabinets qui font r\u00e9guli\u00e8rement des prospectifs financiers avec des sc\u00e9narios alarmistes. Chacun des budgets qu\u2019on a eu \u00e0 construire, \u00e7a a \u00e9t\u00e9 des combats. Quand on a des convictions, comme nous, pour porter un haut niveau de service public, pour \u00eatre sur des politiques de solidarit\u00e9 et de soutien au pouvoir d\u2019achat des familles, tout en pr\u00e9parant la ville aussi \u00e0 la transition climatique, \u00e0 travers un haut niveau d\u2019investissement, il faut y aller, ne pas avoir peur de l\u2019adversit\u00e9 et surtout ne pas refuser l\u2019obstacle. Quand j\u2019ai rencontr\u00e9 Olivier Galzi lors de la passation de pouvoir, c\u2019est un point sur lequel je l\u2019avais alert\u00e9 en le pr\u00e9venant qu\u2019il fallait vraiment \u00eatre en premi\u00e8re ligne pour piloter et suivre le budget. Quant aux chiffres avanc\u00e9s, il y a non seulement le rapport de la CRC, mais aussi le compte administratif 2025. On sort avec une \u00e9pargne brute qui est \u00e0 21,5\u00a0millions d\u2019euros et un exc\u00e9dent de 18\u00a0millions d\u2019euros. En 2025, on a r\u00e9ussi notre plus haut niveau de d\u00e9sendettement \u00e0 2,4\u00a0millions d\u2019euros, ce qui \u00e9tait une des exigences de la CRC. Je ne dis pas qu\u2019il n\u2019y a pas de points d\u2019alerte, mais est-ce \u00e7a la faillite\u00a0?<\/p>\n<p><b>Le maire dit qu\u2019il y a <\/b><b>eu 5<\/b><b>\u00a0<\/b><b>millions <\/b><b>d\u2019euros de glissement du budget 2025 non pay\u00e9es vers 2026.<\/b><\/p>\n<p>C.H.\u00a0: Je n\u2019ai pas les \u00e9l\u00e9ments. Je n\u2019ai eu aucune alerte de ce point de vue l\u00e0, y compris lorsque j\u2019ai refait une r\u00e9union sur le budget en mars, o\u00f9 j\u2019avais demand\u00e9 des documents pour qu\u2019il y ait un dossier transmis au futur maire. Je n\u2019ai eu aucune alerte des services, ni du comptable public, ni du pr\u00e9fet [Olivier Galzi met en avant un courrier sign\u00e9 par le pr\u00e9fet et le directeur des finances publiques qui fait \u00e9tat de mauvais indicateurs], avec qui j\u2019ai d\u00e9jeun\u00e9 en t\u00eate \u00e0 t\u00eate \u00e0 la mi-f\u00e9vrier. Chaque ann\u00e9e, il y a des reports. C\u2019est de la gestion des comptabilit\u00e9s, mais au d\u00e9but de chaque mois de d\u00e9cembre, on arr\u00eate ce qu\u2019on appelle les mandatements, donc de payer les factures. Et ce, \u00e0 la demande du comptable public. Et donc n\u00e9cessairement, tout \u00e7a glisse sur l\u2019ann\u00e9e suivante.<\/p>\n<p><b>Quid aussi, par exemple, de l\u2019absence de fond pour faire <a rel=\"noopener noreferrer\" href=\"https:\/\/www.lamarseillaise.fr\/societe\/plongee-dans-le-chantier-de-renovation-de-la-piscine-reyne-a-avignon-IO19605278\" target=\"_blank\">fonctionner la piscine Pierre-Reyne, qui doit rouvrir cette ann\u00e9e apr\u00e8s travaux<\/a><\/b>\u00a0<b><a rel=\"noopener noreferrer\" href=\"https:\/\/www.lamarseillaise.fr\/societe\/plongee-dans-le-chantier-de-renovation-de-la-piscine-reyne-a-avignon-IO19605278\" target=\"_blank\">?<\/a><\/b><\/p>\n<p>C.H.\u00a0: On avait bien pr\u00e9cis\u00e9 que le budget primitif qui \u00e9tait pr\u00e9sent\u00e9 en d\u00e9cembre offrait un cadre global avec les grandes orientations. J\u2019assume le budget sur le premier trimestre, mais pas la suite. Vu que la piscine allait rouvrir au plus tard en septembre, c\u2019est au nouveau maire de calibrer la d\u00e9pense de fonctionnement qui est li\u00e9e \u00e0 la r\u00e9ouverture de cet \u00e9quipement. Je l\u2019ai fait quand on a rouvert les piscines Jean-Cl\u00e9ment et Chevalier de Folard. Quand pendant l\u2019\u00e9t\u00e9, on d\u00e9cide de ne pas ouvrir toutes les piscines, c\u2019est dans un souci d\u2019une gestion financi\u00e8re soutenable du budget annexe des activit\u00e9s aquatiques. Il faut trouver ensuite un juste \u00e9quilibre. J\u2019avais fait travailler les services sur diff\u00e9rents sc\u00e9narios et ce que \u00e7a repr\u00e9sente en d\u00e9penses de fluides, de ressources humaines. C\u2019est bien le r\u00f4le d\u2019un maire que de piloter au plus pr\u00e8s les budgets.<\/p>\n<p><b>Cette description apocalyptique sert-elle \u00e0 pr\u00e9parer les esprits \u00e0 des renoncements ou privatisations<\/b>\u00a0<b>?<\/b><\/p>\n<p>C.H.\u00a0: Je pense que c\u2019est un habillage pour s\u00fbrement ensuite instaurer une politique d\u2019aust\u00e9rit\u00e9 et vraisemblablement de privatisations. Si on prend la cantine [service remunicipalis\u00e9 par C\u00e9cile Helle en 2015], la Ville ne d\u00e9pense pas plus aujourd\u2019hui que ce qu\u2019elle d\u00e9pensait quand elle versait une contribution \u00e0 Scolarest [d\u00e9l\u00e9gataire priv\u00e9]. Et entre-temps, on a assur\u00e9 une meilleure qualit\u00e9 alimentaire aux enfants, en baissant les tarifs en trois temps. Plus g\u00e9n\u00e9ralement, pendant 12\u00a0ans, on a r\u00e9ussi \u00e0 construire des budgets, y compris dans des contextes o\u00f9 l\u2019adversit\u00e9 \u00e9tait encore plus forte qu\u2019\u00e0 l\u2019heure actuelle, comme en d\u00e9but de second mandat avec les crises sanitaires et \u00e9nerg\u00e9tiques. On a assum\u00e9 un haut niveau de subventions <a rel=\"noopener noreferrer\" href=\"https:\/\/www.lamarseillaise.fr\/politique\/a-avignon-la-baisse-des-subventions-aux-associations-irrite-la-gauche-BC20446557\" target=\"_blank\">aux associations [diminu\u00e9es de 10% au conseil municipal de mardi]<\/a> et d\u2019investissement sans jamais augmenter les imp\u00f4ts.<\/p>\n<p><b>Plus globalement, quel bilan tirez-vous des 100<\/b><b>\u00a0<\/b><b>premiers jours de votre successeur<\/b>\u00a0<b>?<\/b><\/p>\n<p>C.H.\u00a0: Je ne cherche pas \u00e0 commenter. Je pense avoir renvoy\u00e9 l\u2019image d\u2019une maire soucieuse du devenir de sa commune, de l\u2019accompagnement de ses concitoyens et qui a essay\u00e9 de faire au mieux dans le contexte qui est celui de la ville d\u2019Avignon\u00a0: \u00e0 savoir une ville pauvre o\u00f9 il y a 30% de m\u00e9nages qui vivent sous le seuil de pauvret\u00e9, o\u00f9 il y a 36% de logements sociaux, o\u00f9 on a un revenu moyen par habitant qui est de 13\u00a0000\u00a0euros, quand dans les villes de la m\u00eame strate c\u2019est 17\u00a0000\u00a0euros. Croire que la gestion d\u2019une ville comme Avignon est facile, c\u2019est se fourvoyer. En 2022, on a eu une ann\u00e9e budg\u00e9taire extr\u00eamement compliqu\u00e9e\u00a0: je suis all\u00e9e chercher, avec les dents, un total de 4\u00a0millions d\u2019euros dont 1 en toute fin d\u2019ann\u00e9e, apr\u00e8s un d\u00e9jeuner avec la Premi\u00e8re ministre. Alors c\u2019est s\u00fbr, moi, je n\u2019en ai pas fait un selfie sur le perron de Matignon.<\/p>\n<p><b>On ne vous a pas entendu sur le r\u00e9sultat des municipales. Y voyez-vous un rejet de votre bilan<\/b>\u00a0<b>?<\/b><\/p>\n<p>C.H.\u00a0: Je ne l\u2019ai pas analys\u00e9 comme \u00e7a. Parce que la liste conduite par David Fournier n\u2019a pas \u00e9t\u00e9 battue par un grand nombre de voix [40,62 % contre 38,01%]. Bien s\u00fbr qu\u2019il y a un regret qu\u2019il n\u2019y ait pas eu une continuit\u00e9 politique. Et quand je vois la manifestation<a rel=\"noopener noreferrer\" href=\"https:\/\/www.lamarseillaise.fr\/politique\/forte-mobilisation-contre-la-refonte-du-plan-de-circulation-d-avignon-GC20440701\" target=\"_blank\"> mardi [devant le conseil municipal contre le d\u00e9mant\u00e8lement du plan Faubourgs],<\/a> je me dis qu\u2019il y a quand m\u00eame des gens qui se sont reconnus dans ce qu\u2019il s\u2019est fait pendant 12\u00a0ans, et qu\u2019il ne faut pas simplement aller voir sur les r\u00e9seaux sociaux ou \u00e9couter les gens qui habitent dans l\u2019agglom\u00e9ration, mais pas dans la ville-centre.<\/p>\n<p><b>Quelle est d\u00e9sormais votre journ\u00e9e type<\/b>\u00a0<b>?<\/b><\/p>\n<p>C.H.\u00a0: Je suis redevenue une citoyenne d\u2019Avignon. Je n\u2019ai pas vocation \u00e0 revenir sur le devant de la sc\u00e8ne. Je l\u2019avais bien pr\u00e9cis\u00e9 et je n\u2019ai pas chang\u00e9 d\u2019avis. En voyant l\u2019attaque extr\u00eamement violente de la part du maire actuel, il fallait rappeler certaines choses. Il y a toute une temporalit\u00e9 de la part de M.\u00a0Galzi o\u00f9 il tape sur les pr\u00e9d\u00e9cesseurs, mais l\u00e0, maintenant, on va voir ce qu\u2019il est capable de faire sur le budget 2027. Y compris sur le plan pluriannuel d\u2019investissement [PPI] qu\u2019il va devoir construire sur tout son mandat. Je serais int\u00e9ress\u00e9e de voir ce qu\u2019il va proposer, l\u00e0 o\u00f9 il va mettre les priorit\u00e9s et qu\u2019il nous apporte la d\u00e9monstration qu\u2019il a un vrai projet, une vraie sensibilit\u00e9 aux enjeux environnementaux et aussi voir ses choix en termes d\u2019accompagnement des Avignonnais dans leur vie quotidienne et leurs difficult\u00e9s.<\/p>\n<\/p><\/div>\n","protected":false},"excerpt":{"rendered":"Sollicit&eacute;e par La&nbsp;Marseillaise, l&rsquo;ancienne premi&egrave;re magistrate a accept&eacute; de sortir de la &laquo;&nbsp;r&eacute;serve&nbsp;&raquo; qu&rsquo;elle s&rsquo;impose depuis qu&rsquo;elle n&rsquo;est plus en &#8230;","protected":false},"author":1,"featured_media":34978,"comment_status":"open","ping_status":"open","sticky":false,"template":"","format":"standard","meta":{"footnotes":""},"categories":[3926,3925,330],"tags":[495,174,190,343,913,752,4914,171],"news-destination":[3944],"news-source":[475],"is_homepage":[],"ta_other":[],"class_list":["post-34977","post","type-post","status-publish","format-standard","has-post-thumbnail","hentry","category-accueil-merge","category-accueil-third","category-politique","tag-495","tag-avignon","tag-cecile-helle","tag-entretien","tag-finances","tag-maire","tag-olivier-galzi","tag-vaucluse","news-destination-homepage","news-source-website"],"_links":{"self":[{"href":"https:\/\/euapp01.newsmemory.com\/lamarseillaise\/news\/wp-json\/wp\/v2\/posts\/34977","targetHints":{"allow":["GET"]}}],"collection":[{"href":"https:\/\/euapp01.newsmemory.com\/lamarseillaise\/news\/wp-json\/wp\/v2\/posts"}],"about":[{"href":"https:\/\/euapp01.newsmemory.com\/lamarseillaise\/news\/wp-json\/wp\/v2\/types\/post"}],"author":[{"embeddable":true,"href":"https:\/\/euapp01.newsmemory.com\/lamarseillaise\/news\/wp-json\/wp\/v2\/users\/1"}],"replies":[{"embeddable":true,"href":"https:\/\/euapp01.newsmemory.com\/lamarseillaise\/news\/wp-json\/wp\/v2\/comments?post=34977"}],"version-history":[{"count":1,"href":"https:\/\/euapp01.newsmemory.com\/lamarseillaise\/news\/wp-json\/wp\/v2\/posts\/34977\/revisions"}],"predecessor-version":[{"id":34979,"href":"https:\/\/euapp01.newsmemory.com\/lamarseillaise\/news\/wp-json\/wp\/v2\/posts\/34977\/revisions\/34979"}],"wp:featuredmedia":[{"embeddable":true,"href":"https:\/\/euapp01.newsmemory.com\/lamarseillaise\/news\/wp-json\/wp\/v2\/media\/34978"}],"wp:attachment":[{"href":"https:\/\/euapp01.newsmemory.com\/lamarseillaise\/news\/wp-json\/wp\/v2\/media?parent=34977"}],"wp:term":[{"taxonomy":"category","embeddable":true,"href":"https:\/\/euapp01.newsmemory.com\/lamarseillaise\/news\/wp-json\/wp\/v2\/categories?post=34977"},{"taxonomy":"post_tag","embeddable":true,"href":"https:\/\/euapp01.newsmemory.com\/lamarseillaise\/news\/wp-json\/wp\/v2\/tags?post=34977"},{"taxonomy":"news-destination","embeddable":true,"href":"https:\/\/euapp01.newsmemory.com\/lamarseillaise\/news\/wp-json\/wp\/v2\/news-destination?post=34977"},{"taxonomy":"news-source","embeddable":true,"href":"https:\/\/euapp01.newsmemory.com\/lamarseillaise\/news\/wp-json\/wp\/v2\/news-source?post=34977"},{"taxonomy":"is_homepage","embeddable":true,"href":"https:\/\/euapp01.newsmemory.com\/lamarseillaise\/news\/wp-json\/wp\/v2\/is_homepage?post=34977"},{"taxonomy":"ta_other","embeddable":true,"href":"https:\/\/euapp01.newsmemory.com\/lamarseillaise\/news\/wp-json\/wp\/v2\/ta_other?post=34977"}],"curies":[{"name":"wp","href":"https:\/\/api.w.org\/{rel}","templated":true}]}}