{"id":34974,"date":"2026-07-03T06:55:00","date_gmt":"2026-07-03T04:55:00","guid":{"rendered":"https:\/\/euapp01.newsmemory.com\/lamarseillaise\/news\/?p=34974"},"modified":"2026-07-07T08:17:22","modified_gmt":"2026-07-07T06:17:22","slug":"le-regard-de-paul-mccartney-sur-lascension-des-beatles","status":"publish","type":"post","link":"https:\/\/euapp01.newsmemory.com\/lamarseillaise\/news\/2026\/07\/03\/le-regard-de-paul-mccartney-sur-lascension-des-beatles\/","title":{"rendered":"Le regard de Paul McCartney sur l\u2019ascension des Beatles"},"content":{"rendered":"<div class=\"paragraph\">\n<p>Les caisses de photographies red\u00e9couvertes par Paul McCartney constituent une v\u00e9ritable capsule temporelle. Des milliers d\u2019archives captur\u00e9es par le chanteur des Beatles \u00e0 un moment charni\u00e8re de l\u2019histoire du groupe britannique. Sur les murs du mus\u00e9e Granet, une infime partie de ces photographies est d\u00e9sormais suspendue aux cimaises, dans des cadres minutieusement choisis, \u00e0 l\u2019occasion l\u2019exposition intitul\u00e9e \u00ab\u00a0Paul McCartney photographe, 1963-1964\u00a0&#8211; Eyes of the Storm\u00a0\u00bb, con\u00e7ue par Paul McCartney lui-m\u00eame, sa soci\u00e9t\u00e9 de production MPL Communications et la commissaire Rosie Broadley, de la National Portrait Gallery de Londres.<\/p>\n<p>L\u2019exposition est n\u00e9e presque par hasard. En 2021, alors que l\u2019ic\u00f4ne travaille sur une exposition consacr\u00e9e aux photographies de son ex-\u00e9pouse, Linda McCartney, photographe am\u00e9ricaine, il se souvient avoir lui aussi pass\u00e9 du temps derri\u00e8re l\u2019objectif dans les ann\u00e9es 1960, lorsque les Beatles commen\u00e7aient tout juste \u00e0 acc\u00e9der \u00e0 la notori\u00e9t\u00e9<i>.<\/i><\/p>\n<p>\u00ab<i>\u00a0<\/i><i>Son archiviste lui a rappel\u00e9 qu\u2019il poss\u00e9dait une bo\u00eete contenant ces photographies, <\/i>retrace Rosie Broadley<i>. Ils les ont sorties. Il y avait une vingtaine de planches-contacts et des rouleaux de pellicule, qui ont ensuite \u00e9t\u00e9 scann\u00e9s et num\u00e9ris\u00e9s.<\/i><i>\u00a0<\/i>\u00bb<i><\/i><\/p>\n<p>MPL Communications s\u2019est alors rapproch\u00e9e de la National Portrait Gallery. \u00ab<i>\u00a0<\/i><i>Il y avait des milliers de photos qui racontaient quelque chose d\u2019impressionnant en train de se produire, pour les Beatles, mais aussi pour la culture populaire britannique<\/i><i>\u00a0<\/i>\u00bb, retrace Rosie Broadley.<\/p>\n<p>Ainsi est n\u00e9e une exposition de 250\u00a0clich\u00e9s captur\u00e9s avec le Pentax 35\u00a0mm de Paul McCartney, pr\u00e9sent\u00e9s pour la toute premi\u00e8re fois en France.<i> <\/i>\u00ab<i>\u00a0<\/i><i>On a d\u00fb choisir les tailles des tirages, tout imaginer. C\u2019est une exposition qui ne part de rien, qui sort d\u2019une bo\u00eete<\/i><i>\u00a0<\/i>\u00bb, contextualise la commissaire.<\/p>\n<p>Le contenu d\u00e9taill\u00e9 de l\u2019exposition reste sous embargo jusqu\u2019\u00e0 son ouverture au public, ce samedi 4\u00a0juillet. Elle sera visible jusqu\u2019au 3\u00a0janvier 2027. Mais, d\u00e9j\u00e0, elle promet un parcours au c\u0153ur de l\u2019intimit\u00e9 des \u00ab\u00a0quatre gar\u00e7ons dans le vent\u00a0\u00bb aux pr\u00e9mices de leur succ\u00e8s, une plong\u00e9e dans les mois qui pr\u00e9c\u00e8dent l\u2019explosion de la Beatlemania.<\/p>\n<p>Cinq salles retracent quatre mois d\u00e9cisifs, d\u2019octobre 1963 et ses premi\u00e8res performances sur de modestes sc\u00e8nes britanniques \u00e0 la tourn\u00e9e men\u00e9e, un mois plus tard, aux c\u00f4t\u00e9s des Vernons Girls. Puis viennent les premi\u00e8res repr\u00e9sentations parisiennes, auxquelles une salle enti\u00e8re est consacr\u00e9e. Parmi les clich\u00e9s en noir et blanc au grain caract\u00e9ristique apparaissent les visages de Sylvie Vartan mais aussi de Johnny Hallyday, stars fran\u00e7aises crois\u00e9es sur le chemin des Beatles et t\u00e9moins d\u2019une notori\u00e9t\u00e9 d\u00e9sormais naissante. Les photographies conduisent ensuite le visiteur dans les coulisses des premi\u00e8res apparitions t\u00e9l\u00e9vis\u00e9es du groupe, notamment lors du c\u00e9l\u00e8bre \u00ab\u00a0The Ed Sullivan Show\u00a0\u00bb, \u00e9voqu\u00e9es dans les salles \u00ab\u00a0New York\u00a0\u00bb.<\/p>\n<p>Au-del\u00e0 des clich\u00e9s de grattes ciels entour\u00e9s de cadres gris pour renforcer l\u2019aspect \u00ab\u00a0citadin et brut\u00a0\u00bb<i>,<\/i> figurent \u00e9galement des foules de fans et de photographes mass\u00e9es dans les rues ou sur le tarmac de l\u2019a\u00e9roport JFK, en f\u00e9vrier\u00a01964. C\u2019est l\u00e0 que les quatre Britanniques tiennent une conf\u00e9rence de presse, eux dont les \u00ab\u00a0<i>cheveux faisaient tant parler les Am\u00e9ricains<\/i>\u00a0\u00bb, s\u2019amuse Rosie Broadley.<\/p>\n<p>L\u2019exposition pr\u00e9sente aussi des images plus inattendues, \u00e0 l\u2019image de la Maison Blanche photographi\u00e9e depuis la vitre d\u2019un taxi peu apr\u00e8s l\u2019assassinat de John F. Kennedy. Autant de fragments d\u2019histoire qui se d\u00e9voilent au fil du parcours. Les derni\u00e8res pi\u00e8ces s\u2019attardent sur le passage du groupe \u00e0 Miami. On y d\u00e9couvre aussi bien des moments de d\u00e9tente au bord d\u2019une piscine que des clich\u00e9s plus spontan\u00e9s, pris sur le vif durant cette tourn\u00e9e sous le soleil de Floride.<\/p>\n<p>Pour la premi\u00e8re fois, les visages d\u2019accompagnants, proches et membres du personnel entourant les futures ic\u00f4nes de la musique lors de leur tourn\u00e9e am\u00e9ricaine sont eux aussi mis en lumi\u00e8re. Des instants captur\u00e9s avec innocence qui racontent autant l\u2019ascension des Beatles que le quotidien des ann\u00e9es 1960, moins de vingt ans apr\u00e8s la fin de la Seconde Guerre mondiale.<\/p>\n<\/p><\/div>\n","protected":false},"excerpt":{"rendered":"Les caisses de photographies red&eacute;couvertes par Paul McCartney constituent une v&eacute;ritable capsule temporelle. Des milliers d&rsquo;archives captur&eacute;es par le chanteur des Beatles &agrave; un moment charni&egrave;re de &#8230;","protected":false},"author":1,"featured_media":34975,"comment_status":"open","ping_status":"open","sticky":false,"template":"","format":"standard","meta":{"footnotes":""},"categories":[3926,3924,32],"tags":[556,10,3251,279,2944,1233],"news-destination":[3944],"news-source":[475],"is_homepage":[],"ta_other":[],"class_list":["post-34974","post","type-post","status-publish","format-standard","has-post-thumbnail","hentry","category-accueil-merge","category-accueil-second","category-culture","tag-aix-en-provence","tag-bouches-du-rhone","tag-expo-photo","tag-exposition","tag-musee-granet","tag-photos","news-destination-homepage","news-source-website"],"_links":{"self":[{"href":"https:\/\/euapp01.newsmemory.com\/lamarseillaise\/news\/wp-json\/wp\/v2\/posts\/34974","targetHints":{"allow":["GET"]}}],"collection":[{"href":"https:\/\/euapp01.newsmemory.com\/lamarseillaise\/news\/wp-json\/wp\/v2\/posts"}],"about":[{"href":"https:\/\/euapp01.newsmemory.com\/lamarseillaise\/news\/wp-json\/wp\/v2\/types\/post"}],"author":[{"embeddable":true,"href":"https:\/\/euapp01.newsmemory.com\/lamarseillaise\/news\/wp-json\/wp\/v2\/users\/1"}],"replies":[{"embeddable":true,"href":"https:\/\/euapp01.newsmemory.com\/lamarseillaise\/news\/wp-json\/wp\/v2\/comments?post=34974"}],"version-history":[{"count":1,"href":"https:\/\/euapp01.newsmemory.com\/lamarseillaise\/news\/wp-json\/wp\/v2\/posts\/34974\/revisions"}],"predecessor-version":[{"id":34976,"href":"https:\/\/euapp01.newsmemory.com\/lamarseillaise\/news\/wp-json\/wp\/v2\/posts\/34974\/revisions\/34976"}],"wp:featuredmedia":[{"embeddable":true,"href":"https:\/\/euapp01.newsmemory.com\/lamarseillaise\/news\/wp-json\/wp\/v2\/media\/34975"}],"wp:attachment":[{"href":"https:\/\/euapp01.newsmemory.com\/lamarseillaise\/news\/wp-json\/wp\/v2\/media?parent=34974"}],"wp:term":[{"taxonomy":"category","embeddable":true,"href":"https:\/\/euapp01.newsmemory.com\/lamarseillaise\/news\/wp-json\/wp\/v2\/categories?post=34974"},{"taxonomy":"post_tag","embeddable":true,"href":"https:\/\/euapp01.newsmemory.com\/lamarseillaise\/news\/wp-json\/wp\/v2\/tags?post=34974"},{"taxonomy":"news-destination","embeddable":true,"href":"https:\/\/euapp01.newsmemory.com\/lamarseillaise\/news\/wp-json\/wp\/v2\/news-destination?post=34974"},{"taxonomy":"news-source","embeddable":true,"href":"https:\/\/euapp01.newsmemory.com\/lamarseillaise\/news\/wp-json\/wp\/v2\/news-source?post=34974"},{"taxonomy":"is_homepage","embeddable":true,"href":"https:\/\/euapp01.newsmemory.com\/lamarseillaise\/news\/wp-json\/wp\/v2\/is_homepage?post=34974"},{"taxonomy":"ta_other","embeddable":true,"href":"https:\/\/euapp01.newsmemory.com\/lamarseillaise\/news\/wp-json\/wp\/v2\/ta_other?post=34974"}],"curies":[{"name":"wp","href":"https:\/\/api.w.org\/{rel}","templated":true}]}}