{"id":34971,"date":"2026-07-03T06:34:00","date_gmt":"2026-07-03T04:34:00","guid":{"rendered":"https:\/\/euapp01.newsmemory.com\/lamarseillaise\/news\/?p=34971"},"modified":"2026-07-03T10:17:58","modified_gmt":"2026-07-03T08:17:58","slug":"chaud-bouillant","status":"publish","type":"post","link":"https:\/\/euapp01.newsmemory.com\/lamarseillaise\/news\/2026\/07\/03\/chaud-bouillant\/","title":{"rendered":"Chaud bouillant"},"content":{"rendered":"<div class=\"paragraph\">\n<p>Ce ne sont pas contre deux incendies, mais contre 27\u00a0d\u00e9parts de feu que les sapeurs-pompiers ont d\u00fb se mobiliser, mercredi, en l\u2019espace de seulement 24\u00a0heures dans le d\u00e9partement. Dont 14\u00a0feux de v\u00e9g\u00e9tation,<br \/>et deux \u00e0 proximit\u00e9 imm\u00e9diate de flux de voiture, ne laissant gu\u00e8re de doute sur \u00ab\u00a0l\u2019origine\u00a0\u00bb du danger. \u00ab\u00a0<i>Martelez, s\u2019il vous pla\u00eet, les appels au civisme<\/i><i><b>\u00a0<\/b><\/i><i>!<\/i>\u00a0\u00bb, nous disent-ils, \u00e0 chaque entretien, lors de chaque point presse, inlassablement. Pour que peut-\u00eatre, le conducteur qui jette encore et encore son m\u00e9got par la fen\u00eatre prenne conscience de<br \/>la port\u00e9e de son acte, pendant un \u00e9t\u00e9 caniculaire, avec un fort mistral.<\/p>\n<p>Quand il ne suffit que d\u2019une \u00e9tincelle&#8230;<\/p>\n<p><b>Des finances fragilis\u00e9es<\/b><\/p>\n<p><span class=\"mln_uppercase_mln\">\u00e0<\/span> cet appel s\u2019en ajoute un autre, que vient de lancer la F\u00e9d\u00e9ration nationale des sapeurs-pompiers de France qui interpelle les candidats aux s\u00e9natoriales. Au regard des plans d\u2019aust\u00e9rit\u00e9 successifs qui \u00ab\u00a0<i>fragilisent les capacit\u00e9s financi\u00e8res des SDIS<\/i>\u00a0\u00bb et des \u00ab\u00a0<i>collectivit\u00e9s territoriales<\/i> [qui] <i>subissent une pression budg\u00e9taire croissante<\/i>\u00a0\u00bb. Et ce dans un contexte alarmant, \u00ab<i>\u00a0<\/i><i>les besoins explosent sous l\u2019effet du d\u00e9r\u00e8glement climatique<\/i>\u00a0\u00bb, avec des \u00e9t\u00e9s de plus en plus pr\u00e9coces, des vagues de chaleur de plus en plus fr\u00e9quentes et des records de temp\u00e9rature qui tombent les uns apr\u00e8s les autres. Bref, les pompiers exigent des moyens mat\u00e9riels et humains \u00e0 la hauteur des enjeux, pour faire le boulot que tout le monde attend, esp\u00e8re et applaudit.<\/p>\n<p>Cela ne demande pas seulement de faire des choix, mais de changer diam\u00e9tralement de logique.<\/p>\n<\/p><\/div>\n","protected":false},"excerpt":{"rendered":"Ce ne sont pas contre deux incendies, mais contre 27&nbsp;d&eacute;parts de feu que les sapeurs-pompiers ont d&ucirc; se mobiliser, mercredi, en l&rsquo;espace de seulement 24&nbsp;heures dans le d&eacute;partement. Dont 14&nbsp;feux de &#8230;","protected":false},"author":1,"featured_media":34972,"comment_status":"open","ping_status":"open","sticky":false,"template":"","format":"standard","meta":{"footnotes":""},"categories":[332],"tags":[10,1372,1396,16,320],"news-destination":[],"news-source":[475],"is_homepage":[],"ta_other":[],"class_list":["post-34971","post","type-post","status-publish","format-standard","has-post-thumbnail","hentry","category-edito","tag-bouches-du-rhone","tag-editoriaux","tag-incendies","tag-marseille","tag-pompiers","news-source-website"],"_links":{"self":[{"href":"https:\/\/euapp01.newsmemory.com\/lamarseillaise\/news\/wp-json\/wp\/v2\/posts\/34971","targetHints":{"allow":["GET"]}}],"collection":[{"href":"https:\/\/euapp01.newsmemory.com\/lamarseillaise\/news\/wp-json\/wp\/v2\/posts"}],"about":[{"href":"https:\/\/euapp01.newsmemory.com\/lamarseillaise\/news\/wp-json\/wp\/v2\/types\/post"}],"author":[{"embeddable":true,"href":"https:\/\/euapp01.newsmemory.com\/lamarseillaise\/news\/wp-json\/wp\/v2\/users\/1"}],"replies":[{"embeddable":true,"href":"https:\/\/euapp01.newsmemory.com\/lamarseillaise\/news\/wp-json\/wp\/v2\/comments?post=34971"}],"version-history":[{"count":1,"href":"https:\/\/euapp01.newsmemory.com\/lamarseillaise\/news\/wp-json\/wp\/v2\/posts\/34971\/revisions"}],"predecessor-version":[{"id":34973,"href":"https:\/\/euapp01.newsmemory.com\/lamarseillaise\/news\/wp-json\/wp\/v2\/posts\/34971\/revisions\/34973"}],"wp:featuredmedia":[{"embeddable":true,"href":"https:\/\/euapp01.newsmemory.com\/lamarseillaise\/news\/wp-json\/wp\/v2\/media\/34972"}],"wp:attachment":[{"href":"https:\/\/euapp01.newsmemory.com\/lamarseillaise\/news\/wp-json\/wp\/v2\/media?parent=34971"}],"wp:term":[{"taxonomy":"category","embeddable":true,"href":"https:\/\/euapp01.newsmemory.com\/lamarseillaise\/news\/wp-json\/wp\/v2\/categories?post=34971"},{"taxonomy":"post_tag","embeddable":true,"href":"https:\/\/euapp01.newsmemory.com\/lamarseillaise\/news\/wp-json\/wp\/v2\/tags?post=34971"},{"taxonomy":"news-destination","embeddable":true,"href":"https:\/\/euapp01.newsmemory.com\/lamarseillaise\/news\/wp-json\/wp\/v2\/news-destination?post=34971"},{"taxonomy":"news-source","embeddable":true,"href":"https:\/\/euapp01.newsmemory.com\/lamarseillaise\/news\/wp-json\/wp\/v2\/news-source?post=34971"},{"taxonomy":"is_homepage","embeddable":true,"href":"https:\/\/euapp01.newsmemory.com\/lamarseillaise\/news\/wp-json\/wp\/v2\/is_homepage?post=34971"},{"taxonomy":"ta_other","embeddable":true,"href":"https:\/\/euapp01.newsmemory.com\/lamarseillaise\/news\/wp-json\/wp\/v2\/ta_other?post=34971"}],"curies":[{"name":"wp","href":"https:\/\/api.w.org\/{rel}","templated":true}]}}