{"id":34967,"date":"2026-07-03T06:45:00","date_gmt":"2026-07-03T04:45:00","guid":{"rendered":"https:\/\/euapp01.newsmemory.com\/lamarseillaise\/news\/?p=34967"},"modified":"2026-07-06T16:04:07","modified_gmt":"2026-07-06T14:04:07","slug":"une-nuit-face-au-feu-a-rognac-et-lancon","status":"publish","type":"post","link":"https:\/\/euapp01.newsmemory.com\/lamarseillaise\/news\/2026\/07\/03\/une-nuit-face-au-feu-a-rognac-et-lancon\/","title":{"rendered":"Une nuit face au feu \u00e0 Rognac et Lan\u00e7on"},"content":{"rendered":"<div class=\"paragraph\">\n<p>Sur la d\u00e9partementale du Col du T\u00e9l\u00e9graphe, l\u2019odeur de cendre envahit les narines. C\u2019est au bord de cette deux fois deux voies, du c\u00f4t\u00e9 de Lan\u00e7on, que le feu s\u2019est d\u00e9clench\u00e9 mercredi soir, aux alentours de 20h. \u00ab\u00a0<i>\u00c7a fait partie des endroits vraiment \u00e0 risque malheureusement, parce qu\u2019il y a beaucoup de circulation et de passage<\/i>\u00a0\u00bb, souffle le capitaine Philippe Bodin, chef de secteur sur l\u2019intervention. Apr\u00e8s avoir parcouru pr\u00e8s de 275\u00a0hectares pendant la nuit, l\u2019incendie a \u00e9t\u00e9 d\u00e9clar\u00e9 fix\u00e9 ce jeudi matin, \u00e0 10\u00a0heures.<\/p>\n<p>Le cocktail \u00e9tait h\u00e9las parfait pour attiser les flammes<b>\u00a0<\/b>: mistral et tramontane, avec des rafales allant jusqu\u2019\u00e0 90\u00a0km\/h, une temp\u00e9rature avoisinant les 30\u00a0degr\u00e9s et une hydrom\u00e9trie en berne. \u00ab\u00a0<i>On a lutt\u00e9 toute la nuit dans une zone assez inaccessible avec des conditions m\u00e9t\u00e9orologiques extr\u00eamement d\u00e9favorables<\/i><i>\u00a0<\/i>\u00bb, relate Jean-Luc Beccari, chef de corps d\u00e9partemental des sapeurs-pompiers des Bouches-du-Rh\u00f4ne (Sdis\u00a013). Le concours des deux Canadairs de la flotte nationale de la soci\u00e9t\u00e9 civile d\u00e8s le petit matin et les moyens au sol cons\u00e9quents ont finalement permis de ma\u00eetriser le feu.<\/p>\n<p>Devant la m\u00e9t\u00e9o toujours hostile, un important dispositif du Sdis\u00a013 est rest\u00e9 sur place ce jeudi pour \u00e9viter toute r\u00e9activation des foyers. \u00ab\u00a0<i>On surveille le secteur pour continuer \u00e0 pr\u00e9server la partie qui n\u2019a pas br\u00fbl\u00e9<\/i><i>\u00a0<\/i>\u00bb, explique le capitaine Philippe Bodin devant une op\u00e9ration de traitement des lisi\u00e8res et de noyage. La RD113 est toujours ferm\u00e9e \u00e0 la circulation et ce, jusqu\u2019\u00e0 19\u00a0heures ce soir afin de permettre aux pompiers de travailler en toute s\u00e9curit\u00e9.<\/p>\n<\/p><\/div>\n<div class=\"intext\"> Une vague de solidarit\u00e9\n              <\/div>\n<div class=\"paragraph\">\n<p>Si le pire a \u00e9t\u00e9 \u00e9vit\u00e9 gr\u00e2ce \u00e0 l\u2019intervention massive des 254\u00a0pompiers mobilis\u00e9s, qui ont \u00ab\u00a0<i>lutt\u00e9 toute la nuit pour s\u00e9curiser les zones habit\u00e9es<\/i>\u00a0\u00bb, environ 600\u00a0personnes vivant dans les quartiers des Guigues et des Emeries, \u00e0 La-Fare-les-Oliviers, ont \u00e9t\u00e9 \u00e9vacu\u00e9es vers le centre culturel Jean-Bernard par mesure de pr\u00e9caution. Ils ont finalement pu rejoindre leurs logements au petit matin, peu apr\u00e8s 6\u00a0heures.<\/p>\n<p>Le maire J\u00e9r\u00f4me Marciliac t\u00e9moigne<b>\u00a0<\/b>: \u00ab\u00a0<i>J\u2019ai jamais v\u00e9cu \u00e7a, en plus aujourd\u2019hui j\u2019aurais d\u00fb \u00eatre en formation cellule de crise, je l\u2019ai v\u00e9cu en direct<\/i><b>\u00a0<\/b><i>!<\/i> <i>\u00c7a s\u2019est pass\u00e9 dans une ambiance calme, apais\u00e9e et sereine. \u00c7a aurait pu \u00eatre bien plus compliqu\u00e9. Il y a eu une grosse vague de solidarit\u00e9 dans la commune<\/i>. <i>Les commer\u00e7ants du village Vival et la Farigoule et nos bouchers ont offert des victuailles et des boissons.<\/i>\u00a0\u00bb L\u2019association des parents d\u2019\u00e9l\u00e8ves du coll\u00e8ge a \u00e9galement port\u00e9 les plateaux-repas destin\u00e9s \u00e0 la soir\u00e9e du bal des 3<sup>e<\/sup>, qui se d\u00e9roulait dans le gymnase de l\u2019\u00e9cole Olivier Guirou et qui a \u00e9t\u00e9 \u00e9court\u00e9e au vu des circonstances.<\/p>\n<p>Caroline fait partie de ces Farens qui sont all\u00e9s soutenir les riverains touch\u00e9s. \u00ab\u00a0<i>J\u2019ai pleur\u00e9, j\u2019ai pens\u00e9 \u00e0 toutes mes amies, \u00e0 tout le monde. On s\u2019est tous appel\u00e9s, parce que \u00e7a reste un village o\u00f9 tout le monde se conna\u00eet, puis on est all\u00e9s au centre culturel discuter avec les papis et mamies. Ils \u00e9taient en pyjama, \u00e7a m\u2019a bris\u00e9 le c\u0153ur. Si j\u2019avais pu ramener tout le monde \u00e0 la maison je l\u2019aurais fait.<\/i>\u00a0\u00bb<\/p>\n<p>La cheffe d\u2019entreprise, qui habite chemin des Teses, n\u2019a pas dormi de la nuit<b>\u00a0<\/b>: \u00ab\u00a0<i>On voyait les flammes arriver, elles \u00e9taient quasiment \u00e0 notre porte vers 22h30, avant de d\u00e9vier assez soudainement, <\/i>raconte-t-elle.<i> J\u2019ai des animaux, des chevaux, des chiens, des oiseaux&#8230; J\u2019ai commenc\u00e9 \u00e0 baliser. Et puis j\u2019ai aussi mon salon de coiffure et d\u2019esth\u00e9tique de l\u2019autre c\u00f4t\u00e9. J\u2019aurais pu tout perdre, autant mon travail que ma maison.<\/i>\u00a0\u00bb<\/p>\n<\/p><\/div>\n<div class=\"intext\"> Neuf d\u00e9parts sur dix sont d\u2019origine humaine\n              <\/div>\n<div class=\"paragraph\">\n<p>Si aucun d\u00e9g\u00e2t mat\u00e9riel n\u2019est \u00e0 d\u00e9plorer du c\u00f4t\u00e9 de Lan\u00e7on, l\u2019incendie de Rognac, qui s\u2019est d\u00e9clar\u00e9e au m\u00eame moment mais a \u00e9t\u00e9 ma\u00eetris\u00e9 plus rapidement, a \u00e9t\u00e9 plus d\u00e9vastateur.<\/p>\n<p>Les flammes ont parcouru 40\u00a0hectares et atteint la zone industrielle. Les entrep\u00f4ts de l\u2019entreprise de travaux publics Vincent\u00a0TP ainsi que les locaux de Signal Market ont \u00e9t\u00e9 d\u00e9truits entre 20h30 et 4h. Cinq habitations attenantes ont \u00e9t\u00e9 touch\u00e9es. 140\u00a0sapeurs pompiers sont rest\u00e9s sur place dans la journ\u00e9e de jeudi pour surveiller les points chauds qui subsistaient.<\/p>\n<p>Apr\u00e8s ces deux sinistres, les pompiers ont un mot d\u2019ordre<b>\u00a0<\/b>: \u00ab\u00a0<i>Soyez citoyens.<\/i>\u00a0\u00bb Ils rappellent que neuf d\u00e9parts d\u2019incendie sur dix ont une origine humaine. L\u2019acc\u00e8s aux massifs forestiers reste interdit.<\/p>\n<\/p><\/div>\n<div class=\"paragraph\">\n<p><b>ET AUSSI<\/b><\/p>\n<p><b>Le maire de Marseille veut le retour des canadairs \u00e0 Marignane<\/b><\/p>\n<p>Beno\u00eet Payan, le maire (DVG) de Marseille n\u2019en d\u00e9mord pas, \u00ab <i>il faut que les canadairs reviennent \u00e0 la base de Marignane<\/i> \u00bb, a-t-il d\u00e9clar\u00e9 lors du dernier conseil municipal, vendredi dernier (notre \u00e9dition des 27-28 juin). Le d\u00e9part des bombardiers d\u2019eau \u00e0 la base de N\u00eemes en 2017 n\u2019a toujours pas \u00e9t\u00e9 dig\u00e9r\u00e9. Et de rappeler l\u2019incendie qui a tr\u00e8s durement frapp\u00e9 l\u2019Estaque et touch\u00e9s plus de 90 maisons, il y a un an. \u00ab <i>Nous devons continuer \u00e0 r\u00e9clamer des moyens car nous sommes en difficult\u00e9 quand ils ne sont plus accord\u00e9s<\/i> \u00bb, a-t-il martel\u00e9. Le d\u00e9bat sur cette question est loin d\u2019\u00eatre clos.<\/p>\n<p><b>Le bataillon des marins-pompiers en renfort<\/b><\/p>\n<p>\u00ab <i>Ce mercredi, 70 marins-pompiers ont \u00e9t\u00e9 envoy\u00e9s en renfort pour intervenir sur les feux dans les d\u00e9partements des Bouches-du-Rh\u00f4ne et de l\u2019H\u00e9rault, indique le bataillon des marins-pompiers de Marseille. Ils y ont pass\u00e9 la nuit. <\/i>\u00bb<\/p>\n<p>Ce jeudi, \u00ab <i>le d\u00e9tachement de l\u2019H\u00e9rault est revenu tandis que 30 marins-pompiers sont rest\u00e9s mobilis\u00e9s sur le feu de Lan\u00e7on de Provence<\/i> \u00bb, pr\u00e9cise-t-il. Les sapeurs-pompiers des Bouches-du-Rh\u00f4ne ont \u00e9galement \u00e9t\u00e9 \u00e9paul\u00e9s par leurs homologues des Sdis des Alpes-de-Haute-Provence, des Hautes-Alpes, de la Dr\u00f4me, de l\u2019Ard\u00e8che et du Var.<\/p>\n<p><b>L\u2019incendie de Fr\u00e9jus sous surveillance<\/b><\/p>\n<p>Ce jeudi matin, \u00ab <i>le feu de Fr\u00e9jus est toujours sous surveillance<\/i> \u00bb, a indiqu\u00e9 la Pr\u00e9fecture du Var. Celui-ci avait parcouru mercredi en milieu d\u2019apr\u00e8s-midi une trentaine d\u2019hectares mais avait oblig\u00e9 \u00e0 l\u2019\u00e9vacuation de 2<b> <\/b>200 personnes par pr\u00e9caution tandis que d\u2019autres ont \u00e9t\u00e9 confin\u00e9s.<\/p>\n<p>\u00ab <i>Les op\u00e9rations de noyage et de traitement des lisi\u00e8res qui ont dur\u00e9 toute la nuit se poursuivent encore aujourd\u2019hui<\/i> \u00bb, a-t-il pr\u00e9cis\u00e9 jeudi, avant de remercier l\u2019ensemble des personnels mobilis\u00e9s.<\/p>\n<p><b>Des massifs forestiers \u00e0 haut risque<\/b><\/p>\n<p><b>Dans les Bouches-du-Rh\u00f4ne<\/b>, 13 massifs forestiers sur 25 sont class\u00e9s en risque incendie tr\u00e8s s\u00e9v\u00e8re ce vendredi<b> <\/b>: Alpilles, Arbois, Castillon, Cha\u00eene des C\u00f4tes, Chambremont, C\u00f4te Bleue, Lan\u00e7on, Les Roques Montagnette, Pont de Rhaud, Quatre Termes, Rougadou, Sulauze. L\u2019acc\u00e8s, la circulation, la pr\u00e9sence et les travaux y sont strictement interdits en raison d\u2019un mistral avec des rafales pouvant atteindre 65 km\/h. <b>Dans le Var, <\/b>l\u2019acc\u00e8s est d\u00e9conseill\u00e9 (risque s\u00e9v\u00e8re) dans sept massifs forestiers<b> <\/b>: les Monts Toulonnais, la Sainte-Baume, les Maures, la Corniche des Maures, l\u2019Est\u00e9rel, le Haut-Var et le Centre-Var.<\/p>\n<\/p><\/div>\n","protected":false},"excerpt":{"rendered":"Sur la d&eacute;partementale du Col du T&eacute;l&eacute;graphe, l&rsquo;odeur de cendre envahit les narines. C&rsquo;est au bord de cette deux fois deux voies, du c&ocirc;t&eacute; de Lan&ccedil;on, que le feu s&rsquo;est d&eacute;clench&eacute; &#8230;","protected":false},"author":1,"featured_media":34968,"comment_status":"open","ping_status":"open","sticky":false,"template":"","format":"standard","meta":{"footnotes":""},"categories":[3923,3926,20],"tags":[10,318,1396,5946,6004,489,1064,588,1674,5879,3600,2003],"news-destination":[3944],"news-source":[475],"is_homepage":[],"ta_other":[],"class_list":["post-34967","post","type-post","status-publish","format-standard","has-post-thumbnail","hentry","category-accueil-first","category-accueil-merge","category-societe","tag-bouches-du-rhone","tag-feu","tag-incendies","tag-jean-luc-beccari","tag-lancon-provence","tag-logements","tag-riverains","tag-rognac","tag-sapeurs-pompiers","tag-sdis","tag-sdis13","tag-sinistres","news-destination-homepage","news-source-website"],"_links":{"self":[{"href":"https:\/\/euapp01.newsmemory.com\/lamarseillaise\/news\/wp-json\/wp\/v2\/posts\/34967","targetHints":{"allow":["GET"]}}],"collection":[{"href":"https:\/\/euapp01.newsmemory.com\/lamarseillaise\/news\/wp-json\/wp\/v2\/posts"}],"about":[{"href":"https:\/\/euapp01.newsmemory.com\/lamarseillaise\/news\/wp-json\/wp\/v2\/types\/post"}],"author":[{"embeddable":true,"href":"https:\/\/euapp01.newsmemory.com\/lamarseillaise\/news\/wp-json\/wp\/v2\/users\/1"}],"replies":[{"embeddable":true,"href":"https:\/\/euapp01.newsmemory.com\/lamarseillaise\/news\/wp-json\/wp\/v2\/comments?post=34967"}],"version-history":[{"count":1,"href":"https:\/\/euapp01.newsmemory.com\/lamarseillaise\/news\/wp-json\/wp\/v2\/posts\/34967\/revisions"}],"predecessor-version":[{"id":34969,"href":"https:\/\/euapp01.newsmemory.com\/lamarseillaise\/news\/wp-json\/wp\/v2\/posts\/34967\/revisions\/34969"}],"wp:featuredmedia":[{"embeddable":true,"href":"https:\/\/euapp01.newsmemory.com\/lamarseillaise\/news\/wp-json\/wp\/v2\/media\/34968"}],"wp:attachment":[{"href":"https:\/\/euapp01.newsmemory.com\/lamarseillaise\/news\/wp-json\/wp\/v2\/media?parent=34967"}],"wp:term":[{"taxonomy":"category","embeddable":true,"href":"https:\/\/euapp01.newsmemory.com\/lamarseillaise\/news\/wp-json\/wp\/v2\/categories?post=34967"},{"taxonomy":"post_tag","embeddable":true,"href":"https:\/\/euapp01.newsmemory.com\/lamarseillaise\/news\/wp-json\/wp\/v2\/tags?post=34967"},{"taxonomy":"news-destination","embeddable":true,"href":"https:\/\/euapp01.newsmemory.com\/lamarseillaise\/news\/wp-json\/wp\/v2\/news-destination?post=34967"},{"taxonomy":"news-source","embeddable":true,"href":"https:\/\/euapp01.newsmemory.com\/lamarseillaise\/news\/wp-json\/wp\/v2\/news-source?post=34967"},{"taxonomy":"is_homepage","embeddable":true,"href":"https:\/\/euapp01.newsmemory.com\/lamarseillaise\/news\/wp-json\/wp\/v2\/is_homepage?post=34967"},{"taxonomy":"ta_other","embeddable":true,"href":"https:\/\/euapp01.newsmemory.com\/lamarseillaise\/news\/wp-json\/wp\/v2\/ta_other?post=34967"}],"curies":[{"name":"wp","href":"https:\/\/api.w.org\/{rel}","templated":true}]}}