{"id":34961,"date":"2026-07-02T12:19:00","date_gmt":"2026-07-02T10:19:00","guid":{"rendered":"https:\/\/euapp01.newsmemory.com\/lamarseillaise\/news\/?p=34961"},"modified":"2026-07-06T09:30:17","modified_gmt":"2026-07-06T07:30:17","slug":"les-feux-de-rognac-et-de-lancon-sont-fixes","status":"publish","type":"post","link":"https:\/\/euapp01.newsmemory.com\/lamarseillaise\/news\/2026\/07\/02\/les-feux-de-rognac-et-de-lancon-sont-fixes\/","title":{"rendered":"Les feux de Rognac et de Lan\u00e7on sont fix\u00e9s"},"content":{"rendered":"<div class=\"paragraph\">\n<p>\u201d<i>Le pire a \u00e9t\u00e9 \u00e9vit\u00e9, <\/i>salue le capitaine Philippe Bodin, chef de secteur sur l\u2019intervention de Lan\u00e7on.<i> L\u2019attaque massive d\u2019hier soir a permis de pr\u00e9server les habitations des villages avoisinants et d\u2019\u00e9viter une catastrophe \u00e0 ce niveau-l\u00e0<\/i>.\u201d Pendant la nuit, 600 habitants de La-Fare-les-Oliviers, du quartier des Guigues et des Ba\u00efsses, ont \u00e9t\u00e9 \u00e9vacu\u00e9s vers le centre culturel Jean Bernard avant de pouvoir rejoindre leurs logements ce matin.<\/p>\n<p>Au total, le feu de Lan\u00e7on a parcouru 275 ha, mobilisant plus de 250 pompiers et d\u2019importants moyens a\u00e9riens. Deux soldats du feu ont \u00e9t\u00e9 \u00e9vacu\u00e9s apr\u00e8s des coups de fum\u00e9e, sans notion de gravit\u00e9. Un important dispositif du Service d\u00e9partement d\u2019incendie et de secours 13 est toujours sur place pour \u00e9viter toute reprise au vu \u201c<i>des conditions m\u00e9t\u00e9orologiques tr\u00e8s d\u00e9favorables<\/i>\u201d, souligne le directeur Jean-Luc Beccari. Aujourd\u2019hui, les rafales de vent peuvent aller jusqu\u2019\u00e0 90 km\/h. La RD113 est toujours ferm\u00e9e \u00e0 la circulation et ce, jusqu\u2019\u00e0 19 heures ce soir afin de permettre aux pompiers de travailler en toute s\u00e9curit\u00e9.<\/p>\n<p>\u00c0 Rognac, les flammes ont parcouru 40ha et d\u00e9truit trois entrep\u00f4ts, une habitation attenante, une d\u00e9pendance, trois camions et trois voitures. 140 sapeurs pompiers sont toujours sur place pour surveiller les points chauds qui subsistent.<\/p>\n<\/p><\/div>\n","protected":false},"excerpt":{"rendered":"&rdquo;Le pire a &eacute;t&eacute; &eacute;vit&eacute;, salue le capitaine Philippe Bodin, chef de secteur sur l&rsquo;intervention de Lan&ccedil;on. L&rsquo;attaque massive d&rsquo;hier soir a permis de pr&eacute;server les habitations des villages &#8230;","protected":false},"author":1,"featured_media":34962,"comment_status":"open","ping_status":"open","sticky":false,"template":"","format":"standard","meta":{"footnotes":""},"categories":[3926,3925,20],"tags":[10,1673,1396,6004,320,588,381],"news-destination":[3944],"news-source":[475],"is_homepage":[],"ta_other":[],"class_list":["post-34961","post","type-post","status-publish","format-standard","has-post-thumbnail","hentry","category-accueil-merge","category-accueil-third","category-societe","tag-bouches-du-rhone","tag-feux","tag-incendies","tag-lancon-provence","tag-pompiers","tag-rognac","tag-secours","news-destination-homepage","news-source-website"],"_links":{"self":[{"href":"https:\/\/euapp01.newsmemory.com\/lamarseillaise\/news\/wp-json\/wp\/v2\/posts\/34961","targetHints":{"allow":["GET"]}}],"collection":[{"href":"https:\/\/euapp01.newsmemory.com\/lamarseillaise\/news\/wp-json\/wp\/v2\/posts"}],"about":[{"href":"https:\/\/euapp01.newsmemory.com\/lamarseillaise\/news\/wp-json\/wp\/v2\/types\/post"}],"author":[{"embeddable":true,"href":"https:\/\/euapp01.newsmemory.com\/lamarseillaise\/news\/wp-json\/wp\/v2\/users\/1"}],"replies":[{"embeddable":true,"href":"https:\/\/euapp01.newsmemory.com\/lamarseillaise\/news\/wp-json\/wp\/v2\/comments?post=34961"}],"version-history":[{"count":1,"href":"https:\/\/euapp01.newsmemory.com\/lamarseillaise\/news\/wp-json\/wp\/v2\/posts\/34961\/revisions"}],"predecessor-version":[{"id":34963,"href":"https:\/\/euapp01.newsmemory.com\/lamarseillaise\/news\/wp-json\/wp\/v2\/posts\/34961\/revisions\/34963"}],"wp:featuredmedia":[{"embeddable":true,"href":"https:\/\/euapp01.newsmemory.com\/lamarseillaise\/news\/wp-json\/wp\/v2\/media\/34962"}],"wp:attachment":[{"href":"https:\/\/euapp01.newsmemory.com\/lamarseillaise\/news\/wp-json\/wp\/v2\/media?parent=34961"}],"wp:term":[{"taxonomy":"category","embeddable":true,"href":"https:\/\/euapp01.newsmemory.com\/lamarseillaise\/news\/wp-json\/wp\/v2\/categories?post=34961"},{"taxonomy":"post_tag","embeddable":true,"href":"https:\/\/euapp01.newsmemory.com\/lamarseillaise\/news\/wp-json\/wp\/v2\/tags?post=34961"},{"taxonomy":"news-destination","embeddable":true,"href":"https:\/\/euapp01.newsmemory.com\/lamarseillaise\/news\/wp-json\/wp\/v2\/news-destination?post=34961"},{"taxonomy":"news-source","embeddable":true,"href":"https:\/\/euapp01.newsmemory.com\/lamarseillaise\/news\/wp-json\/wp\/v2\/news-source?post=34961"},{"taxonomy":"is_homepage","embeddable":true,"href":"https:\/\/euapp01.newsmemory.com\/lamarseillaise\/news\/wp-json\/wp\/v2\/is_homepage?post=34961"},{"taxonomy":"ta_other","embeddable":true,"href":"https:\/\/euapp01.newsmemory.com\/lamarseillaise\/news\/wp-json\/wp\/v2\/ta_other?post=34961"}],"curies":[{"name":"wp","href":"https:\/\/api.w.org\/{rel}","templated":true}]}}