{"id":34958,"date":"2026-07-02T16:10:00","date_gmt":"2026-07-02T14:10:00","guid":{"rendered":"https:\/\/euapp01.newsmemory.com\/lamarseillaise\/news\/?p=34958"},"modified":"2026-07-06T09:55:54","modified_gmt":"2026-07-06T07:55:54","slug":"un-gros-risque-de-clap-de-fin-pour-la-librairie-sauramps","status":"publish","type":"post","link":"https:\/\/euapp01.newsmemory.com\/lamarseillaise\/news\/2026\/07\/02\/un-gros-risque-de-clap-de-fin-pour-la-librairie-sauramps\/","title":{"rendered":"Un gros risque de clap de fin pour la librairie Sauramps"},"content":{"rendered":"<div class=\"paragraph\">\n<p>Apr\u00e8s avoir \u00e9t\u00e9 sauv\u00e9e, en 2017, d\u2019un premier placement en redressement judiciaire, la librairie historique de Montpellier, en proie depuis plusieurs mois \u00e0 une lente agonie, pourrait bien, cette fois, ne pas en r\u00e9chapper.<\/p>\n<p>Plac\u00e9e en redressement judiciaire le 15\u00a0juin \u00e0 la demande de son propri\u00e9taire, l\u2019architecte Fran\u00e7ois Font\u00e8s, Sauramps, qui emploie 54\u00a0salari\u00e9s (47 \u00e0 Montpellier et 7 \u00e0 Al\u00e8s), a rendez-vous avec son avenir ce 3\u00a0juillet au tribunal de commerce de Montpellier, au terme d\u2019une p\u00e9riode d\u2019observation de 3\u00a0semaines.<\/p>\n<p><i>\u00ab<\/i><i>\u00a0<\/i><i>L\u2019administrateur n\u2019a pas communiqu\u00e9 grand-chose, mais il confirme que la situation financi\u00e8re est catastrophique. Vu que nous n\u2019avons plus d\u2019actifs, plus de stocks, geler la dette ne suffira pas \u00e0 relancer l\u2019entreprise s\u2019il n\u2019y a pas de r\u00e9investissement. Comme M.Font\u00e8s ne r\u00e9injecte pas et que personne, \u00e0 ma connaissance, ne s\u2019est manifest\u00e9 de l\u2019ext\u00e9rieur pour investir dans la bo\u00eete, on court tout droit \u00e0 la liquidation<\/i><i>\u00a0<\/i><i>\u00bb,<\/i> assure un salari\u00e9 qui a souhait\u00e9 rester anonyme. <i>\u00ab<\/i><i>\u00a0<\/i><i>Il y a 95% de chances qu\u2019elle soit demand\u00e9e \u00e0 l\u2019audience ce 3<\/i><i>\u00a0<\/i><i>juillet au matin. Si elle est prononc\u00e9e, \u00e7a va \u00eatre violent dans le timing<\/i><i>\u00a0<\/i><i>: le magasin n\u2019ouvrira pas, les salari\u00e9s seront pri\u00e9s de rentrer chez eux et c\u2019est fini<\/i><i>\u00a0<\/i><i>\u00bb, <\/i>confie-t-il.<\/p>\n<\/p><\/div>\n<div class=\"intext\"> La M\u00e9tropole<br \/>\n               <br \/>et la R\u00e9gion en soutien\n              <\/div>\n<div class=\"paragraph\">\n<p><i>\u00ab<\/i><i>\u00a0<\/i><i>Dans le projet pr\u00e9sent\u00e9 au tribunal de commerce, Fran\u00e7ois Font\u00e8s avait fait une demande de redressement judiciaire en parlant d\u2019un projet de relance avec uniquement 15 employ\u00e9s <\/i>[sur 54\u00a0Ndlr]<i>, sur la partie basse du magasin. Mais je crois qu\u2019il est revenu dessus, qu\u2019il ne demandera pas la prolongation de la p\u00e9riode de redressement et qu\u2019il prendra acte de la situation<\/i><i>\u00a0<\/i><i>\u00bb,<\/i> livre le salari\u00e9.<\/p>\n<p>Sauramps dispara\u00eetrait alors bel et bien du paysage du livre \u00e0 Montpellier comme \u00e0 Al\u00e8s. Implant\u00e9e depuis 1946, cette librairie ind\u00e9pendante, qui f\u00eate cette ann\u00e9e ses 80\u00a0ans, \u00e9tait pourtant devenue un rep\u00e8re, une institution \u00e0 Montpellier. Elle n\u2019\u00e9chappe h\u00e9las pas \u00e0 une crise plus large qui frappe le secteur, \u00e0 l\u2019instar des enseignes les plus illustres de la librairie en France, comme Gibert, Decitre ou Le Furet du Nord, elles aussi plac\u00e9es en redressement judiciaire.<\/p>\n<p>Il n\u2019est toutefois pas interdit d\u2019esp\u00e9rer encore. D\u2019autant que d\u00e8s l\u2019annonce du placement en redressement judiciaire, la M\u00e9tropole de Montpellier comme la R\u00e9gion Occitanie ont fait savoir qu\u2019elles \u00e9taient <i>\u00ab<\/i><i>\u00a0<\/i><i>pleinement engag\u00e9es<\/i><i>\u00a0<\/i><i>\u00bb <\/i>pour la sauvegarde de Sauramps. <i>\u00ab<\/i><i>\u00a0<\/i><i>Plus que jamais, face aux assauts des populismes et des dogmatismes aveugles, nous avons besoin dans nos villes de ces v\u00e9ritables &#8220;commerces des pens\u00e9es&#8221; que sont les librairies ind\u00e9pendantes<\/i><i>\u00a0<\/i><i>\u00bb, <\/i>d\u00e9clarent dans un communiqu\u00e9 commun les deux collectivit\u00e9s, qui <i>\u00ab<\/i><i>\u00a0<\/i><i>travaillent de concert avec l\u2019actionnaire et la direction pour sauvegarder cette librairie et faire \u00e9merger un projet viable<\/i><i>\u00a0<\/i><i>\u00bb<\/i>. Si seulement&#8230;<\/p>\n<p>Am\u00e9lie Goursaud<\/p>\n<\/p><\/div>\n","protected":false},"excerpt":{"rendered":"Apr&egrave;s avoir &eacute;t&eacute; sauv&eacute;e, en 2017, d&rsquo;un premier placement en redressement judiciaire, la librairie historique de Montpellier, en proie depuis plusieurs mois &agrave; une lente agonie, pourrait bien, cette fois, ne pas &#8230;","protected":false},"author":1,"featured_media":34959,"comment_status":"open","ping_status":"open","sticky":false,"template":"","format":"standard","meta":{"footnotes":""},"categories":[3926,3925,338],"tags":[239,1645,1244,240,284,5422,244],"news-destination":[3944],"news-source":[475],"is_homepage":[],"ta_other":[],"class_list":["post-34958","post","type-post","status-publish","format-standard","has-post-thumbnail","hentry","category-accueil-merge","category-accueil-third","category-economie","tag-herault","tag-librairie","tag-livres","tag-montpellier","tag-occitanie","tag-redressement-judiciaire","tag-tribunal-de-commerce","news-destination-homepage","news-source-website"],"_links":{"self":[{"href":"https:\/\/euapp01.newsmemory.com\/lamarseillaise\/news\/wp-json\/wp\/v2\/posts\/34958","targetHints":{"allow":["GET"]}}],"collection":[{"href":"https:\/\/euapp01.newsmemory.com\/lamarseillaise\/news\/wp-json\/wp\/v2\/posts"}],"about":[{"href":"https:\/\/euapp01.newsmemory.com\/lamarseillaise\/news\/wp-json\/wp\/v2\/types\/post"}],"author":[{"embeddable":true,"href":"https:\/\/euapp01.newsmemory.com\/lamarseillaise\/news\/wp-json\/wp\/v2\/users\/1"}],"replies":[{"embeddable":true,"href":"https:\/\/euapp01.newsmemory.com\/lamarseillaise\/news\/wp-json\/wp\/v2\/comments?post=34958"}],"version-history":[{"count":2,"href":"https:\/\/euapp01.newsmemory.com\/lamarseillaise\/news\/wp-json\/wp\/v2\/posts\/34958\/revisions"}],"predecessor-version":[{"id":34970,"href":"https:\/\/euapp01.newsmemory.com\/lamarseillaise\/news\/wp-json\/wp\/v2\/posts\/34958\/revisions\/34970"}],"wp:featuredmedia":[{"embeddable":true,"href":"https:\/\/euapp01.newsmemory.com\/lamarseillaise\/news\/wp-json\/wp\/v2\/media\/34959"}],"wp:attachment":[{"href":"https:\/\/euapp01.newsmemory.com\/lamarseillaise\/news\/wp-json\/wp\/v2\/media?parent=34958"}],"wp:term":[{"taxonomy":"category","embeddable":true,"href":"https:\/\/euapp01.newsmemory.com\/lamarseillaise\/news\/wp-json\/wp\/v2\/categories?post=34958"},{"taxonomy":"post_tag","embeddable":true,"href":"https:\/\/euapp01.newsmemory.com\/lamarseillaise\/news\/wp-json\/wp\/v2\/tags?post=34958"},{"taxonomy":"news-destination","embeddable":true,"href":"https:\/\/euapp01.newsmemory.com\/lamarseillaise\/news\/wp-json\/wp\/v2\/news-destination?post=34958"},{"taxonomy":"news-source","embeddable":true,"href":"https:\/\/euapp01.newsmemory.com\/lamarseillaise\/news\/wp-json\/wp\/v2\/news-source?post=34958"},{"taxonomy":"is_homepage","embeddable":true,"href":"https:\/\/euapp01.newsmemory.com\/lamarseillaise\/news\/wp-json\/wp\/v2\/is_homepage?post=34958"},{"taxonomy":"ta_other","embeddable":true,"href":"https:\/\/euapp01.newsmemory.com\/lamarseillaise\/news\/wp-json\/wp\/v2\/ta_other?post=34958"}],"curies":[{"name":"wp","href":"https:\/\/api.w.org\/{rel}","templated":true}]}}