{"id":34952,"date":"2026-07-02T11:12:00","date_gmt":"2026-07-02T09:12:00","guid":{"rendered":"https:\/\/euapp01.newsmemory.com\/lamarseillaise\/news\/?p=34952"},"modified":"2026-07-02T11:27:55","modified_gmt":"2026-07-02T09:27:55","slug":"la-cepac-va-accoler-son-nom-a-celui-du-velodrome","status":"publish","type":"post","link":"https:\/\/euapp01.newsmemory.com\/lamarseillaise\/news\/2026\/07\/02\/la-cepac-va-accoler-son-nom-a-celui-du-velodrome\/","title":{"rendered":"La Cepac va accoler son nom \u00e0 celui du V\u00e9lodrome"},"content":{"rendered":"<div class=\"paragraph\">\n<p>Celui qui succ\u00e8de \u00e0 Pablo Longoria \u00e9tait \u00e0 la t\u00eate d\u2019Orange lorsque le partenariat entre le club et le g\u00e9ant des t\u00e9l\u00e9communications lan\u00e7ait l\u2019enceinte du boulevard Michelet dans l\u2019\u00e8re du naming.<\/p>\n<p>Le contrat avec Orange \u00e9tant arriv\u00e9 \u00e0 son terme, c\u2019est une autre entreprise qui va prendre le relais. St\u00e9phane Richard, en tant que pr\u00e9sident de l\u2019OM, et Christine Fabresse, directrice du directoire de la Caisse d\u2019\u00e9pargne Cepac vont officialiser le partenariat entre les deux parties.<\/p>\n<p>La signature aura lieu \u00e0 12h, au stade V\u00e9lodrome.<\/p>\n<\/p><\/div>\n","protected":false},"excerpt":{"rendered":"Celui qui succ&egrave;de &agrave; Pablo Longoria &eacute;tait &agrave; la t&ecirc;te d&rsquo;Orange lorsque le partenariat entre le club et le g&eacute;ant des t&eacute;l&eacute;communications lan&ccedil;ait l&rsquo;enceinte du boulevard Michelet &#8230;","protected":false},"author":1,"featured_media":34953,"comment_status":"open","ping_status":"open","sticky":false,"template":"","format":"standard","meta":{"footnotes":""},"categories":[7],"tags":[13,1153,16,14,3480,1843],"news-destination":[],"news-source":[475],"is_homepage":[],"ta_other":[],"class_list":["post-34952","post","type-post","status-publish","format-standard","has-post-thumbnail","hentry","category-sports","tag-football","tag-ligue-1","tag-marseille","tag-om","tag-stade-velodrome","tag-velodrome","news-source-website"],"_links":{"self":[{"href":"https:\/\/euapp01.newsmemory.com\/lamarseillaise\/news\/wp-json\/wp\/v2\/posts\/34952","targetHints":{"allow":["GET"]}}],"collection":[{"href":"https:\/\/euapp01.newsmemory.com\/lamarseillaise\/news\/wp-json\/wp\/v2\/posts"}],"about":[{"href":"https:\/\/euapp01.newsmemory.com\/lamarseillaise\/news\/wp-json\/wp\/v2\/types\/post"}],"author":[{"embeddable":true,"href":"https:\/\/euapp01.newsmemory.com\/lamarseillaise\/news\/wp-json\/wp\/v2\/users\/1"}],"replies":[{"embeddable":true,"href":"https:\/\/euapp01.newsmemory.com\/lamarseillaise\/news\/wp-json\/wp\/v2\/comments?post=34952"}],"version-history":[{"count":1,"href":"https:\/\/euapp01.newsmemory.com\/lamarseillaise\/news\/wp-json\/wp\/v2\/posts\/34952\/revisions"}],"predecessor-version":[{"id":34954,"href":"https:\/\/euapp01.newsmemory.com\/lamarseillaise\/news\/wp-json\/wp\/v2\/posts\/34952\/revisions\/34954"}],"wp:featuredmedia":[{"embeddable":true,"href":"https:\/\/euapp01.newsmemory.com\/lamarseillaise\/news\/wp-json\/wp\/v2\/media\/34953"}],"wp:attachment":[{"href":"https:\/\/euapp01.newsmemory.com\/lamarseillaise\/news\/wp-json\/wp\/v2\/media?parent=34952"}],"wp:term":[{"taxonomy":"category","embeddable":true,"href":"https:\/\/euapp01.newsmemory.com\/lamarseillaise\/news\/wp-json\/wp\/v2\/categories?post=34952"},{"taxonomy":"post_tag","embeddable":true,"href":"https:\/\/euapp01.newsmemory.com\/lamarseillaise\/news\/wp-json\/wp\/v2\/tags?post=34952"},{"taxonomy":"news-destination","embeddable":true,"href":"https:\/\/euapp01.newsmemory.com\/lamarseillaise\/news\/wp-json\/wp\/v2\/news-destination?post=34952"},{"taxonomy":"news-source","embeddable":true,"href":"https:\/\/euapp01.newsmemory.com\/lamarseillaise\/news\/wp-json\/wp\/v2\/news-source?post=34952"},{"taxonomy":"is_homepage","embeddable":true,"href":"https:\/\/euapp01.newsmemory.com\/lamarseillaise\/news\/wp-json\/wp\/v2\/is_homepage?post=34952"},{"taxonomy":"ta_other","embeddable":true,"href":"https:\/\/euapp01.newsmemory.com\/lamarseillaise\/news\/wp-json\/wp\/v2\/ta_other?post=34952"}],"curies":[{"name":"wp","href":"https:\/\/api.w.org\/{rel}","templated":true}]}}