{"id":34946,"date":"2026-07-02T10:22:00","date_gmt":"2026-07-02T08:22:00","guid":{"rendered":"https:\/\/euapp01.newsmemory.com\/lamarseillaise\/news\/?p=34946"},"modified":"2026-07-02T10:48:15","modified_gmt":"2026-07-02T08:48:15","slug":"avant-la-television-il-y-avait-samuel-bastide","status":"publish","type":"post","link":"https:\/\/euapp01.newsmemory.com\/lamarseillaise\/news\/2026\/07\/02\/avant-la-television-il-y-avait-samuel-bastide\/","title":{"rendered":"Avant la t\u00e9l\u00e9vision, il y avait Samuel Bastide"},"content":{"rendered":"<div class=\"paragraph\">\n<p>\u00ab<i> I<\/i><i>l n\u2019y avait pas de t\u00e9l\u00e9vision. Nous vivions dans un milieu protestant assez aust\u00e8re o\u00f9 l\u2019on fr\u00e9quentait peu le cin\u00e9ma. Nous n\u2019\u00e9tions pas dans une soci\u00e9t\u00e9 de l\u2019image comme aujourd\u2019hui<\/i><i>\u00a0<\/i><i>\u00bb,<\/i> raconte Daniel Travier, commissaire de l\u2019exposition et fondateur de Maison Rouge, qui se souvient encore avec pr\u00e9cision des projections de Samuel Bastide auxquelles il assistait enfant au d\u00e9but des ann\u00e9es 1950.<\/p>\n<p>N\u00e9 en 1879 \u00e0 Saint-Jean-du-Gard, Samuel Bastide a consacr\u00e9 sa vie \u00e0 parcourir la France et la Suisse avec sa lanterne magique. C\u2019\u00e9tait l\u2019anc\u00eatre du cin\u00e9matographe, jusqu\u2019\u00e0 devenir un simple projecteur de diapositives. \u00c0 partir des milliers de plaques de verre peintes de sa main, il donnait des conf\u00e9rences illustr\u00e9es m\u00ealant histoires huguenotes, r\u00e9cits bibliques, contes et sujets de soci\u00e9t\u00e9 comme la lutte contre l\u2019alcoolisme.<\/p>\n<p>Mais pour Daniel Travier, le souvenir va bien au-del\u00e0 des images.<i> \u00ab<\/i><i>\u00a0<\/i><i>Bastide \u00e9tait un conteur hors pair. Sa voix \u00e9tait extraordinaire, avec des pauses, des intonations, une mani\u00e8re de faire vivre les r\u00e9cits. Plus de 70 ans apr\u00e8s, je l\u2019entends encore raconter La Ch\u00e8vre de Monsieur Seguin ou les textes de Victor Hugo.<\/i><i>\u00a0<\/i><i>\u00bb<\/i><\/p>\n<p><b>Revivre l\u2019exp\u00e9rience d\u2019une projection<\/b><\/p>\n<p>Les visiteurs pourront d\u00e9couvrir cette voix dans l\u2019exposition gr\u00e2ce \u00e0 des enregistrements conserv\u00e9s sur bandes magn\u00e9tiques. Au centre du parcours, la reconstitution d\u2019une salle de projection des ann\u00e9es 1950 permet de revivre l\u2019exp\u00e9rience d\u2019une s\u00e9ance telle qu\u2019elle pouvait \u00eatre v\u00e9cue \u00e0 l\u2019\u00e9poque. Parmi les quelque 2\u00a0500 plaques conserv\u00e9es par le mus\u00e9e, toutes n\u2019ont \u00e9videmment pas pu \u00eatre pr\u00e9sent\u00e9es. Les \u00e9quipes ont donc retenu six grandes th\u00e9matiques repr\u00e9sentatives de son \u0153uvre. Les commissaires ont \u00e9galement choisi des vitrines et projections qui \u00e9clairent \u00e0 la fois le travail et la technique de Bastide.<\/p>\n<p>Au-del\u00e0 de leur dimension historique, <i>\u00ab<\/i><i>\u00a0<\/i><i>les cr\u00e9ations de Samuel Bastide surprennent encore par leur modernit\u00e9. Certaines vues utilisent des silhouettes en ombres chinoises associ\u00e9es \u00e0 des jeux de lumi\u00e8re particuli\u00e8rement raffin\u00e9s. Cent ans apr\u00e8s leur cr\u00e9ation, elles restent d\u2019une grande modernit\u00e9.<\/i><i>\u00a0<\/i><i>\u00bb<\/i> C\u2019est une exposition qui rappelle que bien avant le cin\u00e9ma populaire et les \u00e9crans omnipr\u00e9sents, un C\u00e9venol passionn\u00e9 avait d\u00e9j\u00e0 compris la puissance du r\u00e9cit par l\u2019image.<\/p>\n<\/p><\/div>\n<div class=\"paragraph\">\n<p><i>Maison Rouge &#8211; Mus\u00e9e des vall\u00e9es c\u00e9venoles. Jusqu\u2019au 2<\/i><i>\u00a0<\/i><i>mai 2027.<\/i><\/p>\n<\/p><\/div>\n","protected":false},"excerpt":{"rendered":"&laquo; Il n&rsquo;y avait pas de t&eacute;l&eacute;vision. Nous vivions dans un milieu protestant assez aust&egrave;re o&ugrave; l&rsquo;on fr&eacute;quentait peu le cin&eacute;ma. Nous n&rsquo;&eacute;tions pas dans une soci&eacute;t&eacute; de &#8230;","protected":false},"author":1,"featured_media":34947,"comment_status":"open","ping_status":"open","sticky":false,"template":"","format":"standard","meta":{"footnotes":""},"categories":[32],"tags":[238,280,943,284,78,3555],"news-destination":[],"news-source":[475],"is_homepage":[],"ta_other":[],"class_list":["post-34946","post","type-post","status-publish","format-standard","has-post-thumbnail","hentry","category-culture","tag-gard","tag-histoire","tag-lumiere","tag-occitanie","tag-projection","tag-saint-jean-du-gard","news-source-website"],"_links":{"self":[{"href":"https:\/\/euapp01.newsmemory.com\/lamarseillaise\/news\/wp-json\/wp\/v2\/posts\/34946","targetHints":{"allow":["GET"]}}],"collection":[{"href":"https:\/\/euapp01.newsmemory.com\/lamarseillaise\/news\/wp-json\/wp\/v2\/posts"}],"about":[{"href":"https:\/\/euapp01.newsmemory.com\/lamarseillaise\/news\/wp-json\/wp\/v2\/types\/post"}],"author":[{"embeddable":true,"href":"https:\/\/euapp01.newsmemory.com\/lamarseillaise\/news\/wp-json\/wp\/v2\/users\/1"}],"replies":[{"embeddable":true,"href":"https:\/\/euapp01.newsmemory.com\/lamarseillaise\/news\/wp-json\/wp\/v2\/comments?post=34946"}],"version-history":[{"count":1,"href":"https:\/\/euapp01.newsmemory.com\/lamarseillaise\/news\/wp-json\/wp\/v2\/posts\/34946\/revisions"}],"predecessor-version":[{"id":34948,"href":"https:\/\/euapp01.newsmemory.com\/lamarseillaise\/news\/wp-json\/wp\/v2\/posts\/34946\/revisions\/34948"}],"wp:featuredmedia":[{"embeddable":true,"href":"https:\/\/euapp01.newsmemory.com\/lamarseillaise\/news\/wp-json\/wp\/v2\/media\/34947"}],"wp:attachment":[{"href":"https:\/\/euapp01.newsmemory.com\/lamarseillaise\/news\/wp-json\/wp\/v2\/media?parent=34946"}],"wp:term":[{"taxonomy":"category","embeddable":true,"href":"https:\/\/euapp01.newsmemory.com\/lamarseillaise\/news\/wp-json\/wp\/v2\/categories?post=34946"},{"taxonomy":"post_tag","embeddable":true,"href":"https:\/\/euapp01.newsmemory.com\/lamarseillaise\/news\/wp-json\/wp\/v2\/tags?post=34946"},{"taxonomy":"news-destination","embeddable":true,"href":"https:\/\/euapp01.newsmemory.com\/lamarseillaise\/news\/wp-json\/wp\/v2\/news-destination?post=34946"},{"taxonomy":"news-source","embeddable":true,"href":"https:\/\/euapp01.newsmemory.com\/lamarseillaise\/news\/wp-json\/wp\/v2\/news-source?post=34946"},{"taxonomy":"is_homepage","embeddable":true,"href":"https:\/\/euapp01.newsmemory.com\/lamarseillaise\/news\/wp-json\/wp\/v2\/is_homepage?post=34946"},{"taxonomy":"ta_other","embeddable":true,"href":"https:\/\/euapp01.newsmemory.com\/lamarseillaise\/news\/wp-json\/wp\/v2\/ta_other?post=34946"}],"curies":[{"name":"wp","href":"https:\/\/api.w.org\/{rel}","templated":true}]}}