{"id":34943,"date":"2026-07-02T10:06:00","date_gmt":"2026-07-02T08:06:00","guid":{"rendered":"https:\/\/euapp01.newsmemory.com\/lamarseillaise\/news\/?p=34943"},"modified":"2026-07-02T12:31:11","modified_gmt":"2026-07-02T10:31:11","slug":"a-montpellier-sauramps-joue-son-avenir","status":"publish","type":"post","link":"https:\/\/euapp01.newsmemory.com\/lamarseillaise\/news\/2026\/07\/02\/a-montpellier-sauramps-joue-son-avenir\/","title":{"rendered":"\u00c0 Montpellier, Sauramps joue son avenir"},"content":{"rendered":"<div class=\"paragraph\">\n<p>Gros coup de massue pour le monde du livre \u00e0 Montpellier. Sauramps, librairie historique de la capitale h\u00e9raultaise fond\u00e9e en 1946, a \u00e9t\u00e9 plac\u00e9e, le 15\u00a0juin, en redressement judiciaire \u00e0 la demande de son propri\u00e9taire et actionnaire principal, l\u2019architecte Fran\u00e7ois Font\u00e8s. Une issue qui semblait h\u00e9las inexorable au regard des grosses difficult\u00e9s financi\u00e8res &#8211; les pertes cumul\u00e9es s\u2019\u00e9l\u00e8veraient \u00e0 plus de 3,5\u00a0millions d\u2019euros -rencontr\u00e9es par l\u2019entreprise, qui poss\u00e8de \u00e9galement un magasin \u00e0 Al\u00e8s et emploie une cinquantaine de salari\u00e9s. Sauramps n\u2019\u00e9chappe pas \u00e0 la crise d\u2019un secteur o\u00f9 les placements en redressement judiciaire se succ\u00e8dent parmi les grands noms de la librairie\u00a0: Gibert*, Decitre ou encore, derni\u00e8rement, Furet du Nord.<\/p>\n<p>Pour la premi\u00e8re fois en 40\u00a0ans d\u2019existence de la manifestation, la librairie ind\u00e9pendante montpelli\u00e9raine n\u2019a pas \u00e9t\u00e9 en mesure de participer \u00e0 la Com\u00e9die du livre. Ces derniers mois, les rayons du magasin situ\u00e9 \u00e0 deux pas de la place de la Com\u00e9die se sont peu \u00e0 peu vid\u00e9s faute de tr\u00e9sorerie pour les r\u00e9approvisionner, sous l\u2019\u0153il d\u00e9sol\u00e9 des clients fid\u00e8les et des salari\u00e9s impuissants. D\u00e9but juin, ces derniers, rong\u00e9s par l\u2019incertitude sur le sort de leur entreprise, avaient alert\u00e9 publiquement sur la situation de Sauramps lors d\u2019une op\u00e9ration de tractage, d\u00e9non\u00e7ant l\u2019absence d\u2019information dans laquelle ils \u00e9taient tenus et r\u00e9clamant <i>\u00ab<\/i><i>\u00a0<\/i><i>des r\u00e9ponses claires<\/i><i>\u00a0<\/i><i>\u00bb<\/i>. Le placement en redressement judiciaire ouvre une nouvelle \u00e9tape, sans que l\u2019avenir de l\u2019entreprise ne soit forc\u00e9ment condamn\u00e9\u00a0: Sauramps a d\u00e9j\u00e0 eu une seconde vie en 2017, au terme d\u2019un redressement judiciaire qui avait abouti au rachat de l\u2019entreprise par le groupe Ametis, de Fran\u00e7ois Font\u00e8s.<\/p>\n<p>Dans le cadre de la proc\u00e9dure engag\u00e9e, une p\u00e9riode d\u2019observation de trois semaines a \u00e9t\u00e9 accord\u00e9e \u00e0 l\u2019entreprise par le tribunal de commerce de Montpellier, qui a fix\u00e9 une audience le 3\u00a0juillet. <i>\u00ab<\/i><i>\u00a0<\/i><i>Fran\u00e7ois Font\u00e8s souhaite aboutir \u00e0 un plan de continuit\u00e9 pour ne pas abandonner Sauramps<\/i><i>\u00a0<\/i><i>\u00bb<\/i>, assure, dans <i>Midi Libre<\/i>, David Lafarge, directeur des librairies de Montpellier et Al\u00e8s. De leur c\u00f4t\u00e9, la pr\u00e9sidente de R\u00e9gion Carole Delga et le maire et pr\u00e9sident de la M\u00e9tropole de Montpellier Micha\u00ebl Delafosse ont imm\u00e9diatement r\u00e9agi dans un communiqu\u00e9 commun, se disant <i>\u00ab<\/i><i>\u00a0<\/i><i>pleinement engag\u00e9s<\/i><i>\u00a0<\/i><i>\u00bb <\/i>pour sauver ce <i>\u00ab<\/i><i>\u00a0<\/i><i>patrimoine commun<\/i><i>\u00a0<\/i><i>\u00bb.<\/i> <i>\u00ab<\/i><i>\u00a0<\/i><i>La R\u00e9gion Occitanie et Montpellier M\u00e9diterran\u00e9e M\u00e9tropole travaillent de concert avec l\u2019actionnaire et la direction pour sauvegarder cette librairie et faire \u00e9merger un projet viable<\/i><i>\u00a0<\/i><i>\u00bb, <\/i>assurent les deux collectivit\u00e9s.<i> \u00ab<\/i><i>\u00a0<\/i><i>La proc\u00e9dure de redressement judiciaire, avec le travail des administrateurs et des mandataires judiciaires, sera une phase n\u00e9cessaire pour qu\u2019un rebond soit possible.<\/i><i>\u00a0<\/i><i>\u00bb<\/i><\/p>\n<\/p><\/div>\n<div class=\"paragraph\">\n<p><i>* La librairie Gibert de Montpellier <br \/>n\u2019est pas concern\u00e9e.<\/i><\/p>\n<\/p><\/div>\n","protected":false},"excerpt":{"rendered":"Gros coup de massue pour le monde du livre &agrave; Montpellier. Sauramps, librairie historique de la capitale h&eacute;raultaise fond&eacute;e en 1946, a &eacute;t&eacute; plac&eacute;e, le 15&nbsp;juin, en redressement judiciaire &agrave; la &#8230;","protected":false},"author":1,"featured_media":34944,"comment_status":"open","ping_status":"open","sticky":false,"template":"","format":"standard","meta":{"footnotes":""},"categories":[3926,3925,338],"tags":[1225,239,3978,3422,1244,240,284,5422],"news-destination":[3944],"news-source":[475],"is_homepage":[],"ta_other":[],"class_list":["post-34943","post","type-post","status-publish","format-standard","has-post-thumbnail","hentry","category-accueil-merge","category-accueil-third","category-economie","tag-entreprise","tag-herault","tag-librairies","tag-librairies-independantes","tag-livres","tag-montpellier","tag-occitanie","tag-redressement-judiciaire","news-destination-homepage","news-source-website"],"_links":{"self":[{"href":"https:\/\/euapp01.newsmemory.com\/lamarseillaise\/news\/wp-json\/wp\/v2\/posts\/34943","targetHints":{"allow":["GET"]}}],"collection":[{"href":"https:\/\/euapp01.newsmemory.com\/lamarseillaise\/news\/wp-json\/wp\/v2\/posts"}],"about":[{"href":"https:\/\/euapp01.newsmemory.com\/lamarseillaise\/news\/wp-json\/wp\/v2\/types\/post"}],"author":[{"embeddable":true,"href":"https:\/\/euapp01.newsmemory.com\/lamarseillaise\/news\/wp-json\/wp\/v2\/users\/1"}],"replies":[{"embeddable":true,"href":"https:\/\/euapp01.newsmemory.com\/lamarseillaise\/news\/wp-json\/wp\/v2\/comments?post=34943"}],"version-history":[{"count":1,"href":"https:\/\/euapp01.newsmemory.com\/lamarseillaise\/news\/wp-json\/wp\/v2\/posts\/34943\/revisions"}],"predecessor-version":[{"id":34945,"href":"https:\/\/euapp01.newsmemory.com\/lamarseillaise\/news\/wp-json\/wp\/v2\/posts\/34943\/revisions\/34945"}],"wp:featuredmedia":[{"embeddable":true,"href":"https:\/\/euapp01.newsmemory.com\/lamarseillaise\/news\/wp-json\/wp\/v2\/media\/34944"}],"wp:attachment":[{"href":"https:\/\/euapp01.newsmemory.com\/lamarseillaise\/news\/wp-json\/wp\/v2\/media?parent=34943"}],"wp:term":[{"taxonomy":"category","embeddable":true,"href":"https:\/\/euapp01.newsmemory.com\/lamarseillaise\/news\/wp-json\/wp\/v2\/categories?post=34943"},{"taxonomy":"post_tag","embeddable":true,"href":"https:\/\/euapp01.newsmemory.com\/lamarseillaise\/news\/wp-json\/wp\/v2\/tags?post=34943"},{"taxonomy":"news-destination","embeddable":true,"href":"https:\/\/euapp01.newsmemory.com\/lamarseillaise\/news\/wp-json\/wp\/v2\/news-destination?post=34943"},{"taxonomy":"news-source","embeddable":true,"href":"https:\/\/euapp01.newsmemory.com\/lamarseillaise\/news\/wp-json\/wp\/v2\/news-source?post=34943"},{"taxonomy":"is_homepage","embeddable":true,"href":"https:\/\/euapp01.newsmemory.com\/lamarseillaise\/news\/wp-json\/wp\/v2\/is_homepage?post=34943"},{"taxonomy":"ta_other","embeddable":true,"href":"https:\/\/euapp01.newsmemory.com\/lamarseillaise\/news\/wp-json\/wp\/v2\/ta_other?post=34943"}],"curies":[{"name":"wp","href":"https:\/\/api.w.org\/{rel}","templated":true}]}}