{"id":34940,"date":"2026-07-02T10:20:00","date_gmt":"2026-07-02T08:20:00","guid":{"rendered":"https:\/\/euapp01.newsmemory.com\/lamarseillaise\/news\/?p=34940"},"modified":"2026-07-06T08:37:36","modified_gmt":"2026-07-06T06:37:36","slug":"quatre-ans-apres-un-bilan-positif-pour-ma-sante-ma-region","status":"publish","type":"post","link":"https:\/\/euapp01.newsmemory.com\/lamarseillaise\/news\/2026\/07\/02\/quatre-ans-apres-un-bilan-positif-pour-ma-sante-ma-region\/","title":{"rendered":"Quatre ans apr\u00e8s, un bilan positif pour \u00ab&nbsp;Ma Sant\u00e9, Ma R\u00e9gion&nbsp;\u00bb"},"content":{"rendered":"<div class=\"paragraph\">\n<p>C\u2019\u00e9tait une promesse de campagne de Carole Delga. D\u00e8s juillet\u00a02022, la R\u00e9gion Occitanie mettait en place un service public r\u00e9gional de m\u00e9decine \u00e0 travers la cr\u00e9ation du dispositif \u00ab\u00a0Ma sant\u00e9, Ma R\u00e9gion\u00a0\u00bb, consistant \u00e0 salarier des professionnels de sant\u00e9 pour lutter contre les d\u00e9serts m\u00e9dicaux. Depuis, 133\u00a0professionnels ont d\u00e9j\u00e0 \u00e9t\u00e9 recrut\u00e9s (119\u00a0m\u00e9decins et 10\u00a0sages-<br \/>femmes), dans 26\u00a0centres de sant\u00e9 r\u00e9partis en Occitanie. 507\u00a0500\u00a0consultations ont \u00e9t\u00e9 r\u00e9alis\u00e9es et 38\u00a0854\u00a0patients ont retrouv\u00e9 un m\u00e9decin traitant gr\u00e2ce \u00e0 ce service. <i>\u00ab<\/i><i>\u00a0<\/i><i>Le 27<\/i><i><sup>e<\/sup><\/i><i>\u00a0<\/i><i>centre de la r\u00e9gion ouvrira ses portes ce mercredi 24 juin \u00e0 Saint-Gaudens, en Haute-Garonne<\/i>, s\u2019est f\u00e9licit\u00e9e la pr\u00e9sidente de R\u00e9gion Carole Delga mardi 23\u00a0juin, lors d\u2019une conf\u00e9rence de presse donn\u00e9e \u00e0 Toulouse. <i>L\u2019objectif est d\u2019ouvrir cinq nouveaux centres de sant\u00e9 en 2026.<\/i><i>\u00a0<\/i><i>\u00bb<\/i><\/p>\n<p>Le tout premier centre de sant\u00e9 du dispositif a ouvert \u00e0 Sainte-Croix-Volvestre, en Ari\u00e8ge, d\u00e8s 2022. Le seul m\u00e9decin de la commune venait de partir \u00e0 la retraite et n\u2019avait pas trouv\u00e9 de rempla\u00e7ant, laissant la zone sans solution de proximit\u00e9. Le m\u00e9decin g\u00e9n\u00e9raliste B\u00e9ranger Irondelle s\u2019y \u00e9tait alors install\u00e9 imm\u00e9diatement gr\u00e2ce au dispositif \u00ab\u00a0Ma sant\u00e9 Ma R\u00e9gion\u00a0\u00bb. Il raconte\u00a0: <i>\u00ab<\/i><i>\u00a0<\/i><i>Nous, les m\u00e9decins salari\u00e9s du centre, partageons le b\u00e2timent financ\u00e9 par la communaut\u00e9 de communes avec des professionnels lib\u00e9raux. Il y a une vraie collaboration entre nous et des \u00e9changes permanents pour fluidifier le suivi des patients.<\/i><i>\u00a0<\/i><i>\u00bb<\/i> L\u2019un des avantages du centre de sant\u00e9 repose dans la prise en charge des t\u00e2ches administratives par une \u00e9quipe d\u00e9di\u00e9e, ce qui soulage les m\u00e9decins. <i>\u00ab<\/i><i>\u00a0<\/i><i>Je ne regrette pas du tout mon choix car d\u00e9sormais, je me consacre \u00e0 100% aux soins, <\/i>se r\u00e9jouit B\u00e9ranger Irondelle.<i> Cela nous permet aussi d\u2019avoir du temps \u00e0 consacrer aux activit\u00e9s de pr\u00e9vention, qui sont absolument essentielles.<\/i><i>\u00a0<\/i><i>\u00bb<\/i> Il ajoute que, comme tous les autres m\u00e9decins salari\u00e9s du dispositif, il pratique des visites \u00e0 domicile.<\/p>\n<\/p><\/div>\n<div class=\"intext\"> Pallier les in\u00e9galit\u00e9s\n              <\/div>\n<div class=\"paragraph\">\n<p><i>\u00ab<\/i><i>\u00a0<\/i><i>Le dispositif Ma sant\u00e9 Ma R\u00e9gion a \u00e9t\u00e9 pens\u00e9 dans un esprit d\u2019\u00e9quit\u00e9 des territoires, avec l\u2019objectif de cr\u00e9er un v\u00e9ritable r\u00e9seau de centres de sant\u00e9 qui sont en lien entre eux<\/i><i>\u00a0<\/i><i>\u00bb,<\/i> d\u00e9taille Vincent Bounes, vice-pr\u00e9sident en charge de la sant\u00e9 \u00e0 la R\u00e9gion. Si la priorit\u00e9 a \u00e9t\u00e9 donn\u00e9e aux territoires ruraux, les in\u00e9galit\u00e9s d\u2019acc\u00e8s aux soins existent aussi dans les territoires urbains, qui b\u00e9n\u00e9ficient donc \u00e9galement du dispositif. C\u2019est <br \/>ce dont t\u00e9moigne Audrey Lacipi\u00e8re, m\u00e9decin au centre de Cugnaux, proche de Toulouse\u00a0:<i> \u00ab En ville aussi, nous sommes confront\u00e9s au manque de m\u00e9decins. Depuis sa cr\u00e9ation, le centre de Cugnaux a permis de d\u00e9sengorger les urgences, mais aussi de travailler en lien avec l\u2019aide sociale de proximit\u00e9, notamment le CCAS et le Cada.<\/i><i>\u00a0<\/i><i>\u00bb<\/i><\/p>\n<p>Sur le terrain, les habitants semblent ravis. <i>\u00ab<\/i><i>\u00a0<\/i><i>En Ari\u00e8ge, on m\u2019en parle spontan\u00e9ment<\/i>, affirme Carole Delga. <i>Il y a une forme de soulagement, pour des personnes qui, parfois, n\u2019avaient pas vu de m\u00e9decin pendant plusieurs mois, voire ann\u00e9es.<\/i><i>\u00a0<\/i><i>\u00bb<\/i> Depuis novembre 2024, la R\u00e9gion a aussi mis en place un dispositif ayant permis le d\u00e9ploiement de 20\u00a0m\u00e9decins sp\u00e9cialistes dans les h\u00f4pitaux, en partenariat avec l\u2019ARS, la facult\u00e9 de m\u00e9decine Montpellier-N\u00eemes, la facult\u00e9 de sant\u00e9 de Toulouse et les trois CHU. Six postes suppl\u00e9mentaires de m\u00e9decins sp\u00e9cialistes seront cr\u00e9\u00e9s d\u00e8s novembre 2026, dans les h\u00f4pitaux de Castres-Mazamet, Rodez, Albi, Uz\u00e8s, Clermont-l\u2019H\u00e9rault et Narbonne.<\/p>\n<\/p><\/div>\n","protected":false},"excerpt":{"rendered":"C&rsquo;&eacute;tait une promesse de campagne de Carole Delga. D&egrave;s juillet&nbsp;2022, la R&eacute;gion Occitanie mettait en place un service public r&eacute;gional de m&eacute;decine &agrave; travers la cr&eacute;ation du dispositif &#8230;","protected":false},"author":1,"featured_media":34941,"comment_status":"open","ping_status":"open","sticky":false,"template":"","format":"standard","meta":{"footnotes":""},"categories":[3926,3925,20],"tags":[879,257,238,239,292,284,256,30,6002],"news-destination":[3944],"news-source":[475],"is_homepage":[],"ta_other":[],"class_list":["post-34940","post","type-post","status-publish","format-standard","has-post-thumbnail","hentry","category-accueil-merge","category-accueil-third","category-societe","tag-carole-delga","tag-deserts-medicaux","tag-gard","tag-herault","tag-medecins","tag-occitanie","tag-sante","tag-sante-publique","tag-vincent-bounes","news-destination-homepage","news-source-website"],"_links":{"self":[{"href":"https:\/\/euapp01.newsmemory.com\/lamarseillaise\/news\/wp-json\/wp\/v2\/posts\/34940","targetHints":{"allow":["GET"]}}],"collection":[{"href":"https:\/\/euapp01.newsmemory.com\/lamarseillaise\/news\/wp-json\/wp\/v2\/posts"}],"about":[{"href":"https:\/\/euapp01.newsmemory.com\/lamarseillaise\/news\/wp-json\/wp\/v2\/types\/post"}],"author":[{"embeddable":true,"href":"https:\/\/euapp01.newsmemory.com\/lamarseillaise\/news\/wp-json\/wp\/v2\/users\/1"}],"replies":[{"embeddable":true,"href":"https:\/\/euapp01.newsmemory.com\/lamarseillaise\/news\/wp-json\/wp\/v2\/comments?post=34940"}],"version-history":[{"count":1,"href":"https:\/\/euapp01.newsmemory.com\/lamarseillaise\/news\/wp-json\/wp\/v2\/posts\/34940\/revisions"}],"predecessor-version":[{"id":34942,"href":"https:\/\/euapp01.newsmemory.com\/lamarseillaise\/news\/wp-json\/wp\/v2\/posts\/34940\/revisions\/34942"}],"wp:featuredmedia":[{"embeddable":true,"href":"https:\/\/euapp01.newsmemory.com\/lamarseillaise\/news\/wp-json\/wp\/v2\/media\/34941"}],"wp:attachment":[{"href":"https:\/\/euapp01.newsmemory.com\/lamarseillaise\/news\/wp-json\/wp\/v2\/media?parent=34940"}],"wp:term":[{"taxonomy":"category","embeddable":true,"href":"https:\/\/euapp01.newsmemory.com\/lamarseillaise\/news\/wp-json\/wp\/v2\/categories?post=34940"},{"taxonomy":"post_tag","embeddable":true,"href":"https:\/\/euapp01.newsmemory.com\/lamarseillaise\/news\/wp-json\/wp\/v2\/tags?post=34940"},{"taxonomy":"news-destination","embeddable":true,"href":"https:\/\/euapp01.newsmemory.com\/lamarseillaise\/news\/wp-json\/wp\/v2\/news-destination?post=34940"},{"taxonomy":"news-source","embeddable":true,"href":"https:\/\/euapp01.newsmemory.com\/lamarseillaise\/news\/wp-json\/wp\/v2\/news-source?post=34940"},{"taxonomy":"is_homepage","embeddable":true,"href":"https:\/\/euapp01.newsmemory.com\/lamarseillaise\/news\/wp-json\/wp\/v2\/is_homepage?post=34940"},{"taxonomy":"ta_other","embeddable":true,"href":"https:\/\/euapp01.newsmemory.com\/lamarseillaise\/news\/wp-json\/wp\/v2\/ta_other?post=34940"}],"curies":[{"name":"wp","href":"https:\/\/api.w.org\/{rel}","templated":true}]}}