{"id":34937,"date":"2026-07-02T09:37:00","date_gmt":"2026-07-02T07:37:00","guid":{"rendered":"https:\/\/euapp01.newsmemory.com\/lamarseillaise\/news\/?p=34937"},"modified":"2026-07-02T10:33:39","modified_gmt":"2026-07-02T08:33:39","slug":"dernier-qualif-avant-borely-pour-le-handi-mondial","status":"publish","type":"post","link":"https:\/\/euapp01.newsmemory.com\/lamarseillaise\/news\/2026\/07\/02\/dernier-qualif-avant-borely-pour-le-handi-mondial\/","title":{"rendered":"Dernier qualif\u2019 avant Bor\u00e9ly pour le Handi Mondial"},"content":{"rendered":"<div class=\"paragraph\">\n<p>Lanc\u00e9s en mai, les tournois qualificatifs de la 6<sup>e<\/sup> \u00e9dition du Handi Mondial La\u00a0Marseillaise ont d\u00e9j\u00e0 r\u00e9uni une quarantaine d\u2019\u00e9quipes. La prochaine \u00e9tape a lieu ce samedi, \u00e0 Sept\u00e8mes, avec une dizaine d\u2019\u00e9quipes engag\u00e9es. Ces cinq \u00e9tapes qualificatives programm\u00e9es par l\u2019AJCM sur le boulodrome Daillan \u00e0 Arles (23\u00a0mai), en partenariat avec le club Lou Gari Trenco Ta\u00efen, \u00e0 Salon-de-Provence du c\u00f4t\u00e9 de la Boule de l\u2019\u00c9lys\u00e9e (30\u00a0mai), \u00e0 Marseille sur le territoire de la Boule Vallier (20\u00a0juin), \u00e0 Sept\u00e8mes-les-Vallons avec l\u2019\u00c9toile bouliste sept\u00e8moise ont permis de livrer le nom des premiers qualifi\u00e9s pour le concours final, programm\u00e9 le 8\u00a0juillet, au parc Bor\u00e9ly.<\/p>\n<\/p><\/div>\n<div class=\"intext\"> Les Ukrainiens de retour\n              <\/div>\n<div class=\"paragraph\">\n<p>On y retrouvera notamment le vainqueur de l\u2019ann\u00e9e derni\u00e8re, Patrick Gueguen (associ\u00e9 \u00e0 Sette et Germain), qui joue cette ann\u00e9e avec comme \u00e9quipier de Philippe Persoglio, un homme avec un handicap psychomoteur. Ils se sont qualifi\u00e9s lors du qualificatif de Vallier. La finale sera retransmise en lever de rideau de la grande finale de la 65<sup>e<\/sup>\u00a0\u00e9dition, sur le stade d\u2019honneur. D\u2019ici l\u00e0, une cinqui\u00e8me et derni\u00e8re \u00e9tape qualificative aura lieu au Parc Bor\u00e9ly, le mardi 7\u00a0juillet, pour les participants du reste de la France et \u00e9trangers.<\/p>\n<p>\u00c0 cette date, seize \u00e9quipes sont engag\u00e9es, dont une \u00e9quipe ukrainienne, pr\u00e9sente l\u2019an pass\u00e9 au parc Bor\u00e9ly, dans le cadre du programme de r\u00e9habilitation des soldats bless\u00e9s au front mis en place par la f\u00e9d\u00e9ration nationale de p\u00e9tanque. Ils avaient particip\u00e9 l\u2019an dernier au Mondial et la f\u00e9d\u00e9ration avait re\u00e7u, \u00e0 cette occasion, la Boule d\u2019or. Ils s\u2019engagent cette fois dans le Handi Mondial apr\u00e8s l\u2019organisation d\u2019un tournoi qualificatif en Ukraine. <span class=\"mln_uppercase_mln\">\u00e0<\/span> noter \u00e9galement la pr\u00e9sence de Patrick Bosso, vainqueur en 2024, avec Christophe Bor\u00e9ly et Eric Piacentino.<\/p>\n<\/p><\/div>\n<div class=\"intext\"> Triplette mixte\n              <\/div>\n<div class=\"paragraph\">\n<p>Les modalit\u00e9s du concours final \u00e9voluent. 32\u00a0\u00e9quipes seront engag\u00e9es. Trois parties tim\u00e9es (40\u00a0minutes) sont programm\u00e9es le matin, suivant le format de comp\u00e9tition dit \u00ab\u00a0swiss\u00a0\u00bb, elles permettront de se qualifier pour les demi-finales qui auront lieu en tout d\u00e9but d\u2019apr\u00e8s-midi. Si, en 2025, la dur\u00e9e de la finale avait \u00e9t\u00e9 port\u00e9e \u00e0 1h30, elle se disputera cette fois en une heure plus deux m\u00e8nes.<\/p>\n<p>Pour le reste, les r\u00e8gles, pens\u00e9es pour garantir l\u2019inclusion et l\u2019\u00e9quit\u00e9, n\u2019\u00e9voluent pas. Chaque joueur dispose de deux boules par m\u00e8ne et les parties sont adapt\u00e9es selon la fatigabilit\u00e9. \u00ab\u00a0<i>Chaque triplette doit compter au moins une personne en situation de handicap et une personne valide. La troisi\u00e8me est libre<\/i>\u00a0\u00bb, rappelle Eyvann Morival, responsable sport et sant\u00e9 \u00e0 l\u2019association AJC Marseille, sp\u00e9cialiste de l\u2019inclusion du handicap en milieu ordinaire, qui encadre l\u2019\u00e9v\u00e9nement et veille \u00e0 son bon d\u00e9roulement.<\/p>\n<\/p><\/div>\n","protected":false},"excerpt":{"rendered":"Lanc&eacute;s en mai, les tournois qualificatifs de la 6e &eacute;dition du Handi Mondial La&nbsp;Marseillaise ont d&eacute;j&agrave; r&eacute;uni une quarantaine d&rsquo;&eacute;quipes. La prochaine &eacute;tape a lieu ce samedi, &agrave; &#8230;","protected":false},"author":1,"featured_media":34938,"comment_status":"open","ping_status":"open","sticky":false,"template":"","format":"standard","meta":{"footnotes":""},"categories":[7],"tags":[10,1161,4581,5560,16,4647,4580,1013],"news-destination":[],"news-source":[475],"is_homepage":[],"ta_other":[],"class_list":["post-34937","post","type-post","status-publish","format-standard","has-post-thumbnail","hentry","category-sports","tag-bouches-du-rhone","tag-boules","tag-la-marseillaise-2026","tag-le-mondial-la-marseillaise-2026","tag-marseille","tag-mlm2026","tag-mondial-la-marseillaise-2026","tag-petanque","news-source-website"],"_links":{"self":[{"href":"https:\/\/euapp01.newsmemory.com\/lamarseillaise\/news\/wp-json\/wp\/v2\/posts\/34937","targetHints":{"allow":["GET"]}}],"collection":[{"href":"https:\/\/euapp01.newsmemory.com\/lamarseillaise\/news\/wp-json\/wp\/v2\/posts"}],"about":[{"href":"https:\/\/euapp01.newsmemory.com\/lamarseillaise\/news\/wp-json\/wp\/v2\/types\/post"}],"author":[{"embeddable":true,"href":"https:\/\/euapp01.newsmemory.com\/lamarseillaise\/news\/wp-json\/wp\/v2\/users\/1"}],"replies":[{"embeddable":true,"href":"https:\/\/euapp01.newsmemory.com\/lamarseillaise\/news\/wp-json\/wp\/v2\/comments?post=34937"}],"version-history":[{"count":1,"href":"https:\/\/euapp01.newsmemory.com\/lamarseillaise\/news\/wp-json\/wp\/v2\/posts\/34937\/revisions"}],"predecessor-version":[{"id":34939,"href":"https:\/\/euapp01.newsmemory.com\/lamarseillaise\/news\/wp-json\/wp\/v2\/posts\/34937\/revisions\/34939"}],"wp:featuredmedia":[{"embeddable":true,"href":"https:\/\/euapp01.newsmemory.com\/lamarseillaise\/news\/wp-json\/wp\/v2\/media\/34938"}],"wp:attachment":[{"href":"https:\/\/euapp01.newsmemory.com\/lamarseillaise\/news\/wp-json\/wp\/v2\/media?parent=34937"}],"wp:term":[{"taxonomy":"category","embeddable":true,"href":"https:\/\/euapp01.newsmemory.com\/lamarseillaise\/news\/wp-json\/wp\/v2\/categories?post=34937"},{"taxonomy":"post_tag","embeddable":true,"href":"https:\/\/euapp01.newsmemory.com\/lamarseillaise\/news\/wp-json\/wp\/v2\/tags?post=34937"},{"taxonomy":"news-destination","embeddable":true,"href":"https:\/\/euapp01.newsmemory.com\/lamarseillaise\/news\/wp-json\/wp\/v2\/news-destination?post=34937"},{"taxonomy":"news-source","embeddable":true,"href":"https:\/\/euapp01.newsmemory.com\/lamarseillaise\/news\/wp-json\/wp\/v2\/news-source?post=34937"},{"taxonomy":"is_homepage","embeddable":true,"href":"https:\/\/euapp01.newsmemory.com\/lamarseillaise\/news\/wp-json\/wp\/v2\/is_homepage?post=34937"},{"taxonomy":"ta_other","embeddable":true,"href":"https:\/\/euapp01.newsmemory.com\/lamarseillaise\/news\/wp-json\/wp\/v2\/ta_other?post=34937"}],"curies":[{"name":"wp","href":"https:\/\/api.w.org\/{rel}","templated":true}]}}