{"id":34931,"date":"2026-07-02T09:51:00","date_gmt":"2026-07-02T07:51:00","guid":{"rendered":"https:\/\/euapp01.newsmemory.com\/lamarseillaise\/news\/?p=34931"},"modified":"2026-07-02T10:33:39","modified_gmt":"2026-07-02T08:33:39","slug":"le-tennis-fauteuil-prend-de-la-hauteur-a-chateau-gombert","status":"publish","type":"post","link":"https:\/\/euapp01.newsmemory.com\/lamarseillaise\/news\/2026\/07\/02\/le-tennis-fauteuil-prend-de-la-hauteur-a-chateau-gombert\/","title":{"rendered":"Le tennis-fauteuil prend de la hauteur \u00e0 Ch\u00e2teau-Gombert"},"content":{"rendered":"<div class=\"paragraph\">\n<p>Dans les hauteurs de Ch\u00e2teau-Gombert, Stefano Cimitile et Aur\u00e9lie Sciarra avaient le sourire. Et pour cause. Le pr\u00e9sident engag\u00e9 et sa vice-pr\u00e9sidente passionn\u00e9e commencent \u00e0 voir les fruits de quatre ann\u00e9es d\u2019investissement en faveur de l\u2019inclusion, une cause qu\u2019ils portent avec conviction au sein du Tennis Club de Ch\u00e2teau-Gombert, dans ce quartier embl\u00e9matique du 13<sup>e<\/sup> arrondissement de Marseille.<\/p>\n<p>Dans cette dynamique, le club a lanc\u00e9 l\u2019an dernier son premier Open National de tennis-fauteuil. Une initiative salu\u00e9e pour \u00ab<i>\u00a0<\/i><i>sa qualit\u00e9 et son organisation<\/i><i>\u00a0<\/i>\u00bb, qui a naturellement conduit les dirigeants \u00e0 renouveler l\u2019exp\u00e9rience. La deuxi\u00e8me \u00e9dition se tiendra du 9 au 12\u00a0juillet sur les courts gombertois. \u00ab<i>\u00a0<\/i><i>Organiser un tournoi de cette envergure est une source de stress permanente. Nous veillons au moindre d\u00e9tail pour que les joueurs n\u2019aient absolument rien \u00e0 redire<\/i><i>\u00a0<\/i>\u00bb, confie Aur\u00e9lie Sciarra, directrice du tournoi.<\/p>\n<\/p><\/div>\n<div class=\"intext\"> Cons\u00e9cration d\u2019un p\u00e9riple\n              <\/div>\n<div class=\"paragraph\">\n<p>Cette ann\u00e9e, elle devra \u00e9galement composer avec la canicule qui frappe une grande partie de l\u2019Hexagone. \u00ab<i>\u00a0<\/i><i>Tout sera mis en \u0153uvre pour que les joueurs \u00e9voluent dans les meilleures conditions possibles<\/i><i>\u00a0<\/i>\u00bb, assure la vice-pr\u00e9sidente, heureuse d\u2019avoir une nouvelle fois r\u00e9uni un plateau de 32\u00a0joueurs dans le tableau principal.<\/p>\n<p>Vainqueur de la premi\u00e8re \u00e9dition, Nicolas Peifer, double champion paralympique, remettra son titre en jeu sur les courts de son propre club. \u00ab\u00a0<i>C\u2019est une immense fiert\u00e9 de compter un joueur de cette dimension dans nos rangs. Il a largement contribu\u00e9 \u00e0 d\u00e9crocher cette nouvelle \u00e9toile sur notre maillot<\/i><i>\u00a0<\/i>\u00bb, sourit Aur\u00e9lie Sciarra, non sans \u00e9motion au moment d\u2019\u00e9voquer le parcours qui a conduit le club de Ch\u00e2teau-Gombert jusqu\u2019au titre de champion de France. M\u00eame Stefano Cimitile peine encore \u00e0 retenir ses larmes. \u00ab<i>\u00a0<\/i><i>C\u2019est l\u2019aboutissement et la r\u00e9compense de tout ce qu\u2019on a construit en quatre ans. Beaucoup de clubs ne vivent jamais un tel moment<\/i><i>\u00a0<\/i>\u00bb, savoure le pr\u00e9sident marseillais.<\/p>\n<p>En quelques saisons, \u00e9paul\u00e9 par Aur\u00e9lie Sciarra, il est parvenu \u00e0 f\u00e9d\u00e9rer l\u2019ensemble des licenci\u00e9s autour d\u2019un v\u00e9ritable esprit de famille. \u00ab\u00a0<i>Le club a toujours eu cette dimension familiale, mais elle s\u2019est encore renforc\u00e9e. Toute l\u2019ann\u00e9e, nous organisons des \u00e9v\u00e9nements qui rassemblent les parents, les enfants et les b\u00e9n\u00e9voles. Cela cr\u00e9e une vraie unit\u00e9. D\u00e8s qu\u2019il y a besoin d\u2019un coup de main, tout le monde r\u00e9pond pr\u00e9sent. Les gens se serrent naturellement les coudes<\/i><i>\u00a0<\/i>\u00bb, souligne-t-il.<\/p>\n<\/p><\/div>\n<div class=\"intext\"> Trop peu de soutien public\n              <\/div>\n<div class=\"paragraph\">\n<p>Malgr\u00e9 un titre national par \u00e9quipes et l\u2019organisation de l\u2019un des principaux tournois fran\u00e7ais de tennis-fauteuil, le Tennis Club de Ch\u00e2teau-Gombert estime ne pas b\u00e9n\u00e9ficier d\u2019un soutien institutionnel \u00e0 la hauteur de son engagement. \u00ab\u00a0<i>Nous accompagnons \u00e9norm\u00e9ment de personnes, mais cela repr\u00e9sente aussi des co\u00fbts importants. Malheureusement, nous ne sommes pas suffisamment soutenus par les institutions<\/i><i>\u00a0<\/i>\u00bb, regrette Stefano Cimitile.<\/p>\n<p>Pourtant, plusieurs \u00e9lus avaient fait le d\u00e9placement lors de la conf\u00e9rence de presse, parmi lesquels l\u2019adjoint \u00e0 la sant\u00e9 Antoine Cortes (PS) et l\u2019adjoint aux sports Yohann Soler (DVD), r\u00e9cemment \u00e9lus \u00e0 la mairie des 13<sup>e<\/sup> et 14<sup>e<\/sup> arrondissements de Marseille, ainsi que Denis Rossi, vice-pr\u00e9sident (DVD) du conseil d\u00e9partemental des Bouches-du-Rh\u00f4ne. Selon le pr\u00e9sident, les aides publiques mobilis\u00e9es pour cette deuxi\u00e8me \u00e9dition de l\u2019Open National de tennis-fauteuil repr\u00e9senteraient moins de 10 % du budget n\u00e9cessaire \u00e0 son organisation.<\/p>\n<p>Quand on sait qu\u2019un tournoi de ce type n\u00e9cessite un budget compris entre 50\u00a0000\u00a0et 70\u00a0000\u00a0euros pour voir le jour, il n\u2019est, h\u00e9las, gu\u00e8re surprenant que les associations se tournent d\u00e9sormais de plus en plus vers des financements priv\u00e9s.<\/p>\n<\/p><\/div>\n","protected":false},"excerpt":{"rendered":"Dans les hauteurs de Ch&acirc;teau-Gombert, Stefano Cimitile et Aur&eacute;lie Sciarra avaient le sourire. Et pour cause. Le pr&eacute;sident engag&eacute; et sa vice-pr&eacute;sidente passionn&eacute;e commencent &agrave; voir les fruits de quatre &#8230;","protected":false},"author":1,"featured_media":34932,"comment_status":"open","ping_status":"open","sticky":false,"template":"","format":"standard","meta":{"footnotes":""},"categories":[7],"tags":[10,2214,16,928],"news-destination":[],"news-source":[475],"is_homepage":[],"ta_other":[],"class_list":["post-34931","post","type-post","status-publish","format-standard","has-post-thumbnail","hentry","category-sports","tag-bouches-du-rhone","tag-handisport","tag-marseille","tag-tennis","news-source-website"],"_links":{"self":[{"href":"https:\/\/euapp01.newsmemory.com\/lamarseillaise\/news\/wp-json\/wp\/v2\/posts\/34931","targetHints":{"allow":["GET"]}}],"collection":[{"href":"https:\/\/euapp01.newsmemory.com\/lamarseillaise\/news\/wp-json\/wp\/v2\/posts"}],"about":[{"href":"https:\/\/euapp01.newsmemory.com\/lamarseillaise\/news\/wp-json\/wp\/v2\/types\/post"}],"author":[{"embeddable":true,"href":"https:\/\/euapp01.newsmemory.com\/lamarseillaise\/news\/wp-json\/wp\/v2\/users\/1"}],"replies":[{"embeddable":true,"href":"https:\/\/euapp01.newsmemory.com\/lamarseillaise\/news\/wp-json\/wp\/v2\/comments?post=34931"}],"version-history":[{"count":1,"href":"https:\/\/euapp01.newsmemory.com\/lamarseillaise\/news\/wp-json\/wp\/v2\/posts\/34931\/revisions"}],"predecessor-version":[{"id":34933,"href":"https:\/\/euapp01.newsmemory.com\/lamarseillaise\/news\/wp-json\/wp\/v2\/posts\/34931\/revisions\/34933"}],"wp:featuredmedia":[{"embeddable":true,"href":"https:\/\/euapp01.newsmemory.com\/lamarseillaise\/news\/wp-json\/wp\/v2\/media\/34932"}],"wp:attachment":[{"href":"https:\/\/euapp01.newsmemory.com\/lamarseillaise\/news\/wp-json\/wp\/v2\/media?parent=34931"}],"wp:term":[{"taxonomy":"category","embeddable":true,"href":"https:\/\/euapp01.newsmemory.com\/lamarseillaise\/news\/wp-json\/wp\/v2\/categories?post=34931"},{"taxonomy":"post_tag","embeddable":true,"href":"https:\/\/euapp01.newsmemory.com\/lamarseillaise\/news\/wp-json\/wp\/v2\/tags?post=34931"},{"taxonomy":"news-destination","embeddable":true,"href":"https:\/\/euapp01.newsmemory.com\/lamarseillaise\/news\/wp-json\/wp\/v2\/news-destination?post=34931"},{"taxonomy":"news-source","embeddable":true,"href":"https:\/\/euapp01.newsmemory.com\/lamarseillaise\/news\/wp-json\/wp\/v2\/news-source?post=34931"},{"taxonomy":"is_homepage","embeddable":true,"href":"https:\/\/euapp01.newsmemory.com\/lamarseillaise\/news\/wp-json\/wp\/v2\/is_homepage?post=34931"},{"taxonomy":"ta_other","embeddable":true,"href":"https:\/\/euapp01.newsmemory.com\/lamarseillaise\/news\/wp-json\/wp\/v2\/ta_other?post=34931"}],"curies":[{"name":"wp","href":"https:\/\/api.w.org\/{rel}","templated":true}]}}