{"id":34928,"date":"2026-07-02T09:52:00","date_gmt":"2026-07-02T07:52:00","guid":{"rendered":"https:\/\/euapp01.newsmemory.com\/lamarseillaise\/news\/?p=34928"},"modified":"2026-07-02T10:33:39","modified_gmt":"2026-07-02T08:33:39","slug":"sauveur-cristofini-entre-dans-la-cour-des-grands","status":"publish","type":"post","link":"https:\/\/euapp01.newsmemory.com\/lamarseillaise\/news\/2026\/07\/02\/sauveur-cristofini-entre-dans-la-cour-des-grands\/","title":{"rendered":"Sauveur Cristofini entre dans la cour des grands"},"content":{"rendered":"<div class=\"paragraph\">\n<p>Br\u00fbler les \u00e9tapes ne lui fait peur en aucun cas. Dans le sillage d\u2019un L\u00e9on Marchand prenant logiquement de la place dans le monde de la natation fran\u00e7aise, un jeune talent pointe encore un peu plus le bout de son nez. Sauveur Cristofini, 16\u00a0printemps \u00e0 peine, continue d\u2019affoler les chronos. Les championnats de France, \u00e0 Saint-\u00c9tienne, se bouclent ce jeudi et le prodige a frapp\u00e9 un grand coup mardi soir. La finale du 200m nage libre a longtemps \u00e9t\u00e9 domin\u00e9e par Roman Fuchs avant que l\u2019ex-prot\u00e9g\u00e9 de Philippe Lucas, \u00e0 Martigues, se montre. Revenu comme une balle, Cristofini a accroch\u00e9 le titre national \u00e0 la touche&#8230; ex \u00e6quo avec son principal concurrent. Un fait rare en natation.<\/p>\n<\/p><\/div>\n<div class=\"intext\"> Qualifi\u00e9 pour l\u2019Europe\n              <\/div>\n<div class=\"paragraph\">\n<p>D\u00e9j\u00e0 bronz\u00e9 lors du 100m nage libre, le nageur originaire de Corse a pleinement r\u00e9ussi son rendez-vous dans la Loire. \u00ab<i>\u00a0<\/i><i>J\u2019avais cet objectif depuis l\u2019ann\u00e9e derni\u00e8re de me qualifier. C\u2019est beaucoup d\u2019\u00e9motions et de sacrifices pour y arriver. \u00catre champion de France, c\u2019est une grosse \u00e9tape<\/i><i>\u00a0<\/i>\u00bb, a-t-il d\u00e9clar\u00e9 \u00e0 la sortie du bassin. Ce dont parle Sauveur Cristofini dans ces quelques phrases, c\u2019est la qualification acquise pour les championnats d\u2019Europe \u00e0 Saint-Denis (10 au 16\u00a0ao\u00fbt). En effet, avec cette victoire, une place lui est r\u00e9serv\u00e9e puisqu\u2019il a dans un m\u00eame temps r\u00e9alis\u00e9 les minima europ\u00e9ens.<\/p>\n<p>Un nouveau palier franchit pour celui qui nage d\u00e9j\u00e0 plus rapidement que le champion olympique 2012 Yannick Agnel au m\u00eame \u00e2ge. Le n\u00e9o-membre du Cercle des Nageurs de Marseille va vivre sa seconde s\u00e9lection en \u00e9quipe de France Apr\u00e8s l\u2019Euro en petit bassin, en d\u00e9cembre. 1m90, des mains gigantesques, des chaussures taille\u00a050 aux pieds, Sauveur Cristofini, recordman d\u2019Europe junior du 400m, a tout pour devenir une autre \u00e9toile dans la constellation de la natation tricolore.<\/p>\n<\/p><\/div>\n","protected":false},"excerpt":{"rendered":"Br&ucirc;ler les &eacute;tapes ne lui fait peur en aucun cas. Dans le sillage d&rsquo;un L&eacute;on Marchand prenant logiquement de la place dans le monde de la natation fran&ccedil;aise, un jeune talent pointe encore un peu plus le bout de son &#8230;","protected":false},"author":1,"featured_media":34929,"comment_status":"open","ping_status":"open","sticky":false,"template":"","format":"standard","meta":{"footnotes":""},"categories":[7],"tags":[10,1162,1831,16,1752],"news-destination":[],"news-source":[475],"is_homepage":[],"ta_other":[],"class_list":["post-34928","post","type-post","status-publish","format-standard","has-post-thumbnail","hentry","category-sports","tag-bouches-du-rhone","tag-championnats","tag-cnm","tag-marseille","tag-natation","news-source-website"],"_links":{"self":[{"href":"https:\/\/euapp01.newsmemory.com\/lamarseillaise\/news\/wp-json\/wp\/v2\/posts\/34928","targetHints":{"allow":["GET"]}}],"collection":[{"href":"https:\/\/euapp01.newsmemory.com\/lamarseillaise\/news\/wp-json\/wp\/v2\/posts"}],"about":[{"href":"https:\/\/euapp01.newsmemory.com\/lamarseillaise\/news\/wp-json\/wp\/v2\/types\/post"}],"author":[{"embeddable":true,"href":"https:\/\/euapp01.newsmemory.com\/lamarseillaise\/news\/wp-json\/wp\/v2\/users\/1"}],"replies":[{"embeddable":true,"href":"https:\/\/euapp01.newsmemory.com\/lamarseillaise\/news\/wp-json\/wp\/v2\/comments?post=34928"}],"version-history":[{"count":1,"href":"https:\/\/euapp01.newsmemory.com\/lamarseillaise\/news\/wp-json\/wp\/v2\/posts\/34928\/revisions"}],"predecessor-version":[{"id":34930,"href":"https:\/\/euapp01.newsmemory.com\/lamarseillaise\/news\/wp-json\/wp\/v2\/posts\/34928\/revisions\/34930"}],"wp:featuredmedia":[{"embeddable":true,"href":"https:\/\/euapp01.newsmemory.com\/lamarseillaise\/news\/wp-json\/wp\/v2\/media\/34929"}],"wp:attachment":[{"href":"https:\/\/euapp01.newsmemory.com\/lamarseillaise\/news\/wp-json\/wp\/v2\/media?parent=34928"}],"wp:term":[{"taxonomy":"category","embeddable":true,"href":"https:\/\/euapp01.newsmemory.com\/lamarseillaise\/news\/wp-json\/wp\/v2\/categories?post=34928"},{"taxonomy":"post_tag","embeddable":true,"href":"https:\/\/euapp01.newsmemory.com\/lamarseillaise\/news\/wp-json\/wp\/v2\/tags?post=34928"},{"taxonomy":"news-destination","embeddable":true,"href":"https:\/\/euapp01.newsmemory.com\/lamarseillaise\/news\/wp-json\/wp\/v2\/news-destination?post=34928"},{"taxonomy":"news-source","embeddable":true,"href":"https:\/\/euapp01.newsmemory.com\/lamarseillaise\/news\/wp-json\/wp\/v2\/news-source?post=34928"},{"taxonomy":"is_homepage","embeddable":true,"href":"https:\/\/euapp01.newsmemory.com\/lamarseillaise\/news\/wp-json\/wp\/v2\/is_homepage?post=34928"},{"taxonomy":"ta_other","embeddable":true,"href":"https:\/\/euapp01.newsmemory.com\/lamarseillaise\/news\/wp-json\/wp\/v2\/ta_other?post=34928"}],"curies":[{"name":"wp","href":"https:\/\/api.w.org\/{rel}","templated":true}]}}