{"id":34919,"date":"2026-07-02T10:19:00","date_gmt":"2026-07-02T08:19:00","guid":{"rendered":"https:\/\/euapp01.newsmemory.com\/lamarseillaise\/news\/?p=34919"},"modified":"2026-07-06T08:37:36","modified_gmt":"2026-07-06T06:37:36","slug":"la-ligne-strategique-du-pcf-affinee-au-congres-de-lille","status":"publish","type":"post","link":"https:\/\/euapp01.newsmemory.com\/lamarseillaise\/news\/2026\/07\/02\/la-ligne-strategique-du-pcf-affinee-au-congres-de-lille\/","title":{"rendered":"La ligne strat\u00e9gique du PCF affin\u00e9e au congr\u00e8s de Lille"},"content":{"rendered":"<div class=\"paragraph\">\n<p>D\u00e9but juillet, on ne saura pas encore officiellement si Fabien Roussel est candidat \u00e0 l\u2019\u00e9lection pr\u00e9sidentielle 2027. Mais il sera possible de deviner si cette option tient ou pas la corde.<\/p>\n<p>Du 3 au 5\u00a0juillet, le 40<sup>e<\/sup>\u00a0congr\u00e8s national du PCF, qui se tient \u00e0 Lille, va pr\u00e9ciser la ligne du parti sur sa place dans la recomposition d\u2019une gauche fractur\u00e9e et bien s\u00fbr sa pr\u00e9f\u00e9rence en vue de l\u2019\u00e9lection reine d\u2019avril 2027. Si Fabien Roussel a d\u00e9j\u00e0 laiss\u00e9 entendre qu\u2019il serait si n\u00e9cessaire \u00ab\u00a0<i>disponible<\/i><i>\u00a0<\/i>\u00bb pour la pr\u00e9sidentielle, ce congr\u00e8s ne vise pas \u00e0 d\u00e9signer directement un candidat communiste mais \u00e0 \u00e9lire, via les d\u00e9l\u00e9gu\u00e9s, le nouveau conseil national du PCF et donc sa direction.<\/p>\n<p>Si l\u2019on se fie au vote des adh\u00e9rents des 6-7 juin, la direction actuelle garde une longueur d\u2019avance. M\u00eame si le pl\u00e9biscite est moindre qu\u2019en 2023 (24\u00a0608\u00a0suffrages contre 29 212) c\u2019est bien le texte d\u2019orientation port\u00e9 par Fabien Roussel qui est majoritaire avec 61,38% des voix. Cette ligne devance le texte des \u00ab\u00a0communistes \u00e0 l\u2019offensive\u00a0\u00bb (25,35%) soutenu par Pierre Laurent ou St\u00e9phane Peu, celui de \u00ab la lutte des classes comme boussole, le socialisme comme programme\u00a0\u00bb (7,6%) et enfin le courant le plus minoritaire, \u00ab\u00a0R\u00e9sister et construire, une nouvelle page du communisme\u00a0\u00bb (5,67%).<\/p>\n<p>C\u2019est donc le texte d\u2019orientation propos\u00e9 par le conseil national qui sertde base commune de discussion. Reste \u00e0 savoir dans quelles proportions il sera amend\u00e9. Le PCF pr\u00e9parera-t-il sa candidature autonome comme le souhaite l\u2019actuelle direction ou bien laissera-t-il entrouverte l\u2019hypoth\u00e8se d\u2019une candidature commune \u00e0 gauche\u00a0?<\/p>\n<p>Dans la foul\u00e9e du congr\u00e8s les d\u00e9l\u00e9gu\u00e9s se r\u00e9uniront en conf\u00e9rence nationale pour proposer une option qui sera tranch\u00e9e par le vote des adh\u00e9rent d\u00e9but septembre.<\/p>\n<\/p><\/div>\n","protected":false},"excerpt":{"rendered":"D&eacute;but juillet, on ne saura pas encore officiellement si Fabien Roussel est candidat &agrave; l&rsquo;&eacute;lection pr&eacute;sidentielle 2027. Mais il sera possible de deviner si cette option tient ou pas la corde.","protected":false},"author":1,"featured_media":34920,"comment_status":"open","ping_status":"open","sticky":false,"template":"","format":"standard","meta":{"footnotes":""},"categories":[3926,3925,330],"tags":[4462,606,572,1263,623,250,6001,464,821],"news-destination":[3944],"news-source":[475],"is_homepage":[],"ta_other":[],"class_list":["post-34919","post","type-post","status-publish","format-standard","has-post-thumbnail","hentry","category-accueil-merge","category-accueil-third","category-politique","tag-congres-national","tag-fabien-roussel","tag-france","tag-militants","tag-parti-communiste","tag-pcf","tag-pierre-laurent","tag-stephane-peu","tag-vote","news-destination-homepage","news-source-website"],"_links":{"self":[{"href":"https:\/\/euapp01.newsmemory.com\/lamarseillaise\/news\/wp-json\/wp\/v2\/posts\/34919","targetHints":{"allow":["GET"]}}],"collection":[{"href":"https:\/\/euapp01.newsmemory.com\/lamarseillaise\/news\/wp-json\/wp\/v2\/posts"}],"about":[{"href":"https:\/\/euapp01.newsmemory.com\/lamarseillaise\/news\/wp-json\/wp\/v2\/types\/post"}],"author":[{"embeddable":true,"href":"https:\/\/euapp01.newsmemory.com\/lamarseillaise\/news\/wp-json\/wp\/v2\/users\/1"}],"replies":[{"embeddable":true,"href":"https:\/\/euapp01.newsmemory.com\/lamarseillaise\/news\/wp-json\/wp\/v2\/comments?post=34919"}],"version-history":[{"count":1,"href":"https:\/\/euapp01.newsmemory.com\/lamarseillaise\/news\/wp-json\/wp\/v2\/posts\/34919\/revisions"}],"predecessor-version":[{"id":34921,"href":"https:\/\/euapp01.newsmemory.com\/lamarseillaise\/news\/wp-json\/wp\/v2\/posts\/34919\/revisions\/34921"}],"wp:featuredmedia":[{"embeddable":true,"href":"https:\/\/euapp01.newsmemory.com\/lamarseillaise\/news\/wp-json\/wp\/v2\/media\/34920"}],"wp:attachment":[{"href":"https:\/\/euapp01.newsmemory.com\/lamarseillaise\/news\/wp-json\/wp\/v2\/media?parent=34919"}],"wp:term":[{"taxonomy":"category","embeddable":true,"href":"https:\/\/euapp01.newsmemory.com\/lamarseillaise\/news\/wp-json\/wp\/v2\/categories?post=34919"},{"taxonomy":"post_tag","embeddable":true,"href":"https:\/\/euapp01.newsmemory.com\/lamarseillaise\/news\/wp-json\/wp\/v2\/tags?post=34919"},{"taxonomy":"news-destination","embeddable":true,"href":"https:\/\/euapp01.newsmemory.com\/lamarseillaise\/news\/wp-json\/wp\/v2\/news-destination?post=34919"},{"taxonomy":"news-source","embeddable":true,"href":"https:\/\/euapp01.newsmemory.com\/lamarseillaise\/news\/wp-json\/wp\/v2\/news-source?post=34919"},{"taxonomy":"is_homepage","embeddable":true,"href":"https:\/\/euapp01.newsmemory.com\/lamarseillaise\/news\/wp-json\/wp\/v2\/is_homepage?post=34919"},{"taxonomy":"ta_other","embeddable":true,"href":"https:\/\/euapp01.newsmemory.com\/lamarseillaise\/news\/wp-json\/wp\/v2\/ta_other?post=34919"}],"curies":[{"name":"wp","href":"https:\/\/api.w.org\/{rel}","templated":true}]}}