{"id":34913,"date":"2026-07-02T09:38:00","date_gmt":"2026-07-02T07:38:00","guid":{"rendered":"https:\/\/euapp01.newsmemory.com\/lamarseillaise\/news\/?p=34913"},"modified":"2026-07-02T10:08:13","modified_gmt":"2026-07-02T08:08:13","slug":"une-journee-devasion-pour-ces-familles-en-difficulte","status":"publish","type":"post","link":"https:\/\/euapp01.newsmemory.com\/lamarseillaise\/news\/2026\/07\/02\/une-journee-devasion-pour-ces-familles-en-difficulte\/","title":{"rendered":"Une journ\u00e9e d\u2019\u00e9vasion pour ces familles en difficult\u00e9"},"content":{"rendered":"<div class=\"paragraph\">\n<p>\u00ab <i>I<\/i><i>ci, on s\u2019occupe de personnes avec des situations compliqu\u00e9es [&#8230;]. On consid\u00e8re que tout le monde a le droit de s\u2019\u00e9vader<\/i><i>\u00a0<\/i>\u00bb,<i> <\/i>s\u2019enthousiasme Louise Mottier, \u00e9ducatrice sp\u00e9cialis\u00e9e au sein d\u2019Habitat Alternatif Social, association du secteur de la lutte contre la grande pauvret\u00e9. Ce mercredi 1<sup>er<\/sup>\u00a0juillet, cette structure et ses r\u00e9sidents profitent du programme \u00ab\u00a0S\u2019\u00e9vader\u00a0\u00bb, mis en place par la mairie de Marseille pour permettre aux familles des quartiers prioritaires de la ville de b\u00e9n\u00e9ficier d\u2019une journ\u00e9e de vacances gratuite. Depuis le 15<sup>e<\/sup>\u00a0arrondissement, un bus les attend pour les amener au lac des Vannades.<\/p>\n<p>Depuis 4\u00a0ans, ce dispositif, financ\u00e9 par la Ville de Marseille, permet aux associations de monter un projet pour les familles autour de la nature, de la culture, ou du sport et de le r\u00e9aliser. La mairie \u00ab\u00a0<i>a fait le choix de s\u00e9culariser le dispositif<\/i><i>\u00a0<\/i>\u00bb malgr\u00e9 les coupes budg\u00e9taires impos\u00e9es aux collectivit\u00e9s, explique Anne-Sophie Sidani, conseill\u00e8re municipale d\u00e9l\u00e9gu\u00e9e \u00e0 la politique de la ville (PS), pendant que son \u00e9quipe distribue aux familles des produits d\u00e9riv\u00e9s \u00e0 l\u2019effigie de la mairie.<\/p>\n<\/p><\/div>\n<div class=\"intext\"> Un programme qui fait<br \/>\n               <br \/>des heureux\n              <\/div>\n<div class=\"paragraph\">\n<p>\u00ab<i>\u00a0<\/i><i>Les familles n\u2019attendaient que \u00e7a<\/i><i>\u00a0<\/i>\u00bb, ajoute Louise Mottier. C\u2019est la premi\u00e8re et la seule journ\u00e9e de l\u2019ann\u00e9e o\u00f9 les r\u00e9sidents des diff\u00e9rents centres d\u2019h\u00e9bergement se retrouvent. Selon elle, c\u2019est \u00ab\u00a0<i>une journ\u00e9e de c\u00e9l\u00e9bration<\/i>\u00a0\u00bb qui \u00ab\u00a0<i>permet d\u2019oublier le quotidien<\/i>\u00a0\u00bb.<\/p>\n<p>Mariette et Christian, parents d\u2019un nouveau-n\u00e9, accompagn\u00e9s depuis 3\u00a0mois, expriment leur enthousiasme\u00a0: \u00ab<i>\u00a0<\/i><i>On pourra rencontrer d\u2019autres familles.<\/i><i>\u00a0<\/i>\u00bb Tous voient cette journ\u00e9e comme la possibilit\u00e9 de tisser des liens. \u00ab\u00a0<i>Je me fais des amis<\/i><i>\u00a0<\/i>\u00bb<i>,<\/i> ajoute Abdoul-Karim, jeune gar\u00e7on pr\u00e9sent avec sa m\u00e8re Chadia.<\/p>\n<p>Alors que tous sont d\u00e9j\u00e0 install\u00e9s et que le bus est pr\u00eat \u00e0 partir, Anne-Sophie Sidani adresse un dernier mot\u00a0: \u00ab<i>\u00a0<\/i><i>Au nom de la Ville de Marseille et de Benoit Payan, je voulais vous souhaiter \u00e0 tous une tr\u00e8s bonne journ\u00e9e<\/i><i>\u00a0<\/i><i>!<\/i><i>\u00a0<\/i>\u00bb Ravie, l\u2019association envisage d\u00e9j\u00e0 l\u2019an prochain et Louise assure que ces derniers \u00ab\u00a0<i>r\u00e9pondront pr\u00e9sents<\/i>\u00a0\u00bb.<\/p>\n<p>Sasha Moss\u00e9<\/p>\n<\/p><\/div>\n","protected":false},"excerpt":{"rendered":"&laquo; Ici, on s&rsquo;occupe de personnes avec des situations compliqu&eacute;es [&#8230;]. On consid&egrave;re que tout le monde a le droit de s&rsquo;&eacute;vader&nbsp;&raquo;, s&rsquo;enthousiasme Louise Mottier, &eacute;ducatrice &#8230;","protected":false},"author":1,"featured_media":34914,"comment_status":"open","ping_status":"open","sticky":false,"template":"","format":"standard","meta":{"footnotes":""},"categories":[20],"tags":[138,774,10,208,754,1443,16,978,508,543,269,194,99],"news-destination":[],"news-source":[475],"is_homepage":[],"ta_other":[],"class_list":["post-34913","post","type-post","status-publish","format-standard","has-post-thumbnail","hentry","category-societe","tag-associations","tag-benoit-payan","tag-bouches-du-rhone","tag-collectivites","tag-familles","tag-mairie-de-marseille","tag-marseille","tag-parents","tag-politique-de-la-ville","tag-ps","tag-quartiers-prioritaires","tag-social","tag-ville-de-marseille","news-source-website"],"_links":{"self":[{"href":"https:\/\/euapp01.newsmemory.com\/lamarseillaise\/news\/wp-json\/wp\/v2\/posts\/34913","targetHints":{"allow":["GET"]}}],"collection":[{"href":"https:\/\/euapp01.newsmemory.com\/lamarseillaise\/news\/wp-json\/wp\/v2\/posts"}],"about":[{"href":"https:\/\/euapp01.newsmemory.com\/lamarseillaise\/news\/wp-json\/wp\/v2\/types\/post"}],"author":[{"embeddable":true,"href":"https:\/\/euapp01.newsmemory.com\/lamarseillaise\/news\/wp-json\/wp\/v2\/users\/1"}],"replies":[{"embeddable":true,"href":"https:\/\/euapp01.newsmemory.com\/lamarseillaise\/news\/wp-json\/wp\/v2\/comments?post=34913"}],"version-history":[{"count":1,"href":"https:\/\/euapp01.newsmemory.com\/lamarseillaise\/news\/wp-json\/wp\/v2\/posts\/34913\/revisions"}],"predecessor-version":[{"id":34915,"href":"https:\/\/euapp01.newsmemory.com\/lamarseillaise\/news\/wp-json\/wp\/v2\/posts\/34913\/revisions\/34915"}],"wp:featuredmedia":[{"embeddable":true,"href":"https:\/\/euapp01.newsmemory.com\/lamarseillaise\/news\/wp-json\/wp\/v2\/media\/34914"}],"wp:attachment":[{"href":"https:\/\/euapp01.newsmemory.com\/lamarseillaise\/news\/wp-json\/wp\/v2\/media?parent=34913"}],"wp:term":[{"taxonomy":"category","embeddable":true,"href":"https:\/\/euapp01.newsmemory.com\/lamarseillaise\/news\/wp-json\/wp\/v2\/categories?post=34913"},{"taxonomy":"post_tag","embeddable":true,"href":"https:\/\/euapp01.newsmemory.com\/lamarseillaise\/news\/wp-json\/wp\/v2\/tags?post=34913"},{"taxonomy":"news-destination","embeddable":true,"href":"https:\/\/euapp01.newsmemory.com\/lamarseillaise\/news\/wp-json\/wp\/v2\/news-destination?post=34913"},{"taxonomy":"news-source","embeddable":true,"href":"https:\/\/euapp01.newsmemory.com\/lamarseillaise\/news\/wp-json\/wp\/v2\/news-source?post=34913"},{"taxonomy":"is_homepage","embeddable":true,"href":"https:\/\/euapp01.newsmemory.com\/lamarseillaise\/news\/wp-json\/wp\/v2\/is_homepage?post=34913"},{"taxonomy":"ta_other","embeddable":true,"href":"https:\/\/euapp01.newsmemory.com\/lamarseillaise\/news\/wp-json\/wp\/v2\/ta_other?post=34913"}],"curies":[{"name":"wp","href":"https:\/\/api.w.org\/{rel}","templated":true}]}}