{"id":34910,"date":"2026-07-02T09:33:00","date_gmt":"2026-07-02T07:33:00","guid":{"rendered":"https:\/\/euapp01.newsmemory.com\/lamarseillaise\/news\/?p=34910"},"modified":"2026-07-06T08:37:36","modified_gmt":"2026-07-06T06:37:36","slug":"la-marseillaise-suscite-le-debat","status":"publish","type":"post","link":"https:\/\/euapp01.newsmemory.com\/lamarseillaise\/news\/2026\/07\/02\/la-marseillaise-suscite-le-debat\/","title":{"rendered":"La Marseillaise suscite le d\u00e9bat"},"content":{"rendered":"<div class=\"intext\"> Bernard Fontana PDG d\u2019EDF\n              <\/div>\n<div class=\"paragraph\">\n<p>Il confrontera sa vision des d\u00e9fis devant lesquelles se trouve le secteur de l\u2019\u00e9nergie avec Fabrice Coudour (FNME CGT) et Anthony Juan (Caisse centrale d\u2019activit\u00e9s sociales) au cours d\u2019un d\u00e9bat intitul\u00e9 \u00ab 80 ans des nationalisations et des activit\u00e9s sociales : parlons d\u2019avenir ! \u00bb. Retrouvez son compte rendu dans La Marseillaise de ce week-end.<\/p>\n<\/p><\/div>\n<div class=\"intext\"> Sophie Binet Secr\u00e9taire g\u00e9n\u00e9rale de la CGT\n              <\/div>\n<div class=\"paragraph\">\n<p>Elle croisera son regard sur le th\u00e8me \u00ab 1936-2026 des cong\u00e9s pay\u00e9s au droit aux vacances pour tous \u00bb \u00e0 l\u2019occasion du Mondial des CSE Id\u00e9lia La Marseillaise avec Virginie Akliouat (FSU), Anthony Juan (CCAS), Arnaud Hennebert (CCGPF) et Doric Curto (Imestia). Retrouvez le compte rendu de l\u2019\u00e9change dans La Marseillaise de ce lundi.<\/p>\n<\/p><\/div>\n<div class=\"paragraph\">\n<p>Lire aussi \u00ab<a href=\"https:\/\/www.lamarseillaise.fr\/economie\/des-rencontres-economiques-tres-politiques-IC20445841\">Des rencontres \u00e9conomiques tr\u00e8s politiques<\/a>\u00bb et <a href=\"https:\/\/www.lamarseillaise.fr\/economie\/entretien-clement-beaune-je-propose-qu-on-revienne-a-une-forme-de-planification-globale-GC20446132\">notre entretien avec Cl\u00e9ment Beaune<\/a>, ex-ministre d\u00e9l\u00e9gu\u00e9 et actuel Haut-commissaire \u00e0 la strat\u00e9gie et au plan.<\/p>\n<\/p><\/div>\n","protected":false},"excerpt":{"rendered":"Il confrontera sa vision des d&eacute;fis devant lesquelles se trouve le secteur de l&rsquo;&eacute;nergie avec Fabrice Coudour (FNME CGT) et Anthony Juan (Caisse centrale d&rsquo;activit&eacute;s sociales) au cours d&rsquo;un d&eacute;bat &#8230;","protected":false},"author":1,"featured_media":34911,"comment_status":"open","ping_status":"open","sticky":false,"template":"","format":"standard","meta":{"footnotes":""},"categories":[3926,3925,20],"tags":[556,10,118,532,191,194,1557],"news-destination":[3944],"news-source":[475],"is_homepage":[],"ta_other":[],"class_list":["post-34910","post","type-post","status-publish","format-standard","has-post-thumbnail","hentry","category-accueil-merge","category-accueil-third","category-societe","tag-aix-en-provence","tag-bouches-du-rhone","tag-economie","tag-edf","tag-politique","tag-social","tag-sophie-binet","news-destination-homepage","news-source-website"],"_links":{"self":[{"href":"https:\/\/euapp01.newsmemory.com\/lamarseillaise\/news\/wp-json\/wp\/v2\/posts\/34910","targetHints":{"allow":["GET"]}}],"collection":[{"href":"https:\/\/euapp01.newsmemory.com\/lamarseillaise\/news\/wp-json\/wp\/v2\/posts"}],"about":[{"href":"https:\/\/euapp01.newsmemory.com\/lamarseillaise\/news\/wp-json\/wp\/v2\/types\/post"}],"author":[{"embeddable":true,"href":"https:\/\/euapp01.newsmemory.com\/lamarseillaise\/news\/wp-json\/wp\/v2\/users\/1"}],"replies":[{"embeddable":true,"href":"https:\/\/euapp01.newsmemory.com\/lamarseillaise\/news\/wp-json\/wp\/v2\/comments?post=34910"}],"version-history":[{"count":1,"href":"https:\/\/euapp01.newsmemory.com\/lamarseillaise\/news\/wp-json\/wp\/v2\/posts\/34910\/revisions"}],"predecessor-version":[{"id":34912,"href":"https:\/\/euapp01.newsmemory.com\/lamarseillaise\/news\/wp-json\/wp\/v2\/posts\/34910\/revisions\/34912"}],"wp:featuredmedia":[{"embeddable":true,"href":"https:\/\/euapp01.newsmemory.com\/lamarseillaise\/news\/wp-json\/wp\/v2\/media\/34911"}],"wp:attachment":[{"href":"https:\/\/euapp01.newsmemory.com\/lamarseillaise\/news\/wp-json\/wp\/v2\/media?parent=34910"}],"wp:term":[{"taxonomy":"category","embeddable":true,"href":"https:\/\/euapp01.newsmemory.com\/lamarseillaise\/news\/wp-json\/wp\/v2\/categories?post=34910"},{"taxonomy":"post_tag","embeddable":true,"href":"https:\/\/euapp01.newsmemory.com\/lamarseillaise\/news\/wp-json\/wp\/v2\/tags?post=34910"},{"taxonomy":"news-destination","embeddable":true,"href":"https:\/\/euapp01.newsmemory.com\/lamarseillaise\/news\/wp-json\/wp\/v2\/news-destination?post=34910"},{"taxonomy":"news-source","embeddable":true,"href":"https:\/\/euapp01.newsmemory.com\/lamarseillaise\/news\/wp-json\/wp\/v2\/news-source?post=34910"},{"taxonomy":"is_homepage","embeddable":true,"href":"https:\/\/euapp01.newsmemory.com\/lamarseillaise\/news\/wp-json\/wp\/v2\/is_homepage?post=34910"},{"taxonomy":"ta_other","embeddable":true,"href":"https:\/\/euapp01.newsmemory.com\/lamarseillaise\/news\/wp-json\/wp\/v2\/ta_other?post=34910"}],"curies":[{"name":"wp","href":"https:\/\/api.w.org\/{rel}","templated":true}]}}