{"id":34907,"date":"2026-07-02T07:46:00","date_gmt":"2026-07-02T05:46:00","guid":{"rendered":"https:\/\/euapp01.newsmemory.com\/lamarseillaise\/news\/?p=34907"},"modified":"2026-07-02T10:08:13","modified_gmt":"2026-07-02T08:08:13","slug":"david-fournier-denonce-lesbroufe-et-loutrance-du-maire-davignon-sur-les-finances","status":"publish","type":"post","link":"https:\/\/euapp01.newsmemory.com\/lamarseillaise\/news\/2026\/07\/02\/david-fournier-denonce-lesbroufe-et-loutrance-du-maire-davignon-sur-les-finances\/","title":{"rendered":"David Fournier d\u00e9nonce \u00ab&nbsp;l\u2019esbroufe et l\u2019outrance&nbsp;\u00bb du maire d\u2019Avignon sur les finances"},"content":{"rendered":"<div class=\"paragraph\">\n<p>Le groupe de gauche Ensemble et solidaires au conseil municipal, issu de la liste de David Fournier (PS), est revenu, ce mercredi e<a rel=\"noopener noreferrer\" href=\"https:\/\/www.lamarseillaise.fr\/politique\/finances-la-gauche-avignonnaise-denonce-une-operation-de-communication-GF20431337\" target=\"_blank\">n fin de journ\u00e9e, sur la br\u00fblante question des finances d\u2019Avignon<\/a>. Et ce au lendemain d\u2019un conseil municipal jug\u00e9 \u00ab\u00a0<i>fantasque<\/i>\u00a0\u00bb par David Fournier alors que la Chambre r\u00e9gionale des comptes (CRC) a rendu officiellement son rapport sur la gestion de la Ville (2019-2024). \u00ab<i>\u00a0<\/i><i>L<\/i><i>a situation s\u2019est stabilis\u00e9e entre 2023 et 2024 mais demeure fragile en raison de la dynamique des charges et du poids de la dette<\/i><i>\u00a0<\/i>\u00bb, synth\u00e9tise la CRC.<\/p>\n<p>Depuis vendredi dernier, la nouvelle majorit\u00e9 conduite par Olivier Galzi s\u2019attelle \u00e0 d\u00e9crire un <a rel=\"noopener noreferrer\" href=\"https:\/\/www.lamarseillaise.fr\/politique\/avignon-galzi-accuse-l-ex-majorite-d-avoir-manipule-les-comptes-OE20428732\" target=\"_blank\">\u00e9tat des finances apocalyptique sur la foi d\u2019un audit<\/a>. \u00ab<i>\u00a0<\/i><i>Dans des termes outranciers, le maire d\u00e9voile des choses d\u00e9rangeantes en se fondant sur une entreprise priv\u00e9e qui n\u2019a aucune comp\u00e9tence officielle pour v\u00e9rifier des comptes et \u00e9tablit des v\u00e9rit\u00e9s qui sont contredites par le tr\u00e9sorier public<\/i><i>\u00a0<\/i>\u00bb, ass\u00e8ne David Fournier, qui, comme en s\u00e9ance mardi soir, r\u00e9affirme que la \u00ab\u00a0<i>situation est saine<\/i>\u00a0\u00bb.<\/p>\n<p>L\u00e0 o\u00f9 Olivier Galzi insiste sur le fait que le rapport de la CRC s\u2019arr\u00eate en 2024 alors que les d\u00e9rapages auraient eu lieu en 2025, David Fournier soutient que la CRC a mis le nez dans les comptes 2025 \u00ab\u00a0<i>sans rien trouver \u00e0 redire car le compte administratif n\u2019\u00e9tait pas vot\u00e9<\/i><i>\u00a0<\/i>\u00bb. Un compte rejet\u00e9 mardi qui va entra\u00eener une p\u00e9riode de latence, o\u00f9 la CRC va prendre la main pour v\u00e9rifier la conformit\u00e9 des d\u00e9penses et recettes sans aller forc\u00e9ment \u00e0 la tutelle. \u00ab\u00a0<i>Ce qui sera int\u00e9ressant, c\u2019est si, la CRC nous demande d\u2019int\u00e9grer au budget suppl\u00e9mentaire les d\u00e9penses qui auraient d\u00fb \u00eatre int\u00e9gr\u00e9es en 2025<\/i>, analyse Olivier Galzi, questionn\u00e9 \u00e0 l\u2019issue de la s\u00e9ance. <i>\u00c0 ce moment-l\u00e0, la question sera de savoir si on met des recettes en face&#8230;<\/i><i>\u00a0<\/i>\u00bb<\/p>\n<p>David Fournier renvoie, lui, au 1,4\u00a0million d\u2019euros de d\u00e9penses nouvelles engag\u00e9es par la majorit\u00e9 et redoute que l\u2019audit serve d\u2019alibi permanent \u00e0 op\u00e9rer des restrictions. <i>\u00ab<\/i><i>\u00a0<\/i><i>Il pr\u00e9pare des d\u00e9cisions impopulaires avec une externalisation et privatisation des services<\/i><i>\u00a0<\/i>\u00bb, pr\u00e9dit Samir Allel, conseiller d\u00e9partemental \u00e9cologiste.<\/p>\n<\/p><\/div>\n","protected":false},"excerpt":{"rendered":"Le groupe de gauche Ensemble et solidaires au conseil municipal, issu de la liste de David Fournier (PS), est revenu, ce mercredi en fin de journ&eacute;e, sur la br&ucirc;lante question des finances d&rsquo;Avignon. Et ce au lendemain d&rsquo;un &#8230;","protected":false},"author":1,"featured_media":34908,"comment_status":"open","ping_status":"open","sticky":false,"template":"","format":"standard","meta":{"footnotes":""},"categories":[330],"tags":[495,174,148,913,752,4914,543,171],"news-destination":[],"news-source":[475],"is_homepage":[],"ta_other":[],"class_list":["post-34907","post","type-post","status-publish","format-standard","has-post-thumbnail","hentry","category-politique","tag-495","tag-avignon","tag-conseil-municipal","tag-finances","tag-maire","tag-olivier-galzi","tag-ps","tag-vaucluse","news-source-website"],"_links":{"self":[{"href":"https:\/\/euapp01.newsmemory.com\/lamarseillaise\/news\/wp-json\/wp\/v2\/posts\/34907","targetHints":{"allow":["GET"]}}],"collection":[{"href":"https:\/\/euapp01.newsmemory.com\/lamarseillaise\/news\/wp-json\/wp\/v2\/posts"}],"about":[{"href":"https:\/\/euapp01.newsmemory.com\/lamarseillaise\/news\/wp-json\/wp\/v2\/types\/post"}],"author":[{"embeddable":true,"href":"https:\/\/euapp01.newsmemory.com\/lamarseillaise\/news\/wp-json\/wp\/v2\/users\/1"}],"replies":[{"embeddable":true,"href":"https:\/\/euapp01.newsmemory.com\/lamarseillaise\/news\/wp-json\/wp\/v2\/comments?post=34907"}],"version-history":[{"count":1,"href":"https:\/\/euapp01.newsmemory.com\/lamarseillaise\/news\/wp-json\/wp\/v2\/posts\/34907\/revisions"}],"predecessor-version":[{"id":34909,"href":"https:\/\/euapp01.newsmemory.com\/lamarseillaise\/news\/wp-json\/wp\/v2\/posts\/34907\/revisions\/34909"}],"wp:featuredmedia":[{"embeddable":true,"href":"https:\/\/euapp01.newsmemory.com\/lamarseillaise\/news\/wp-json\/wp\/v2\/media\/34908"}],"wp:attachment":[{"href":"https:\/\/euapp01.newsmemory.com\/lamarseillaise\/news\/wp-json\/wp\/v2\/media?parent=34907"}],"wp:term":[{"taxonomy":"category","embeddable":true,"href":"https:\/\/euapp01.newsmemory.com\/lamarseillaise\/news\/wp-json\/wp\/v2\/categories?post=34907"},{"taxonomy":"post_tag","embeddable":true,"href":"https:\/\/euapp01.newsmemory.com\/lamarseillaise\/news\/wp-json\/wp\/v2\/tags?post=34907"},{"taxonomy":"news-destination","embeddable":true,"href":"https:\/\/euapp01.newsmemory.com\/lamarseillaise\/news\/wp-json\/wp\/v2\/news-destination?post=34907"},{"taxonomy":"news-source","embeddable":true,"href":"https:\/\/euapp01.newsmemory.com\/lamarseillaise\/news\/wp-json\/wp\/v2\/news-source?post=34907"},{"taxonomy":"is_homepage","embeddable":true,"href":"https:\/\/euapp01.newsmemory.com\/lamarseillaise\/news\/wp-json\/wp\/v2\/is_homepage?post=34907"},{"taxonomy":"ta_other","embeddable":true,"href":"https:\/\/euapp01.newsmemory.com\/lamarseillaise\/news\/wp-json\/wp\/v2\/ta_other?post=34907"}],"curies":[{"name":"wp","href":"https:\/\/api.w.org\/{rel}","templated":true}]}}