{"id":34904,"date":"2026-07-02T07:53:00","date_gmt":"2026-07-02T05:53:00","guid":{"rendered":"https:\/\/euapp01.newsmemory.com\/lamarseillaise\/news\/?p=34904"},"modified":"2026-07-06T08:37:36","modified_gmt":"2026-07-06T06:37:36","slug":"fadwa-barghouti-en-campagne-pour-la-liberation-de-son-epoux-marwan","status":"publish","type":"post","link":"https:\/\/euapp01.newsmemory.com\/lamarseillaise\/news\/2026\/07\/02\/fadwa-barghouti-en-campagne-pour-la-liberation-de-son-epoux-marwan\/","title":{"rendered":"Fadwa Barghouti en campagne pour la lib\u00e9ration de son \u00e9poux Marwan"},"content":{"rendered":"<div class=\"paragraph\">\n<p>Le rendez-vous est donn\u00e9 \u00e0 14h30 gare Saint-Charles ce jeudi pour accueillir comme il se doit Fadwa Barghouti. Celle-ci sera re\u00e7ue dans la foul\u00e9e par le secr\u00e9taire f\u00e9d\u00e9ral du PCF des Bouches-du-Rh\u00f4ne et s\u00e9nateur J\u00e9r\u00e9my Bacchi, au sein de la Maison des communistes, rue de Lyon. Une r\u00e9ception populaire et festive sera tenue en l\u2019honneur de l\u2019avocate et militante palestinienne \u00e0 18h30 \u00e0 l\u2019Espace Mistral de l\u2019Estaque. Cette visite riche en rencontres s\u2019inscrit dans le cadre de la campagne internationale qu\u2019elle a lanc\u00e9e, en 2002, d\u00e8s le kidnapping, l\u2019arrestation et la d\u00e9tention de son \u00e9poux, Marwan Barghouti.<\/p>\n<p>Une c\u00e9r\u00e9monie lui sera consacr\u00e9e, vendredi matin en mairie des 15\/16, suivie par une r\u00e9ception et une conf\u00e9rence de presse avec l\u2019UD CGT\u00a013, \u00e0 la Bourse du Travail. Puis, elle devrait rencontrer dans la journ\u00e9e des membres de Solidaires 13 et les \u00e9lus LFI des Bouches-du-Rh\u00f4ne. Fadwa Barghouti sera pr\u00e9sente \u00e0 19h30 au cin\u00e9ma le Gyptis pour la diffusion et un d\u00e9bat autour du film <i>Tomorrow\u2019s Freedom, <\/i>consacr\u00e9 au combat de son mari et sa famille, ainsi qu\u2019aux conditions de d\u00e9tention des prisonniers palestiniens. Un repas pr\u00e9par\u00e9 par l\u2019association Sawt Palestine sera propos\u00e9 aux participants.<\/p>\n<p>Enfin, Fadwa Barghouti est attendue samedi \u00e0 14h sous l\u2019ombri\u00e8re du Vieux-Port o\u00f9 elle participera \u00e0 l\u2019\u00e9v\u00e9nement, Palestine United 2, organis\u00e9, entre autres, par le collectif Union pour la Palestine Marseille (UPM).<\/p>\n<\/p><\/div>\n","protected":false},"excerpt":{"rendered":"Le rendez-vous est donn&eacute; &agrave; 14h30 gare Saint-Charles ce jeudi pour accueillir comme il se doit Fadwa Barghouti. Celle-ci sera re&ccedil;ue dans la foul&eacute;e par le secr&eacute;taire f&eacute;d&eacute;ral du PCF des &#8230;","protected":false},"author":1,"featured_media":34905,"comment_status":"open","ping_status":"open","sticky":false,"template":"","format":"standard","meta":{"footnotes":""},"categories":[3926,3925,337],"tags":[10,465,74,16,1079,76],"news-destination":[3944],"news-source":[475],"is_homepage":[],"ta_other":[],"class_list":["post-34904","post","type-post","status-publish","format-standard","has-post-thumbnail","hentry","category-accueil-merge","category-accueil-third","category-international","tag-bouches-du-rhone","tag-communistes","tag-israel-palestine","tag-marseille","tag-militantisme","tag-palestiniens","news-destination-homepage","news-source-website"],"_links":{"self":[{"href":"https:\/\/euapp01.newsmemory.com\/lamarseillaise\/news\/wp-json\/wp\/v2\/posts\/34904","targetHints":{"allow":["GET"]}}],"collection":[{"href":"https:\/\/euapp01.newsmemory.com\/lamarseillaise\/news\/wp-json\/wp\/v2\/posts"}],"about":[{"href":"https:\/\/euapp01.newsmemory.com\/lamarseillaise\/news\/wp-json\/wp\/v2\/types\/post"}],"author":[{"embeddable":true,"href":"https:\/\/euapp01.newsmemory.com\/lamarseillaise\/news\/wp-json\/wp\/v2\/users\/1"}],"replies":[{"embeddable":true,"href":"https:\/\/euapp01.newsmemory.com\/lamarseillaise\/news\/wp-json\/wp\/v2\/comments?post=34904"}],"version-history":[{"count":1,"href":"https:\/\/euapp01.newsmemory.com\/lamarseillaise\/news\/wp-json\/wp\/v2\/posts\/34904\/revisions"}],"predecessor-version":[{"id":34906,"href":"https:\/\/euapp01.newsmemory.com\/lamarseillaise\/news\/wp-json\/wp\/v2\/posts\/34904\/revisions\/34906"}],"wp:featuredmedia":[{"embeddable":true,"href":"https:\/\/euapp01.newsmemory.com\/lamarseillaise\/news\/wp-json\/wp\/v2\/media\/34905"}],"wp:attachment":[{"href":"https:\/\/euapp01.newsmemory.com\/lamarseillaise\/news\/wp-json\/wp\/v2\/media?parent=34904"}],"wp:term":[{"taxonomy":"category","embeddable":true,"href":"https:\/\/euapp01.newsmemory.com\/lamarseillaise\/news\/wp-json\/wp\/v2\/categories?post=34904"},{"taxonomy":"post_tag","embeddable":true,"href":"https:\/\/euapp01.newsmemory.com\/lamarseillaise\/news\/wp-json\/wp\/v2\/tags?post=34904"},{"taxonomy":"news-destination","embeddable":true,"href":"https:\/\/euapp01.newsmemory.com\/lamarseillaise\/news\/wp-json\/wp\/v2\/news-destination?post=34904"},{"taxonomy":"news-source","embeddable":true,"href":"https:\/\/euapp01.newsmemory.com\/lamarseillaise\/news\/wp-json\/wp\/v2\/news-source?post=34904"},{"taxonomy":"is_homepage","embeddable":true,"href":"https:\/\/euapp01.newsmemory.com\/lamarseillaise\/news\/wp-json\/wp\/v2\/is_homepage?post=34904"},{"taxonomy":"ta_other","embeddable":true,"href":"https:\/\/euapp01.newsmemory.com\/lamarseillaise\/news\/wp-json\/wp\/v2\/ta_other?post=34904"}],"curies":[{"name":"wp","href":"https:\/\/api.w.org\/{rel}","templated":true}]}}