{"id":34895,"date":"2026-07-02T07:30:00","date_gmt":"2026-07-02T05:30:00","guid":{"rendered":"https:\/\/euapp01.newsmemory.com\/lamarseillaise\/news\/?p=34895"},"modified":"2026-07-02T10:08:13","modified_gmt":"2026-07-02T08:08:13","slug":"le-jazz-festival-va-faire-groover-le-theatre-de-la-mer-de-la-ciotat","status":"publish","type":"post","link":"https:\/\/euapp01.newsmemory.com\/lamarseillaise\/news\/2026\/07\/02\/le-jazz-festival-va-faire-groover-le-theatre-de-la-mer-de-la-ciotat\/","title":{"rendered":"Le Jazz festival va faire groover le th\u00e9\u00e2tre de la Mer de La Ciotat"},"content":{"rendered":"<div class=\"paragraph\">\n<p>C\u2019est l\u2019un des rendez-vous incontournables de la saison estivale \u00e0 La Ciotat. Le Jazz festival est de retour et avec lui quatre soir\u00e9es qui regroupent chacune deux concerts avec des artistes de renom. \u00ab\u00a0<i>Nous voulons cette ann\u00e9e montrer que le jazz est pr\u00e9sent dans beaucoup de musiques. Son influence a donn\u00e9 naissance \u00e0 d\u2019autres styles musicaux comme la soul, le rythm\u2019n blues ou des musiques plus pop ou \u00e9lectro et c\u2019est par la programmation que nous avons que tous ces styles-l\u00e0 sont repr\u00e9sent\u00e9s avec toujours en toile de fond le jazz<\/i>\u00a0\u00bb, explique Jean-Pierre Artero, pr\u00e9sident et directeur artistique de l\u2019association La\u00a0Ciotat Culture, organisatrice de l\u2019\u00e9v\u00e9nement. Si les soir\u00e9es de concerts commencent officiellement le mardi 7\u00a0juillet avec un concert blues cajun inspir\u00e9 de la musique de Louisiane qui revisite les racines du blues et du jazz avant de laisser la place \u00e0 un concert tribute James Brown, au th\u00e9\u00e2tre de la Mer, les soir\u00e9es de dimanche et lundi seront un pr\u00e9lude \u00e0 l\u2019\u00e9v\u00e9nement dans les rues de La Ciotat.<\/p>\n<\/p><\/div>\n<div class=\"intext\"> Musiques du monde\n              <\/div>\n<div class=\"paragraph\">\n<p>\u00ab\u00a0<i>Il y aura des d\u00e9ambulations \u00e0 partir de 20h \u00e0 l\u2019occasion du march\u00e9 nocturne pour annoncer le d\u00e9but du Jazz festival, un peu \u00e0 la fa\u00e7on des crieurs publics de l\u2019\u00e9poque<\/i><i>\u00a0<\/i>\u00bb, souligne-t-il. \u00ab<i>\u00a0<\/i><i>Le New Bop Trio, un orchestre jouera de la musique comme on le faisait \u00e0 la Nouvelle-Orl\u00e9ans.<\/i>\u00a0\u00bb Mercredi ce sera le funk soul hip-hop de Talis Maas et l\u2019\u00e9lectro jazz de Rosaway, un duo m\u00ealant \u00e9lectro, jazz et influences disco qui seront au x commandes. Parmi les temps forts, notez la soir\u00e9e de jeudi avec le concert de Yuri Buenaventura, une figure incontournable de la salsa qui enflamme les sc\u00e8nes du monde entier avec son \u00e9nergie communicative et son attachement aux musiques latines. \u00ab\u00a0<i>Je connais tr\u00e8s bien Yuri Buenaventura qui s\u2019est impos\u00e9 dans le monde de la salsa mais ce que peu de gens savent c\u2019est qu\u2019il est \u00e9galement un tr\u00e8s bon chanteur et musicien de jazz et c\u2019est ce que nous allons vous faire d\u00e9couvrir<\/i><i>\u00a0<\/i>\u00bb, poursuit Jean-Paul Artero. \u00ab\u00a0<i>Vendredi, soir\u00e9e de cl\u00f4ture, nous ferons la part belle \u00e0 la chanson fran\u00e7aise mais aussi \u00e0 l\u2019univers de Line Cruz avec Four worlds qui montrera \u00e0 travers sa musique que les disparit\u00e9s du monde quelles que soient les couleurs et les origines peuvent se m\u00e9langer harmonieusement.<\/i>\u00a0\u00bb<\/p>\n<\/p><\/div>\n","protected":false},"excerpt":{"rendered":"C&rsquo;est l&rsquo;un des rendez-vous incontournables de la saison estivale &agrave; La Ciotat. Le Jazz festival est de retour et avec lui quatre soir&eacute;es qui regroupent chacune deux concerts avec des artistes de renom. &laquo;&nbsp;Nous &#8230;","protected":false},"author":1,"featured_media":34896,"comment_status":"open","ping_status":"open","sticky":false,"template":"","format":"standard","meta":{"footnotes":""},"categories":[32],"tags":[10,400,336,40,743,325],"news-destination":[],"news-source":[475],"is_homepage":[],"ta_other":[],"class_list":["post-34895","post","type-post","status-publish","format-standard","has-post-thumbnail","hentry","category-culture","tag-bouches-du-rhone","tag-concerts","tag-ete","tag-jazz","tag-la-ciotat","tag-musique","news-source-website"],"_links":{"self":[{"href":"https:\/\/euapp01.newsmemory.com\/lamarseillaise\/news\/wp-json\/wp\/v2\/posts\/34895","targetHints":{"allow":["GET"]}}],"collection":[{"href":"https:\/\/euapp01.newsmemory.com\/lamarseillaise\/news\/wp-json\/wp\/v2\/posts"}],"about":[{"href":"https:\/\/euapp01.newsmemory.com\/lamarseillaise\/news\/wp-json\/wp\/v2\/types\/post"}],"author":[{"embeddable":true,"href":"https:\/\/euapp01.newsmemory.com\/lamarseillaise\/news\/wp-json\/wp\/v2\/users\/1"}],"replies":[{"embeddable":true,"href":"https:\/\/euapp01.newsmemory.com\/lamarseillaise\/news\/wp-json\/wp\/v2\/comments?post=34895"}],"version-history":[{"count":1,"href":"https:\/\/euapp01.newsmemory.com\/lamarseillaise\/news\/wp-json\/wp\/v2\/posts\/34895\/revisions"}],"predecessor-version":[{"id":34897,"href":"https:\/\/euapp01.newsmemory.com\/lamarseillaise\/news\/wp-json\/wp\/v2\/posts\/34895\/revisions\/34897"}],"wp:featuredmedia":[{"embeddable":true,"href":"https:\/\/euapp01.newsmemory.com\/lamarseillaise\/news\/wp-json\/wp\/v2\/media\/34896"}],"wp:attachment":[{"href":"https:\/\/euapp01.newsmemory.com\/lamarseillaise\/news\/wp-json\/wp\/v2\/media?parent=34895"}],"wp:term":[{"taxonomy":"category","embeddable":true,"href":"https:\/\/euapp01.newsmemory.com\/lamarseillaise\/news\/wp-json\/wp\/v2\/categories?post=34895"},{"taxonomy":"post_tag","embeddable":true,"href":"https:\/\/euapp01.newsmemory.com\/lamarseillaise\/news\/wp-json\/wp\/v2\/tags?post=34895"},{"taxonomy":"news-destination","embeddable":true,"href":"https:\/\/euapp01.newsmemory.com\/lamarseillaise\/news\/wp-json\/wp\/v2\/news-destination?post=34895"},{"taxonomy":"news-source","embeddable":true,"href":"https:\/\/euapp01.newsmemory.com\/lamarseillaise\/news\/wp-json\/wp\/v2\/news-source?post=34895"},{"taxonomy":"is_homepage","embeddable":true,"href":"https:\/\/euapp01.newsmemory.com\/lamarseillaise\/news\/wp-json\/wp\/v2\/is_homepage?post=34895"},{"taxonomy":"ta_other","embeddable":true,"href":"https:\/\/euapp01.newsmemory.com\/lamarseillaise\/news\/wp-json\/wp\/v2\/ta_other?post=34895"}],"curies":[{"name":"wp","href":"https:\/\/api.w.org\/{rel}","templated":true}]}}