{"id":34886,"date":"2026-07-02T07:35:00","date_gmt":"2026-07-02T05:35:00","guid":{"rendered":"https:\/\/euapp01.newsmemory.com\/lamarseillaise\/news\/?p=34886"},"modified":"2026-07-06T07:59:50","modified_gmt":"2026-07-06T05:59:50","slug":"leconomie-sociale-et-solidaire-demeure-dans-lincertitude-dans-les-hautes-alpes","status":"publish","type":"post","link":"https:\/\/euapp01.newsmemory.com\/lamarseillaise\/news\/2026\/07\/02\/leconomie-sociale-et-solidaire-demeure-dans-lincertitude-dans-les-hautes-alpes\/","title":{"rendered":"L\u2019\u00e9conomie sociale et solidaire demeure dans l\u2019incertitude dans les Hautes-Alpes"},"content":{"rendered":"<div class=\"paragraph\">\n<p>Ce mercredi 1<sup>er<\/sup>\u00a0juillet, la loi de 1901 sur la libert\u00e9 d\u2019association f\u00eatait ses 125\u00a0ans. Pourtant, l\u2019heure n\u2019est pas \u00e0 la c\u00e9l\u00e9bration pour les structures de l\u2019\u00e9conomie sociale et solidaire (ESS), m\u00eame si elles peuvent \u00eatre soulag\u00e9es de garder la t\u00eate hors de l\u2019eau. Le 9\u00a0juin dernier, le ministre charg\u00e9 de l\u2019\u00c9conomie sociale et solidaire, Serge Papin, annon\u00e7ait une r\u00e9duction de 30% des cr\u00e9dits allou\u00e9s \u00e0 l\u2019ESS. Il est finalement revenu sur cette d\u00e9cision le 22\u00a0juin.<\/p>\n<p>\u00ab\u00a0<i>Une excellente nouvelle<\/i><i>\u00a0<\/i>\u00bb<i>, <\/i>pour la d\u00e9put\u00e9e des Hautes-Alpes Marie-Jos\u00e9 Allemand (PS), qui avait interpell\u00e9 le gouvernement par une question \u00e9crite. \u00ab<i>\u00a0<\/i><i>Le gel des cr\u00e9dits destin\u00e9s \u00e0 l\u2019\u00e9conomie sociale et solidaire aurait fragilis\u00e9 des milliers d\u2019associations, de coop\u00e9ratives et d\u2019entreprises qui jouent un r\u00f4le indispensable dans nos territoires, notamment en milieu rural<\/i><i>\u00a0<\/i>\u00bb<i>, <\/i>affirme-t-elle. L\u2019Association des maires de France (AMF) s\u2019\u00e9tait \u00e9galement positionn\u00e9e dans un courrier adress\u00e9 le 16\u00a0juin au Premier ministre, dans lequel elle faisait part de sa vive inqui\u00e9tude face \u00e0 ces baisses de cr\u00e9dits touchant des acteurs qui rendent des services essentiels dans de nombreuses communes et intercommunalit\u00e9s.<\/p>\n<p>\u00ab<i>\u00a0<\/i><i>Il y a eu une forte mobilisation, <\/i>explique Jean-Claude Eyraud, pr\u00e9sident de l\u2019union d\u00e9partementale de l\u2019ESS dans les Hautes-Alpes. <i>La lettre ouverte d\u2019ESS-France au premier ministre a \u00e9t\u00e9 cosign\u00e9e par 4<\/i><i>\u00a0<\/i><i>000<\/i><i>\u00a0<\/i><i>dirigeants de l\u2019\u00e9conomie sociale et solidaire. Le r\u00e9sultat, c\u2019est que le ministre Papin est revenu sur la baisse de 30% des cr\u00e9dits.<\/i><i>\u00a0<\/i>\u00bb<i> <\/i>Mais, selon lui, cette victoire n\u2019est qu\u2019un sursis. \u00ab\u00a0<i>Nos associations ont tr\u00e8s peu de fonds propres, quand on les prive de subventions, elles sont oblig\u00e9es de licencier ou de dispara\u00eetre. On est quand m\u00eame tr\u00e8s inquiets. D\u2019autant qu\u2019on fait aussi face \u00e0 un vieillissement de nos militants, qui ne sont pas remplac\u00e9s,<\/i> regrette-t-il. <i>Pour l\u2019instant, on respire un peu, mais jusqu\u2019\u00e0 quand<\/i><i>\u00a0<\/i><i>? Ce n\u2019est qu\u2019un r\u00e9pit, \u00e0 l\u2019automne, le projet de loi de finances va revenir, on va \u00eatre \u00e0 nouveau sur la sellette.<\/i><i>\u00a0<\/i>\u00bb<i><\/i><\/p>\n<\/p><\/div>\n<div class=\"intext\"> Moins d\u2019aides que le priv\u00e9\n              <\/div>\n<div class=\"paragraph\">\n<p>Ce recul ne suffit pas \u00e0 dissiper les inqui\u00e9tudes d\u2019un secteur confront\u00e9 \u00e0 une situation structurellement pr\u00e9occupante. Pour ses repr\u00e9sentants, l\u2019\u00e9conomie sociale et solidaire est engag\u00e9e dans un lent d\u00e9clin. \u00ab\u00a0<i>On nous reproche d\u2019\u00eatre trop d\u00e9pendants des subventions, pourtant, la Cour des comptes indique clairement que les associations sont moins bien subventionn\u00e9es que le secteur priv\u00e9<\/i><i>\u00a0<\/i>\u00bb, rappelle Jean-Claude Eyraud. D\u2019apr\u00e8s l\u2019Observatoire national de l\u2019\u00e9conomie sociale et solidaire (Oness), le secteur associatif a perdu 12\u00a0305\u00a0emplois en un an, entre la fin 2024 et la fin 2025. Un recul aux cons\u00e9quences importantes dans un d\u00e9partement comme les Hautes-Alpes, o\u00f9 l\u2019ESS repr\u00e9sente pr\u00e8s de 20% des emplois priv\u00e9s.<\/p>\n<p>Ange Fabre<\/p>\n<\/p><\/div>\n","protected":false},"excerpt":{"rendered":"Ce mercredi 1er&nbsp;juillet, la loi de 1901 sur la libert&eacute; d&rsquo;association f&ecirc;tait ses 125&nbsp;ans. Pourtant, l&rsquo;heure n&rsquo;est pas &agrave; la c&eacute;l&eacute;bration pour les structures de l&rsquo;&eacute;conomie &#8230;","protected":false},"author":1,"featured_media":34887,"comment_status":"open","ping_status":"open","sticky":false,"template":"","format":"standard","meta":{"footnotes":""},"categories":[3926,3925,338],"tags":[4768,143,168,874,427,4487,196,260],"news-destination":[3944],"news-source":[475],"is_homepage":[],"ta_other":[],"class_list":["post-34886","post","type-post","status-publish","format-standard","has-post-thumbnail","hentry","category-accueil-merge","category-accueil-third","category-economie","tag-alpes","tag-associatif","tag-association","tag-austerite","tag-economie-sociale-et-solidaire","tag-ess","tag-medico-social","tag-solidarite","news-destination-homepage","news-source-website"],"_links":{"self":[{"href":"https:\/\/euapp01.newsmemory.com\/lamarseillaise\/news\/wp-json\/wp\/v2\/posts\/34886","targetHints":{"allow":["GET"]}}],"collection":[{"href":"https:\/\/euapp01.newsmemory.com\/lamarseillaise\/news\/wp-json\/wp\/v2\/posts"}],"about":[{"href":"https:\/\/euapp01.newsmemory.com\/lamarseillaise\/news\/wp-json\/wp\/v2\/types\/post"}],"author":[{"embeddable":true,"href":"https:\/\/euapp01.newsmemory.com\/lamarseillaise\/news\/wp-json\/wp\/v2\/users\/1"}],"replies":[{"embeddable":true,"href":"https:\/\/euapp01.newsmemory.com\/lamarseillaise\/news\/wp-json\/wp\/v2\/comments?post=34886"}],"version-history":[{"count":1,"href":"https:\/\/euapp01.newsmemory.com\/lamarseillaise\/news\/wp-json\/wp\/v2\/posts\/34886\/revisions"}],"predecessor-version":[{"id":34888,"href":"https:\/\/euapp01.newsmemory.com\/lamarseillaise\/news\/wp-json\/wp\/v2\/posts\/34886\/revisions\/34888"}],"wp:featuredmedia":[{"embeddable":true,"href":"https:\/\/euapp01.newsmemory.com\/lamarseillaise\/news\/wp-json\/wp\/v2\/media\/34887"}],"wp:attachment":[{"href":"https:\/\/euapp01.newsmemory.com\/lamarseillaise\/news\/wp-json\/wp\/v2\/media?parent=34886"}],"wp:term":[{"taxonomy":"category","embeddable":true,"href":"https:\/\/euapp01.newsmemory.com\/lamarseillaise\/news\/wp-json\/wp\/v2\/categories?post=34886"},{"taxonomy":"post_tag","embeddable":true,"href":"https:\/\/euapp01.newsmemory.com\/lamarseillaise\/news\/wp-json\/wp\/v2\/tags?post=34886"},{"taxonomy":"news-destination","embeddable":true,"href":"https:\/\/euapp01.newsmemory.com\/lamarseillaise\/news\/wp-json\/wp\/v2\/news-destination?post=34886"},{"taxonomy":"news-source","embeddable":true,"href":"https:\/\/euapp01.newsmemory.com\/lamarseillaise\/news\/wp-json\/wp\/v2\/news-source?post=34886"},{"taxonomy":"is_homepage","embeddable":true,"href":"https:\/\/euapp01.newsmemory.com\/lamarseillaise\/news\/wp-json\/wp\/v2\/is_homepage?post=34886"},{"taxonomy":"ta_other","embeddable":true,"href":"https:\/\/euapp01.newsmemory.com\/lamarseillaise\/news\/wp-json\/wp\/v2\/ta_other?post=34886"}],"curies":[{"name":"wp","href":"https:\/\/api.w.org\/{rel}","templated":true}]}}