{"id":34883,"date":"2026-07-02T07:37:00","date_gmt":"2026-07-02T05:37:00","guid":{"rendered":"https:\/\/euapp01.newsmemory.com\/lamarseillaise\/news\/?p=34883"},"modified":"2026-07-06T08:11:55","modified_gmt":"2026-07-06T06:11:55","slug":"julien-clerc-et-blandine-lancent-lete-marseillais","status":"publish","type":"post","link":"https:\/\/euapp01.newsmemory.com\/lamarseillaise\/news\/2026\/07\/02\/julien-clerc-et-blandine-lancent-lete-marseillais\/","title":{"rendered":"Julien Clerc et Blandine lancent l\u2019\u00c9t\u00e9 marseillais"},"content":{"rendered":"<div class=\"paragraph\">\n<p>Rendez-vous incontournables de l\u2019\u00c9t\u00e9 marseillais, les concerts de la sc\u00e8ne sur l\u2019eau rythmeront \u00e0 nouveau cette \u00e9dition 2026 \u00e0 partir de ce vendredi soir. C\u2019est un artiste qui a la pr\u00e9f\u00e9rence de toutes les g\u00e9n\u00e9rations depuis 50\u00a0ans qui ouvre le bal, Julien Clerc. L\u2019ic\u00f4ne de la chanson fran\u00e7aise a repris les routes de France, et a choisi la sc\u00e8ne sur l\u2019eau de l\u2019\u00c9t\u00e9 marseillais pour aller \u00e0 la rencontre de son public. Les Marseillaises et Marseillais de tout \u00e2ge pourront ainsi venir partager un moment d\u2019\u00e9motion et de musique entre amis ou en famille, chanter \u00e0 tue-t\u00eate des musiques qui sonnent comme les bandes originales de la vie de tant de Fran\u00e7aises et Fran\u00e7ais. Il se produira sur la sc\u00e8ne sur l\u2019eau \u00e0 partir de 21h30.<\/p>\n<\/p><\/div>\n<div class=\"intext\"> Une kyrielle d\u2019invit\u00e9s\n              <\/div>\n<div class=\"paragraph\">\n<p>Julien Clerc sera accompagn\u00e9 d\u2019un jeune talent proven\u00e7al, Blandine, qui a compos\u00e9 ses premi\u00e8res m\u00e9lodies sur les touches du piano du conservatoire d\u2019Aix-en-Provence, et qui propose des musiques envo\u00fbtantes. Blandine partage sa magie et son magn\u00e9tisme avec des arrangements d\u00e9licats et des m\u00e9lodies envo\u00fbtantes. Habitants et touristes sont invit\u00e9s \u00e0 d\u00e9couvrir ce jeune talent d\u00e8s 20h30.<\/p>\n<p>Et la Ville promet un \u00e9t\u00e9 haut en couleur avec une kyrielle d\u2019artistes invit\u00e9s sur cette m\u00eame sc\u00e8ne sur l\u2019eau, avec notamment Yelle et le Show de la Pride d\u00e8s ce samedi 4\u00a0juillet, puis l\u2019iconoclaste S\u00e9bastien Tellier, le 10\u00a0juillet, les dignes repr\u00e9sentants de la French Touch Cassius seront sur sc\u00e8ne le lendemain, le 11\u00a0juillet, Folamour le 17\u00a0juillet ou encore DJ Kore le 18 de ce mois.<\/p>\n<\/p><\/div>\n<div class=\"paragraph\">\n<p><i><\/i><\/p>\n<p><i>Concert d\u2019ouverture de l\u2019\u00c9t\u00e9 marseillais de Julien Clerc et Blandine, \u00e0 la sc\u00e8ne sur l\u2019eau, sur le Vieux-Port \u00e0 partir de 20h30<\/i><\/p>\n<\/p><\/div>\n","protected":false},"excerpt":{"rendered":"Rendez-vous incontournables de l&rsquo;&Eacute;t&eacute; marseillais, les concerts de la sc&egrave;ne sur l&rsquo;eau rythmeront &agrave; nouveau cette &eacute;dition 2026 &agrave; partir de ce vendredi soir. C&rsquo;est un artiste qui a la &#8230;","protected":false},"author":1,"featured_media":34884,"comment_status":"open","ping_status":"open","sticky":false,"template":"","format":"standard","meta":{"footnotes":""},"categories":[3926,3925,32],"tags":[10,326,327,400,336,1083,5557,1308,16,325,935],"news-destination":[3944],"news-source":[475],"is_homepage":[],"ta_other":[],"class_list":["post-34883","post","type-post","status-publish","format-standard","has-post-thumbnail","hentry","category-accueil-merge","category-accueil-third","category-culture","tag-bouches-du-rhone","tag-chanson","tag-chanson-francaise","tag-concerts","tag-ete","tag-gratuit","tag-julien-clerc","tag-lete-marseillais","tag-marseille","tag-musique","tag-vieux-port","news-destination-homepage","news-source-website"],"_links":{"self":[{"href":"https:\/\/euapp01.newsmemory.com\/lamarseillaise\/news\/wp-json\/wp\/v2\/posts\/34883","targetHints":{"allow":["GET"]}}],"collection":[{"href":"https:\/\/euapp01.newsmemory.com\/lamarseillaise\/news\/wp-json\/wp\/v2\/posts"}],"about":[{"href":"https:\/\/euapp01.newsmemory.com\/lamarseillaise\/news\/wp-json\/wp\/v2\/types\/post"}],"author":[{"embeddable":true,"href":"https:\/\/euapp01.newsmemory.com\/lamarseillaise\/news\/wp-json\/wp\/v2\/users\/1"}],"replies":[{"embeddable":true,"href":"https:\/\/euapp01.newsmemory.com\/lamarseillaise\/news\/wp-json\/wp\/v2\/comments?post=34883"}],"version-history":[{"count":1,"href":"https:\/\/euapp01.newsmemory.com\/lamarseillaise\/news\/wp-json\/wp\/v2\/posts\/34883\/revisions"}],"predecessor-version":[{"id":34885,"href":"https:\/\/euapp01.newsmemory.com\/lamarseillaise\/news\/wp-json\/wp\/v2\/posts\/34883\/revisions\/34885"}],"wp:featuredmedia":[{"embeddable":true,"href":"https:\/\/euapp01.newsmemory.com\/lamarseillaise\/news\/wp-json\/wp\/v2\/media\/34884"}],"wp:attachment":[{"href":"https:\/\/euapp01.newsmemory.com\/lamarseillaise\/news\/wp-json\/wp\/v2\/media?parent=34883"}],"wp:term":[{"taxonomy":"category","embeddable":true,"href":"https:\/\/euapp01.newsmemory.com\/lamarseillaise\/news\/wp-json\/wp\/v2\/categories?post=34883"},{"taxonomy":"post_tag","embeddable":true,"href":"https:\/\/euapp01.newsmemory.com\/lamarseillaise\/news\/wp-json\/wp\/v2\/tags?post=34883"},{"taxonomy":"news-destination","embeddable":true,"href":"https:\/\/euapp01.newsmemory.com\/lamarseillaise\/news\/wp-json\/wp\/v2\/news-destination?post=34883"},{"taxonomy":"news-source","embeddable":true,"href":"https:\/\/euapp01.newsmemory.com\/lamarseillaise\/news\/wp-json\/wp\/v2\/news-source?post=34883"},{"taxonomy":"is_homepage","embeddable":true,"href":"https:\/\/euapp01.newsmemory.com\/lamarseillaise\/news\/wp-json\/wp\/v2\/is_homepage?post=34883"},{"taxonomy":"ta_other","embeddable":true,"href":"https:\/\/euapp01.newsmemory.com\/lamarseillaise\/news\/wp-json\/wp\/v2\/ta_other?post=34883"}],"curies":[{"name":"wp","href":"https:\/\/api.w.org\/{rel}","templated":true}]}}