{"id":34876,"date":"2026-07-02T07:17:00","date_gmt":"2026-07-02T05:17:00","guid":{"rendered":"https:\/\/euapp01.newsmemory.com\/lamarseillaise\/news\/?p=34876"},"modified":"2026-07-06T07:31:42","modified_gmt":"2026-07-06T05:31:42","slug":"un-guide-pour-accompagner-les-projets-agritouristiques-dans-le-var","status":"publish","type":"post","link":"https:\/\/euapp01.newsmemory.com\/lamarseillaise\/news\/2026\/07\/02\/un-guide-pour-accompagner-les-projets-agritouristiques-dans-le-var\/","title":{"rendered":"Un guide pour accompagner les projets agritouristiques dans le Var"},"content":{"rendered":"<div class=\"paragraph\">\n<p>Dans un territoire marqu\u00e9 par l\u2019agriculture, sur le littoral comme dans l\u2019arri\u00e8re-pays, l\u2019agritourisme repr\u00e9sente un levier de diversification essentiel pour les exploitations agricoles confront\u00e9es \u00e0 des d\u00e9fis \u00e9conomiques et climatiques croissants. Un enjeu d\u2019autant plus important dans le premier d\u00e9partement touristique de France. D\u00e9j\u00e0 dot\u00e9 d\u2019une proportion d\u2019exploitations engag\u00e9es dans cette activit\u00e9 deux fois sup\u00e9rieure \u00e0 la moyenne nationale, le Var entend structurer et renforcer cette dynamique.<\/p>\n<p>Une fili\u00e8re qui incarne \u00ab\u00a0<i>une alternative au tout plage et tout soleil<\/i>\u00a0\u00bb, appuie le pr\u00e9sident (LR) du D\u00e9partement, Jean-Louis Masson, et qui permet de \u00ab\u00a0<i>faire d\u00e9couvrir le d\u00e9partement dans son authenticit\u00e9 et ses sp\u00e9cificit\u00e9s, et repr\u00e9sente un compl\u00e9ment de revenu int\u00e9ressant pour les agriculteurs<\/i><i>\u00a0<\/i>\u00bb.<\/p>\n<p>C\u2019est \u00e0 cet \u00e9gard que le Comit\u00e9 de pilotage \u00ab\u00a0Agritourisme dans le Var\u00a0\u00bb, cr\u00e9\u00e9 en 2025 et r\u00e9unissant l\u2019\u00c9tat, le conseil d\u00e9partemental du Var, la chambre d\u2019agriculture du Var, l\u2019Agence de d\u00e9veloppement Touristique (ADT) Var tourisme et les repr\u00e9sentants des fili\u00e8res, lance un guide d\u2019accompagnement des projets agritouristiques. \u00ab\u00a0<i>Le diagnostic de la chambre d\u2019agriculture montre une volont\u00e9 de d\u00e9velopper l\u2019activit\u00e9 agritouristique. 180<\/i><i>\u00a0<\/i><i>agriculteurs ont \u00e9mis ce d\u00e9sir<\/i>\u00a0\u00bb, affirme Guillaume D\u00e9card, pr\u00e9sident de Var Tourisme.<\/p>\n<\/p><\/div>\n<div class=\"intext\"> Une simplification des lois attendue\n              <\/div>\n<div class=\"paragraph\">\n<p>Ce guide, vou\u00e9 \u00e0 \u00eatre r\u00e9actualis\u00e9 avec les retours d\u2019exp\u00e9rience, affiche une triple vocation\u00a0: faciliter l\u2019acc\u00e8s aux r\u00e8gles d\u2019urbanisme pour les exploitants, qui ne sont pas forc\u00e9ment sp\u00e9cialistes en la mati\u00e8re ; \u00e9riger des r\u00e8gles communes entre \u00e9lus, chambre d\u2019agriculture et services de l\u2019\u00c9tat pour que les projets soient lus avec les m\u00eames crit\u00e8res, et enfin, permettre aux exploitants d\u2019identifier l\u2019ensemble des volets \u00e0 prendre en compte, sur le plan pratique (risques naturels&#8230;) comme l\u00e9gal.<\/p>\n<p>Sur ce dernier aspect, \u00ab\u00a0<i>nous attendons une loi de simplification<\/i>\u00a0\u00bb, milite Sylvain Audemard, pr\u00e9sident de la chambre d\u2019agriculture du Var, qui joue un r\u00f4le de \u00ab\u00a0<i>guichet unique<\/i>\u00a0\u00bb pour \u00ab<i>\u00a0<\/i><i>orienter les exploitants dans leur projet<\/i>\u00a0\u00bb. Un texte vou\u00e9 \u00e0 apporter <a rel=\"noopener noreferrer\" href=\"https:\/\/www.lamarseillaise.fr\/economie\/l-notourisme-une-priorite-pour-les-vignerons-independants-DD20015431\" target=\"_blank\">plus de souplesse en mati\u00e8re d\u2019urbanisme et de fiscalit\u00e9, deux freins \u00e0 l\u2019expansion de l\u2019activit\u00e9 agritouristique<\/a>. \u00ab\u00a0<i>D\u00e8s lors qu\u2019on est raisonnable sur les objectifs et qu\u2019on ne transforme pas les exploitations agricoles en lieux touristiques, tout est conciliable \u00e0 travers l\u2019adaptation des textes nationaux<\/i>\u00a0\u00bb, a r\u00e9pondu le pr\u00e9fet Simon Babre, laissant entendre que les services de l\u2019\u00c9tat \u00e9taient ouverts \u00e0 l\u2019id\u00e9e, mais pas \u00e0 n\u2019importe quel prix.<\/p>\n<\/p><\/div>\n","protected":false},"excerpt":{"rendered":"Dans un territoire marqu&eacute; par l&rsquo;agriculture, sur le littoral comme dans l&rsquo;arri&egrave;re-pays, l&rsquo;agritourisme repr&eacute;sente un levier de diversification essentiel pour les exploitations agricoles confront&eacute;es &#8230;","protected":false},"author":1,"featured_media":34877,"comment_status":"open","ping_status":"open","sticky":false,"template":"","format":"standard","meta":{"footnotes":""},"categories":[3926,3925,338],"tags":[450,193,133,697,1366,1318,3288,483,1954,5999,137,347,31],"news-destination":[3944],"news-source":[475],"is_homepage":[],"ta_other":[],"class_list":["post-34876","post","type-post","status-publish","format-standard","has-post-thumbnail","hentry","category-accueil-merge","category-accueil-third","category-economie","tag-agriculteurs","tag-conseil-departemental","tag-departement","tag-elus","tag-filiere","tag-guide","tag-jean-louis-masson","tag-projets","tag-sollies-pont","tag-terres","tag-territoire","tag-tourisme","tag-var","news-destination-homepage","news-source-website"],"_links":{"self":[{"href":"https:\/\/euapp01.newsmemory.com\/lamarseillaise\/news\/wp-json\/wp\/v2\/posts\/34876","targetHints":{"allow":["GET"]}}],"collection":[{"href":"https:\/\/euapp01.newsmemory.com\/lamarseillaise\/news\/wp-json\/wp\/v2\/posts"}],"about":[{"href":"https:\/\/euapp01.newsmemory.com\/lamarseillaise\/news\/wp-json\/wp\/v2\/types\/post"}],"author":[{"embeddable":true,"href":"https:\/\/euapp01.newsmemory.com\/lamarseillaise\/news\/wp-json\/wp\/v2\/users\/1"}],"replies":[{"embeddable":true,"href":"https:\/\/euapp01.newsmemory.com\/lamarseillaise\/news\/wp-json\/wp\/v2\/comments?post=34876"}],"version-history":[{"count":1,"href":"https:\/\/euapp01.newsmemory.com\/lamarseillaise\/news\/wp-json\/wp\/v2\/posts\/34876\/revisions"}],"predecessor-version":[{"id":34878,"href":"https:\/\/euapp01.newsmemory.com\/lamarseillaise\/news\/wp-json\/wp\/v2\/posts\/34876\/revisions\/34878"}],"wp:featuredmedia":[{"embeddable":true,"href":"https:\/\/euapp01.newsmemory.com\/lamarseillaise\/news\/wp-json\/wp\/v2\/media\/34877"}],"wp:attachment":[{"href":"https:\/\/euapp01.newsmemory.com\/lamarseillaise\/news\/wp-json\/wp\/v2\/media?parent=34876"}],"wp:term":[{"taxonomy":"category","embeddable":true,"href":"https:\/\/euapp01.newsmemory.com\/lamarseillaise\/news\/wp-json\/wp\/v2\/categories?post=34876"},{"taxonomy":"post_tag","embeddable":true,"href":"https:\/\/euapp01.newsmemory.com\/lamarseillaise\/news\/wp-json\/wp\/v2\/tags?post=34876"},{"taxonomy":"news-destination","embeddable":true,"href":"https:\/\/euapp01.newsmemory.com\/lamarseillaise\/news\/wp-json\/wp\/v2\/news-destination?post=34876"},{"taxonomy":"news-source","embeddable":true,"href":"https:\/\/euapp01.newsmemory.com\/lamarseillaise\/news\/wp-json\/wp\/v2\/news-source?post=34876"},{"taxonomy":"is_homepage","embeddable":true,"href":"https:\/\/euapp01.newsmemory.com\/lamarseillaise\/news\/wp-json\/wp\/v2\/is_homepage?post=34876"},{"taxonomy":"ta_other","embeddable":true,"href":"https:\/\/euapp01.newsmemory.com\/lamarseillaise\/news\/wp-json\/wp\/v2\/ta_other?post=34876"}],"curies":[{"name":"wp","href":"https:\/\/api.w.org\/{rel}","templated":true}]}}