{"id":34873,"date":"2026-07-02T07:20:00","date_gmt":"2026-07-02T05:20:00","guid":{"rendered":"https:\/\/euapp01.newsmemory.com\/lamarseillaise\/news\/?p=34873"},"modified":"2026-07-06T07:45:43","modified_gmt":"2026-07-06T05:45:43","slug":"enogia-le-visage-phoceen-de-la-transition-energetique","status":"publish","type":"post","link":"https:\/\/euapp01.newsmemory.com\/lamarseillaise\/news\/2026\/07\/02\/enogia-le-visage-phoceen-de-la-transition-energetique\/","title":{"rendered":"Enogia, le visage phoc\u00e9en de la transition \u00e9nerg\u00e9tique"},"content":{"rendered":"<div class=\"paragraph\">\n<p>C\u2019est le petit nouveau de la zone industrielle des Aygalades. L\u2019entreprise marseillaise Enogia, producteur de micro-turbomachines, a d\u00e9plac\u00e9 son site de production dans les quartiers nord. En pleine croissance, elle doit son succ\u00e8s \u00e0 une technologie qui transforme la chaleur perdue en \u00e9lectricit\u00e9 verte.<\/p>\n<p>Mercredi, sous un soleil de plomb, Arthur Leroux, PDG de la soci\u00e9t\u00e9, monte sur sc\u00e8ne pour l\u2019inauguration du site. Il invite Claude Imoven, pr\u00e9sident du conseil d\u2019administration de la soci\u00e9t\u00e9 fran\u00e7aise Orano, \u00e0 le rejoindre, sous les yeux de dizaines d\u2019invit\u00e9s et de salari\u00e9s. <i>\u00ab<\/i><i>\u00a0<\/i><i>Enogia s\u2019inscrit dans la continuit\u00e9 de cette histoire marseillaise, celle d\u2019un territoire qui a toujours su transformer ses ressources, son savoir-faire et son \u00e9nergie pour cr\u00e9er de la valeur. Ce qui est imagin\u00e9 ici, aux Aygalades, contribue aujourd\u2019hui \u00e0 la transition \u00e9nerg\u00e9tique \u00e0 l\u2019\u00e9chelle mondiale<\/i><i>\u00a0<\/i><i>\u00bb<\/i>, soutient le chef d\u2019entreprise.<\/p>\n<p><i>\u00ab<\/i><i>\u00a0<\/i><i>C\u2019est la d\u00e9monstration que de nouveaux modes de production sont indispensables face aux enjeux climatiques. Et c\u2019est ainsi que seront r\u00e9concili\u00e9s la performance \u00e9conomique, le progr\u00e8s social et la protection de l\u2019environnement. Une grande partie de notre avenir productif viendra de la rencontre entre une vision port\u00e9e par des entrepreneurs qui voient dans l\u2019\u00e9cologie, non pas qu\u2019une contrainte, mais une formidable opportunit\u00e9 \u00e0 saisir pour fabriquer le monde de demain<\/i><i>\u00a0<\/i><i>\u00bb<\/i>, poursuit C\u00e9cile Vignes, d\u00e9l\u00e9gu\u00e9e \u00e0 l\u2019\u00e9conomie verte et circulaire \u00e0 la mairie de Marseille.<\/p>\n<\/p><\/div>\n<div class=\"intext\"> 12,6\u00a0millions de chiffre d\u2019affaires\n              <\/div>\n<div class=\"paragraph\">\n<p>En 2025, le chiffre d\u2019affaires de la soci\u00e9t\u00e9 marseillaise s\u2019\u00e9l\u00e8ve \u00e0 12,6\u00a0millions d\u2019euros, en progression de pr\u00e8s de 57%. De quoi satisfaire l\u2019ancien ministre de l\u2019<span class=\"mln_uppercase_mln\">\u00e9<\/span>conomie, Arnaud Montebourg, pr\u00e9sent ce mercredi. <i>\u00ab<\/i><i>\u00a0<\/i><i>La France a perdu beaucoup de sa substance industrielle. On cherche \u00e0 revenir avec des retards consid\u00e9rables, mais aussi des ressources exceptionnelles. Je voudrais remercier Arthur Leroux et tous ceux qui ont constitu\u00e9 cette r\u00e9ussite car l\u00e0, il y a une nouvelle future ETI marseillaise, enracin\u00e9e, qui va continuer \u00e0 se d\u00e9velopper sur une technologie disruptive, innovante, qui fait la fiert\u00e9 des Marseillais et des Fran\u00e7ais.<\/i><i>\u00a0<\/i><i>\u00bb<\/i><\/p>\n<p>Les discours inauguraux se sont conclus par celui du pr\u00e9sident (Ren.) de la r\u00e9gion Sud, Renaud Muselier\u00a0: <i>\u00ab<\/i><i>\u00a0<\/i><i>Vous faites rayonner le savoir-faire marseillais, r\u00e9gional et national.<\/i><i>\u00a0<\/i><i>\u00bb<\/i><\/p>\n<p>Fanny Velay<\/p>\n<\/p><\/div>\n","protected":false},"excerpt":{"rendered":"C&rsquo;est le petit nouveau de la zone industrielle des Aygalades. L&rsquo;entreprise marseillaise Enogia, producteur de micro-turbomachines, a d&eacute;plac&eacute; son site de production dans les quartiers nord. En pleine croissance, elle doit &#8230;","protected":false},"author":1,"featured_media":34874,"comment_status":"open","ping_status":"open","sticky":false,"template":"","format":"standard","meta":{"footnotes":""},"categories":[3926,3925,333,330],"tags":[5289,10,4546,1026,697,402,16,708,2210],"news-destination":[3944],"news-source":[475],"is_homepage":[],"ta_other":[],"class_list":["post-34873","post","type-post","status-publish","format-standard","has-post-thumbnail","hentry","category-accueil-merge","category-accueil-third","category-environnement","category-politique","tag-arnaud-montebourg","tag-bouches-du-rhone","tag-cecile-vignes","tag-electricite","tag-elus","tag-inauguration","tag-marseille","tag-renaud-muselier","tag-transition-energetique","news-destination-homepage","news-source-website"],"_links":{"self":[{"href":"https:\/\/euapp01.newsmemory.com\/lamarseillaise\/news\/wp-json\/wp\/v2\/posts\/34873","targetHints":{"allow":["GET"]}}],"collection":[{"href":"https:\/\/euapp01.newsmemory.com\/lamarseillaise\/news\/wp-json\/wp\/v2\/posts"}],"about":[{"href":"https:\/\/euapp01.newsmemory.com\/lamarseillaise\/news\/wp-json\/wp\/v2\/types\/post"}],"author":[{"embeddable":true,"href":"https:\/\/euapp01.newsmemory.com\/lamarseillaise\/news\/wp-json\/wp\/v2\/users\/1"}],"replies":[{"embeddable":true,"href":"https:\/\/euapp01.newsmemory.com\/lamarseillaise\/news\/wp-json\/wp\/v2\/comments?post=34873"}],"version-history":[{"count":1,"href":"https:\/\/euapp01.newsmemory.com\/lamarseillaise\/news\/wp-json\/wp\/v2\/posts\/34873\/revisions"}],"predecessor-version":[{"id":34875,"href":"https:\/\/euapp01.newsmemory.com\/lamarseillaise\/news\/wp-json\/wp\/v2\/posts\/34873\/revisions\/34875"}],"wp:featuredmedia":[{"embeddable":true,"href":"https:\/\/euapp01.newsmemory.com\/lamarseillaise\/news\/wp-json\/wp\/v2\/media\/34874"}],"wp:attachment":[{"href":"https:\/\/euapp01.newsmemory.com\/lamarseillaise\/news\/wp-json\/wp\/v2\/media?parent=34873"}],"wp:term":[{"taxonomy":"category","embeddable":true,"href":"https:\/\/euapp01.newsmemory.com\/lamarseillaise\/news\/wp-json\/wp\/v2\/categories?post=34873"},{"taxonomy":"post_tag","embeddable":true,"href":"https:\/\/euapp01.newsmemory.com\/lamarseillaise\/news\/wp-json\/wp\/v2\/tags?post=34873"},{"taxonomy":"news-destination","embeddable":true,"href":"https:\/\/euapp01.newsmemory.com\/lamarseillaise\/news\/wp-json\/wp\/v2\/news-destination?post=34873"},{"taxonomy":"news-source","embeddable":true,"href":"https:\/\/euapp01.newsmemory.com\/lamarseillaise\/news\/wp-json\/wp\/v2\/news-source?post=34873"},{"taxonomy":"is_homepage","embeddable":true,"href":"https:\/\/euapp01.newsmemory.com\/lamarseillaise\/news\/wp-json\/wp\/v2\/is_homepage?post=34873"},{"taxonomy":"ta_other","embeddable":true,"href":"https:\/\/euapp01.newsmemory.com\/lamarseillaise\/news\/wp-json\/wp\/v2\/ta_other?post=34873"}],"curies":[{"name":"wp","href":"https:\/\/api.w.org\/{rel}","templated":true}]}}