{"id":34870,"date":"2026-07-02T07:23:00","date_gmt":"2026-07-02T05:23:00","guid":{"rendered":"https:\/\/euapp01.newsmemory.com\/lamarseillaise\/news\/?p=34870"},"modified":"2026-07-06T07:45:43","modified_gmt":"2026-07-06T05:45:43","slug":"un-frigo-partage-pour-nourrir-la-solidarite-a-aix-en-provence","status":"publish","type":"post","link":"https:\/\/euapp01.newsmemory.com\/lamarseillaise\/news\/2026\/07\/02\/un-frigo-partage-pour-nourrir-la-solidarite-a-aix-en-provence\/","title":{"rendered":"Un frigo partag\u00e9 pour nourrir la solidarit\u00e9 \u00e0 Aix-en-Provence"},"content":{"rendered":"<div class=\"paragraph\">\n<p>Rue Jules-Verne, juste en face de l\u2019\u00e9cole Giono-Schweitzer, le 20 000 Lieux a ouvert ses portes en cette fin d\u2019apr\u00e8s-midi, mercredi. Comme \u00e0 son habitude, le tiers-lieu se remplit d\u2019\u00e9l\u00e8ves tout juste sortis des cours, de seniors et d\u2019habitants du quartier. Tiers lieu bouillonnant du quartier d\u2019Encagnane, , c\u2019est ici qu\u2019a \u00e9t\u00e9 install\u00e9 le deuxi\u00e8me \u00ab\u00a0<i>Frigo partag\u00e9<\/i>\u00a0\u00bb du territoire. Un premier existe d\u00e9j\u00e0 au Jas-de-Bouffan, au sein de la Maison du Droit et de la Justice, g\u00e9r\u00e9 par la Ville.<\/p>\n<p>Le projet est port\u00e9 par trois acteurs : le CCAS, qui a r\u00e9pondu \u00e0 un appel \u00e0 projets du D\u00e9partement, principal financeur de l\u2019op\u00e9ration\u00a0; l\u2019association La Cabane des voisins, charg\u00e9e de la gestion du frigo solidaire ; et le 20 000 Lieux, qui accueille le dispositif, mais ne constitue pas une entit\u00e9 juridique. L\u2019initiative est d\u00e9velopp\u00e9e en lien avec l\u2019association Les Frigos Solidaires.<\/p>\n<p>\u00ab\u00a0<i>L\u2019id\u00e9e \u00e9tait de pouvoir offrir une r\u00e9ponse alimentaire diversifi\u00e9e et novatrice pour le territoire, tout en rep\u00e9rant les personnes qui pourraient avoir besoin d\u2019un accompagnement<\/i><i>\u00a0<\/i>\u00bb<i>,<\/i> explique Jessica Nouri, directrice du p\u00f4le op\u00e9rationnel de l\u2019action sociale du CCAS.<\/p>\n<p>Elle pr\u00e9cise\u00a0: \u00ab\u00a0<i>On choisit tout de m\u00eame de l\u2019appeler \u201cFrigo partag\u00e9\u201d, plut\u00f4t que solidaire. C\u2019est pour tout le monde. On n\u2019y vient pas parce qu\u2019on a besoin d\u2019argent, mais parce qu\u2019on vient aider la soci\u00e9t\u00e9, faire du bon plan et de l\u2019antigaspi. L\u2019id\u00e9e est d\u2019avoir des produits frais \u00e0 disposition, des produits laitiers, fruits et l\u00e9gumes. On fait aussi des actions collectives pour sensibiliser \u00e0 ces questions-l\u00e0 et travailler \u00e0 la sant\u00e9 nutritionnelle.<\/i><i>\u00a0<\/i>\u00bb<i> <\/i>Si le frigo est d\u00e9j\u00e0 install\u00e9 depuis six mois, son inauguration vient seulement d\u2019avoir lieu, ce mercredi, le temps de tester le dispositif. \u00ab\u00a0<i>Il y a plusieurs r\u00e8gles \u00e0 respecter, <\/i>explique Thomas Roger, pour l\u2019association La Cabane des voisins. <i>Il faut laisser des produits frais. Mais on n\u2019est pas l\u00e0 pour faire la police, l\u2019id\u00e9e est de responsabiliser les gens. Cela reste un don.<\/i><i>\u00a0<\/i>\u00bb<i> <\/i>Pendant plusieurs mois, les b\u00e9n\u00e9voles de l\u2019association ont \u00e9galement d\u00e9march\u00e9 les commer\u00e7ants et mara\u00eechers du quartier. Plusieurs d\u2019entre eux contribuent d\u00e9sormais r\u00e9guli\u00e8rement \u00e0 alimenter le frigo partag\u00e9.<\/p>\n<\/p><\/div>\n<div class=\"intext\"> Un projet d\u00e9j\u00e0 int\u00e9gr\u00e9\n              <\/div>\n<div class=\"paragraph\">\n<p>\u00ab<i>\u00a0<\/i><i>Depuis, on remarque que les produits frais ne restent pas longtemps<\/i><i>\u00a0<\/i><i>! Les habitants se sont d\u00e9j\u00e0 appropri\u00e9 le concept<\/i><i>\u00a0<\/i>\u00bb<i>,<\/i> remarque Laila, pour La Cabane des voisins. Somaya Bouhalli, pr\u00e9sidente, veut voir plus loin\u00a0: \u00ab\u00a0<i>On est ici dans un quartier prioritaire de la Ville, la solidarit\u00e9 y a toute sa place<\/i>. <i>On a deux \u00e9coles, on est un quartier o\u00f9 il y a des personnes \u00e2g\u00e9es et, juste \u00e0 c\u00f4t\u00e9, l\u2019atelier Jasmin qui est un lieu d\u2019insertion au travail. On est dans un lieu strat\u00e9gique<\/i><i>\u00a0<\/i><i>! Les enfants qui sortent de l\u2019\u00e9cole ont aussi pris leurs rep\u00e8res ici, viennent partager un go\u00fbter, on re\u00e7oit aussi les ateliers couture avec les s\u00e9niors&#8230; Le projet prend tout son sens, il permet aussi de rompre l\u2019isolement.<\/i><i>\u00a0<\/i>\u00bb<i><\/i><\/p>\n<p>Selon Brigitte Billot, adjointe \u00e0 la solidarit\u00e9 pr\u00e9sente ce jour, d\u2019autres frigos partag\u00e9s pourraient voir le jour.<\/p>\n<\/p><\/div>\n","protected":false},"excerpt":{"rendered":"Rue Jules-Verne, juste en face de l&rsquo;&eacute;cole Giono-Schweitzer, le 20 000 Lieux a ouvert ses portes en cette fin d&rsquo;apr&egrave;s-midi, mercredi. Comme &agrave; son habitude, le tiers-lieu se remplit d&rsquo;&eacute;l&egrave;ves tout &#8230;","protected":false},"author":1,"featured_media":34871,"comment_status":"open","ping_status":"open","sticky":false,"template":"","format":"standard","meta":{"footnotes":""},"categories":[3926,3925,20],"tags":[556,1414,5103,168,2609,1767,51,260],"news-destination":[3944],"news-source":[475],"is_homepage":[],"ta_other":[],"class_list":["post-34870","post","type-post","status-publish","format-standard","has-post-thumbnail","hentry","category-accueil-merge","category-accueil-third","category-societe","tag-aix-en-provence","tag-alimentation","tag-anti-gaspillage","tag-association","tag-ccas","tag-isolement","tag-societe","tag-solidarite","news-destination-homepage","news-source-website"],"_links":{"self":[{"href":"https:\/\/euapp01.newsmemory.com\/lamarseillaise\/news\/wp-json\/wp\/v2\/posts\/34870","targetHints":{"allow":["GET"]}}],"collection":[{"href":"https:\/\/euapp01.newsmemory.com\/lamarseillaise\/news\/wp-json\/wp\/v2\/posts"}],"about":[{"href":"https:\/\/euapp01.newsmemory.com\/lamarseillaise\/news\/wp-json\/wp\/v2\/types\/post"}],"author":[{"embeddable":true,"href":"https:\/\/euapp01.newsmemory.com\/lamarseillaise\/news\/wp-json\/wp\/v2\/users\/1"}],"replies":[{"embeddable":true,"href":"https:\/\/euapp01.newsmemory.com\/lamarseillaise\/news\/wp-json\/wp\/v2\/comments?post=34870"}],"version-history":[{"count":1,"href":"https:\/\/euapp01.newsmemory.com\/lamarseillaise\/news\/wp-json\/wp\/v2\/posts\/34870\/revisions"}],"predecessor-version":[{"id":34872,"href":"https:\/\/euapp01.newsmemory.com\/lamarseillaise\/news\/wp-json\/wp\/v2\/posts\/34870\/revisions\/34872"}],"wp:featuredmedia":[{"embeddable":true,"href":"https:\/\/euapp01.newsmemory.com\/lamarseillaise\/news\/wp-json\/wp\/v2\/media\/34871"}],"wp:attachment":[{"href":"https:\/\/euapp01.newsmemory.com\/lamarseillaise\/news\/wp-json\/wp\/v2\/media?parent=34870"}],"wp:term":[{"taxonomy":"category","embeddable":true,"href":"https:\/\/euapp01.newsmemory.com\/lamarseillaise\/news\/wp-json\/wp\/v2\/categories?post=34870"},{"taxonomy":"post_tag","embeddable":true,"href":"https:\/\/euapp01.newsmemory.com\/lamarseillaise\/news\/wp-json\/wp\/v2\/tags?post=34870"},{"taxonomy":"news-destination","embeddable":true,"href":"https:\/\/euapp01.newsmemory.com\/lamarseillaise\/news\/wp-json\/wp\/v2\/news-destination?post=34870"},{"taxonomy":"news-source","embeddable":true,"href":"https:\/\/euapp01.newsmemory.com\/lamarseillaise\/news\/wp-json\/wp\/v2\/news-source?post=34870"},{"taxonomy":"is_homepage","embeddable":true,"href":"https:\/\/euapp01.newsmemory.com\/lamarseillaise\/news\/wp-json\/wp\/v2\/is_homepage?post=34870"},{"taxonomy":"ta_other","embeddable":true,"href":"https:\/\/euapp01.newsmemory.com\/lamarseillaise\/news\/wp-json\/wp\/v2\/ta_other?post=34870"}],"curies":[{"name":"wp","href":"https:\/\/api.w.org\/{rel}","templated":true}]}}