{"id":34867,"date":"2026-07-02T07:11:00","date_gmt":"2026-07-02T05:11:00","guid":{"rendered":"https:\/\/euapp01.newsmemory.com\/lamarseillaise\/news\/?p=34867"},"modified":"2026-07-06T07:18:47","modified_gmt":"2026-07-06T05:18:47","slug":"a-marseille-la-mairie-des-15-16-veut-federer-les-acteurs-de-leducation-populaire","status":"publish","type":"post","link":"https:\/\/euapp01.newsmemory.com\/lamarseillaise\/news\/2026\/07\/02\/a-marseille-la-mairie-des-15-16-veut-federer-les-acteurs-de-leducation-populaire\/","title":{"rendered":"\u00c0 Marseille, la mairie des 15-16 veut f\u00e9d\u00e9rer les acteurs de l\u2019\u00e9ducation populaire"},"content":{"rendered":"<div class=\"paragraph\">\n<p>\u00ab <i>R<\/i><i>\u00e9sister face \u00e0 la p\u00e9dagogie du renoncement et s\u2019assurer que les lumi\u00e8res ne s\u2019\u00e9teignent pas dans l\u2019esprit de nos jeunes<\/i><i>\u00a0<\/i>\u00bb<i>\u00a0<\/i>: telle est l\u2019une des contributions majeures de l\u2019\u00e9ducation populaire, selon Jean-Marc Coppola, maire (PCF) des 15<sup>e<\/sup> et 16<sup>e<\/sup>\u00a0arrondissements. L\u2019\u00e9lu est venu \u00e0 la rencontre des acteurs associatifs du secteur, mardi matin, \u00e0 l\u2019occasion d\u2019une r\u00e9union organis\u00e9e par sa mairie. \u00ab\u00a0<i>L\u2019\u00e9ducation populaire est essentielle pour notre soci\u00e9t\u00e9. C\u2019est un levier essentiel pour la d\u00e9mocratie, l\u2019\u00e9mancipation humaine, la citoyennet\u00e9 et la transformation de la soci\u00e9t\u00e9,<\/i> a-t-il poursuivi. <i>Cette rencontre de nouvelle mandature doit permettre d\u2019\u00e9changer nos exp\u00e9riences, mais surtout de construire ensemble des projets. Une association isol\u00e9e peut faire de grandes choses, mais associ\u00e9e aux autres, elle peut se rendre beaucoup plus efficace.<\/i><i>\u00a0<\/i>\u00bb<\/p>\n<p>C\u2019\u00e9tait l\u2019ambition de ce premier temps d\u2019\u00e9changes entre associations, organis\u00e9 \u00e0 l\u2019initiative de Ly\u00e8ce Choulak, conseiller municipal d\u00e9l\u00e9gu\u00e9 \u00e0 l\u2019\u00e9ducation populaire et aux vacances pour tous dans les 15-16. \u00ab\u00a0<i>C\u2019est l\u2019occasion de rassembler toutes les forces vives de l\u2019\u00e9ducation populaire dans les 15-16, parmi lesquels on compte les associations de proximit\u00e9 et les centres sociaux, bien s\u00fbr. Mais aussi les institutions (M\u00e9tropole, \u00c9tat) et les bailleurs, <\/i>d\u00e9taille-t-il.<i> Je voudrais qu\u2019on puisse aboutir sur un projet commun qui d\u00e9fende l\u2019int\u00e9r\u00eat collectif<\/i><i>\u00a0<\/i>\u00bb.<\/p>\n<p>Pour soutenir la d\u00e9marche, Hassan Guenfici, adjoint au maire d\u00e9l\u00e9gu\u00e9 aux centres sociaux et \u00e0 l\u2019\u00e9ducation populaire, \u00e9tait pr\u00e9sent pour repr\u00e9senter la mairie centrale.<\/p>\n<\/p><\/div>\n<div class=\"intext\"> Un budget pour l\u2019enfance\u00a0?\n              <\/div>\n<div class=\"paragraph\">\n<p>Les difficult\u00e9s financi\u00e8res des collectivit\u00e9s, limitant le niveau des subventions accord\u00e9es aux diff\u00e9rentes structures, n\u2019ont pas manqu\u00e9 d\u2019\u00eatre \u00e9voqu\u00e9es. Dans ce contexte budg\u00e9taire serr\u00e9, une id\u00e9e a tout de m\u00eame \u00e9merg\u00e9\u00a0: investir avantage dans l\u2019enfance. \u00ab<i>\u00a0<\/i><i>L\u2019enfant pauvre des cit\u00e9s est souvent le secteur de l\u2019enfance<\/i>, note Nicolas Rett, directeur du centre social de la Bricarde (15<sup>e<\/sup>). <i>C\u2019est tr\u00e8s difficile de d\u00e9ployer des actions, parce que nos moyens sont tr\u00e8s limit\u00e9s. Il y a pas mal d\u2019espaces jeunes sur le territoire, ce qui nous permet de capter les jeunes \u00e0 partir de 11-12 ans. Mais les 5-10 ans qui ne sont pas inscrits au foot ou \u00e0 l\u2019aide au devoir, ce sont eux qui sont un peu \u00e0 la rue entre 17h et 19h. \u00c7a les rend vuln\u00e9rables, notamment aux r\u00e9seaux <\/i>[de trafic de drogue]\u00a0\u00bb.<\/p>\n<p>\u00ab\u00a0<i>La question de la protection de l\u2019enfance et de l\u2019accueil des mineurs est sur la table, le travail est entam\u00e9<\/i><i>\u00a0<\/i>\u00bb, a assur\u00e9 Hassan Guenfici. Jean-Marc Coppola ajoute\u00a0: \u00ab\u00a0<i>La Ville fait son possible, mais ne pourra pas se substituer \u00e0 tout le monde. Les \u00e9ch\u00e9ances \u00e9lectorales de l\u2019an prochain doivent \u00eatre l\u2019occasion de d\u00e9cider dans quel type de soci\u00e9t\u00e9 nous souhaitons vivre.<\/i>\u00a0\u00bb<\/p>\n<\/p><\/div>\n","protected":false},"excerpt":{"rendered":"&laquo; R&eacute;sister face &agrave; la p&eacute;dagogie du renoncement et s&rsquo;assurer que les lumi&egrave;res ne s&rsquo;&eacute;teignent pas dans l&rsquo;esprit de nos jeunes&nbsp;&raquo;&nbsp;: telle est l&rsquo;une des contributions &#8230;","protected":false},"author":1,"featured_media":34868,"comment_status":"open","ping_status":"open","sticky":false,"template":"","format":"standard","meta":{"footnotes":""},"categories":[3926,3925,20],"tags":[138,510,10,430,883,2907,1306,59,16,1819,169,483,137,2060,99],"news-destination":[3944],"news-source":[475],"is_homepage":[],"ta_other":[],"class_list":["post-34867","post","type-post","status-publish","format-standard","has-post-thumbnail","hentry","category-accueil-merge","category-accueil-third","category-societe","tag-associations","tag-bailleurs-sociaux","tag-bouches-du-rhone","tag-budget","tag-education-populaire","tag-enfance","tag-jean-marc-coppola","tag-jeunes","tag-marseille","tag-marseille-15e-arrondissement","tag-marseille-16e-arrondissement","tag-projets","tag-territoire","tag-trafic-de-stupefiants","tag-ville-de-marseille","news-destination-homepage","news-source-website"],"_links":{"self":[{"href":"https:\/\/euapp01.newsmemory.com\/lamarseillaise\/news\/wp-json\/wp\/v2\/posts\/34867","targetHints":{"allow":["GET"]}}],"collection":[{"href":"https:\/\/euapp01.newsmemory.com\/lamarseillaise\/news\/wp-json\/wp\/v2\/posts"}],"about":[{"href":"https:\/\/euapp01.newsmemory.com\/lamarseillaise\/news\/wp-json\/wp\/v2\/types\/post"}],"author":[{"embeddable":true,"href":"https:\/\/euapp01.newsmemory.com\/lamarseillaise\/news\/wp-json\/wp\/v2\/users\/1"}],"replies":[{"embeddable":true,"href":"https:\/\/euapp01.newsmemory.com\/lamarseillaise\/news\/wp-json\/wp\/v2\/comments?post=34867"}],"version-history":[{"count":1,"href":"https:\/\/euapp01.newsmemory.com\/lamarseillaise\/news\/wp-json\/wp\/v2\/posts\/34867\/revisions"}],"predecessor-version":[{"id":34869,"href":"https:\/\/euapp01.newsmemory.com\/lamarseillaise\/news\/wp-json\/wp\/v2\/posts\/34867\/revisions\/34869"}],"wp:featuredmedia":[{"embeddable":true,"href":"https:\/\/euapp01.newsmemory.com\/lamarseillaise\/news\/wp-json\/wp\/v2\/media\/34868"}],"wp:attachment":[{"href":"https:\/\/euapp01.newsmemory.com\/lamarseillaise\/news\/wp-json\/wp\/v2\/media?parent=34867"}],"wp:term":[{"taxonomy":"category","embeddable":true,"href":"https:\/\/euapp01.newsmemory.com\/lamarseillaise\/news\/wp-json\/wp\/v2\/categories?post=34867"},{"taxonomy":"post_tag","embeddable":true,"href":"https:\/\/euapp01.newsmemory.com\/lamarseillaise\/news\/wp-json\/wp\/v2\/tags?post=34867"},{"taxonomy":"news-destination","embeddable":true,"href":"https:\/\/euapp01.newsmemory.com\/lamarseillaise\/news\/wp-json\/wp\/v2\/news-destination?post=34867"},{"taxonomy":"news-source","embeddable":true,"href":"https:\/\/euapp01.newsmemory.com\/lamarseillaise\/news\/wp-json\/wp\/v2\/news-source?post=34867"},{"taxonomy":"is_homepage","embeddable":true,"href":"https:\/\/euapp01.newsmemory.com\/lamarseillaise\/news\/wp-json\/wp\/v2\/is_homepage?post=34867"},{"taxonomy":"ta_other","embeddable":true,"href":"https:\/\/euapp01.newsmemory.com\/lamarseillaise\/news\/wp-json\/wp\/v2\/ta_other?post=34867"}],"curies":[{"name":"wp","href":"https:\/\/api.w.org\/{rel}","templated":true}]}}