{"id":34861,"date":"2026-07-02T06:56:00","date_gmt":"2026-07-02T04:56:00","guid":{"rendered":"https:\/\/euapp01.newsmemory.com\/lamarseillaise\/news\/?p=34861"},"modified":"2026-07-02T10:08:13","modified_gmt":"2026-07-02T08:08:13","slug":"matthias-sindelar-antinazi-et-joueur-autrichien-de-legende","status":"publish","type":"post","link":"https:\/\/euapp01.newsmemory.com\/lamarseillaise\/news\/2026\/07\/02\/matthias-sindelar-antinazi-et-joueur-autrichien-de-legende\/","title":{"rendered":"Matthias Sindelar, antinazi et joueur autrichien de l\u00e9gende"},"content":{"rendered":"<div class=\"paragraph\">\n<p>Parmi les destins tragiques du football mondial, celui de Matthias Sindelar figure en t\u00eate de liste. N\u00e9 en Boh\u00eame-Moravie, dans la Tch\u00e9quie actuelle, l\u2019attaquant a \u00e9t\u00e9 l\u2019un des piliers de la <i>Wunderteam<\/i>, la g\u00e9niale \u00e9quipe d\u2019Autriche des ann\u00e9es 1930. Surnomm\u00e9 \u00ab\u00a0<i>l\u2019homme de papier<\/i>\u00a0\u00bb, \u00e0 cause de son fr\u00eale gabarit, Sindelar a \u00e9t\u00e9 l\u2019une des premi\u00e8res figures marquantes du sport en compagnie de Giuseppe Meazza et du Br\u00e9silien L\u00e9onidas. Coupe du monde 1934, annexion de son pays, mort pr\u00e9matur\u00e9, la l\u00e9gende autour de ce joueur est encore bien consistante.<\/p>\n<p>Enfant du quartier ouvrier de Favoriten, au sud de Vienne, Matthias Sindelar d\u00e9voile rapidement ses capacit\u00e9s sur un terrain. <span class=\"mln_uppercase_mln\">\u00e0<\/span> 16\u00a0ans, il joue pour l\u2019ASV Hertha et d\u00e9couvre la premi\u00e8re division avec brio, avant de s\u2019\u00e9panouir chez les Violets de l\u2019Austria Vienne. Son aisance balle au pied et sa capacit\u00e9 \u00e0 se glisser dans chaque espace lui ouvre rapidement les portes de la s\u00e9lection, en 1926. Ses d\u00e9buts sont brillants puis le g\u00e9nie sera \u00e9cart\u00e9 par le l\u00e9gendaire coach Hugo Meisl. En 1931, il revient et, trois ans plus tard, l\u2019Autriche est un favori de la Coupe du monde en Italie.<\/p>\n<\/p><\/div>\n<div class=\"intext\"> Match de l\u2019annexion<br \/>\n               <br \/>et fin de vie pr\u00e9coce\n              <\/div>\n<div class=\"paragraph\">\n<p>Le fascisme prend de plus en plus de place et Benito Mussolini va lui-m\u00eame mettre la main sur ce Mondial pour voir triompher son \u00e9quipe. Les Autrichiens dominent la demi-finale face aux Italiens, mais les arbitres barrent les offensives de Sindelar et ses co\u00e9quipiers. L\u2019Italie l\u2019emporte 1-0 et brise les r\u00eaves de la <i>Wunderteam<\/i>. Vieillissant, le blond d\u2019un m\u00e8tre 75 joue moins par la suite. Puis un nouvel \u00e9pisode politique survient. Mars\u00a01938, l\u2019Allemagne nazie annexe l\u2019Autriche. Quelques jours plus tard, le 3\u00a0avril, les dirigeants<br \/>allemands organisent l\u2019<i>Anschlussspiel <\/i>(le match de l\u2019annexion, en fran\u00e7ais).<\/p>\n<p>Mise en place pour promouvoir l\u2019unit\u00e9 entre les deux peuples, cette rencontre doit se finir sur un 0-0. Face \u00e0 des Allemands bien tendres, les Autrichiens se brident puis l\u00e2chent les chevaux. Matthias Sindelar marque et, selon la l\u00e9gende, exulte devant la tribune remplie de membres \u00e9minents du III<sup>e<\/sup>\u00a0Reich. \u00ab\u00a0Le but de la mort\u00a0\u00bb, dira-t-on plus tard. Le joueur, alors \u00e2g\u00e9 de 35\u00a0ans, refusera de jouer sous le maillot allemand, pr\u00e9textant une vieille blessure au genou.<\/p>\n<p>Ce fut le dernier match de sa carri\u00e8re avec l\u2019Autriche et \u00ab\u00a0le Mozart du football\u00a0\u00bb jouera sa derni\u00e8re partition en club le lendemain de No\u00ebl 1938. Il ne vivra pas un mois de plus. Figure appr\u00e9ci\u00e9e dans la capitale autrichienne, il a ouvert un caf\u00e9 o\u00f9 tout le monde est le bienvenu, m\u00eame les personnes consid\u00e9r\u00e9es comme \u00ab\u00a0non aryennes\u00a0\u00bb. D\u2019origine juive, comme sa compagne Camilla Castagnola, ils sont tous deux traqu\u00e9s par la Gestapo.<\/p>\n<p>Le 23\u00a0janvier 1939, Matthias Sindelar est retrouv\u00e9 mort dans son appartement. L\u2019autopsie fait \u00e9tat d\u2019un d\u00e9c\u00e8s accidentel par intoxication au monoxyde de carbone, \u00e0 cause d\u2019une chemin\u00e9e. La th\u00e8se du suicide est \u00e9voqu\u00e9e, ainsi que l\u2019assassinat par la police politique allemande. Aujourd\u2019hui, nul ne conna\u00eet le motif exact. Ce que nous savons, c\u2019est qu\u2019ils \u00e9taient 30\u00a0000 \u00e0 l\u2019enterrement du joueur autrichien du si\u00e8cle.<\/p>\n<\/p><\/div>\n<div class=\"paragraph\">\n<p><b>ET AUSSI<\/b><\/p>\n<p><b>Suite des 16es de finale<\/b><\/p>\n<p>Outre Autriche-Espagne [voir ci-contre], deux autres 16es de finale se tiendront ce jeudi, heure am\u00e9ricaine. \u00c0 Toronto, le Portugal et la Croatie s\u2019affronteront dans un match aux allures de dernier carr\u00e9 de comp\u00e9tition (vendredi \u00e0 1h). Ensuite, \u00e0 5h du matin en France, la Suisse et l\u2019Alg\u00e9rie se feront face dans une rencontre qui s\u2019annonce \u00e9quilibr\u00e9e et grandement ind\u00e9cise.<\/p>\n<p><b>Expuls\u00e9 pour une main devant la bouche<\/b><\/p>\n<p>C\u2019est la nouvelle r\u00e8gle mise en place par la FIFA \u00e0 l\u2019occasion de la Coupe du monde. Si un joueur met la main devant sa bouche lors d\u2019un \u00e9change virulent avec un adversaire, il sera sanctionn\u00e9 d\u2019un carton rouge. C\u2019est arriv\u00e9 au Paraguayen Miguel Almiron face \u00e0 la Turquie et une nouvelle fois, dans la nuit de mardi \u00e0 mercredi, \u00e0 Piero Hincapi\u00e9. L\u2019\u00c9quatorien d\u2019Arsenal a \u00e9t\u00e9 expuls\u00e9 suite \u00e0 une discussion muscl\u00e9e avec Santiago Gimenez, lors de la d\u00e9faite des siens contre le Mexique (0-2).<\/p>\n<p><b>Concert de louanges pour les Bleus<\/b><\/p>\n<p>L\u2019\u00e9quipe de France s\u2019est largement impos\u00e9e lors de son 16e de finale contre la Su\u00e8de (3-0). Les Bleus de Deschamps joueront leur prochain match samedi soir \u00e0 23h, face \u00e0 une \u00e9quipe du Paraguay tombeuse de l\u2019Allemagne. M\u00e9dias internationaux, anciens joueurs et fans de football ont tous f\u00e9licit\u00e9 la France apr\u00e8s leur prestation face aux Su\u00e9dois. \u00ab<i> \u00c7a fait peur <\/i>\u00bb<i>, <\/i>dira Zlatan Ibrahimovic, la presse espagnole \u00e9voquant \u00ab<i> une sup\u00e9riorit\u00e9 qui devient obsc\u00e8ne <\/i>\u00bb<i>. <\/i>Les superlatifs concernant Michael Olise et Kylian Mbapp\u00e9 commen\u00e7aient \u00e0 manquer.<\/p>\n<\/p><\/div>\n","protected":false},"excerpt":{"rendered":"Parmi les destins tragiques du football mondial, celui de Matthias Sindelar figure en t&ecirc;te de liste. N&eacute; en Boh&ecirc;me-Moravie, dans la Tch&eacute;quie actuelle, l&rsquo;attaquant a &eacute;t&eacute; l&rsquo;un des piliers de la &#8230;","protected":false},"author":1,"featured_media":34862,"comment_status":"open","ping_status":"open","sticky":false,"template":"","format":"standard","meta":{"footnotes":""},"categories":[7],"tags":[5996,1097,5818,13],"news-destination":[],"news-source":[475],"is_homepage":[],"ta_other":[],"class_list":["post-34861","post","type-post","status-publish","format-standard","has-post-thumbnail","hentry","category-sports","tag-autriche","tag-coupe-du-monde","tag-fifa","tag-football","news-source-website"],"_links":{"self":[{"href":"https:\/\/euapp01.newsmemory.com\/lamarseillaise\/news\/wp-json\/wp\/v2\/posts\/34861","targetHints":{"allow":["GET"]}}],"collection":[{"href":"https:\/\/euapp01.newsmemory.com\/lamarseillaise\/news\/wp-json\/wp\/v2\/posts"}],"about":[{"href":"https:\/\/euapp01.newsmemory.com\/lamarseillaise\/news\/wp-json\/wp\/v2\/types\/post"}],"author":[{"embeddable":true,"href":"https:\/\/euapp01.newsmemory.com\/lamarseillaise\/news\/wp-json\/wp\/v2\/users\/1"}],"replies":[{"embeddable":true,"href":"https:\/\/euapp01.newsmemory.com\/lamarseillaise\/news\/wp-json\/wp\/v2\/comments?post=34861"}],"version-history":[{"count":1,"href":"https:\/\/euapp01.newsmemory.com\/lamarseillaise\/news\/wp-json\/wp\/v2\/posts\/34861\/revisions"}],"predecessor-version":[{"id":34863,"href":"https:\/\/euapp01.newsmemory.com\/lamarseillaise\/news\/wp-json\/wp\/v2\/posts\/34861\/revisions\/34863"}],"wp:featuredmedia":[{"embeddable":true,"href":"https:\/\/euapp01.newsmemory.com\/lamarseillaise\/news\/wp-json\/wp\/v2\/media\/34862"}],"wp:attachment":[{"href":"https:\/\/euapp01.newsmemory.com\/lamarseillaise\/news\/wp-json\/wp\/v2\/media?parent=34861"}],"wp:term":[{"taxonomy":"category","embeddable":true,"href":"https:\/\/euapp01.newsmemory.com\/lamarseillaise\/news\/wp-json\/wp\/v2\/categories?post=34861"},{"taxonomy":"post_tag","embeddable":true,"href":"https:\/\/euapp01.newsmemory.com\/lamarseillaise\/news\/wp-json\/wp\/v2\/tags?post=34861"},{"taxonomy":"news-destination","embeddable":true,"href":"https:\/\/euapp01.newsmemory.com\/lamarseillaise\/news\/wp-json\/wp\/v2\/news-destination?post=34861"},{"taxonomy":"news-source","embeddable":true,"href":"https:\/\/euapp01.newsmemory.com\/lamarseillaise\/news\/wp-json\/wp\/v2\/news-source?post=34861"},{"taxonomy":"is_homepage","embeddable":true,"href":"https:\/\/euapp01.newsmemory.com\/lamarseillaise\/news\/wp-json\/wp\/v2\/is_homepage?post=34861"},{"taxonomy":"ta_other","embeddable":true,"href":"https:\/\/euapp01.newsmemory.com\/lamarseillaise\/news\/wp-json\/wp\/v2\/ta_other?post=34861"}],"curies":[{"name":"wp","href":"https:\/\/api.w.org\/{rel}","templated":true}]}}