{"id":34858,"date":"2026-07-02T06:57:00","date_gmt":"2026-07-02T04:57:00","guid":{"rendered":"https:\/\/euapp01.newsmemory.com\/lamarseillaise\/news\/?p=34858"},"modified":"2026-07-02T10:08:13","modified_gmt":"2026-07-02T08:08:13","slug":"lallemagne-dans-le-concert-des-nations-qui-comptent","status":"publish","type":"post","link":"https:\/\/euapp01.newsmemory.com\/lamarseillaise\/news\/2026\/07\/02\/lallemagne-dans-le-concert-des-nations-qui-comptent\/","title":{"rendered":"L\u2019Allemagne dans le concert des nations qui comptent"},"content":{"rendered":"<div class=\"paragraph\">\n<p>La Deutscher P\u00e9tanque Verband affiche une ambition\u00a0: rivaliser avec les mastodontes de la discipline \u00e0 l\u2019\u00e9chelle europ\u00e9enne et mondiale. Et les r\u00e9sultats de ces derni\u00e8res ann\u00e9es sont probants. Le fruit d\u2019un travail de formation engag\u00e9 dans les cat\u00e9gories jeunes qui commence \u00e0 se traduire chez les adultes.<\/p>\n<p>Licenci\u00e9 en Bavi\u00e8re \u00e0 Munich, Ulrich Moritz, un proche du pr\u00e9sident de la F\u00e9d\u00e9ration allemande, a suivi de pr\u00e8s cette \u00e9volution\u00a0: \u00ab\u00a0<i>J\u2019ai commenc\u00e9 \u00e0 jouer aux boules en 2002 dans le seul club de Munich. Aujourd\u2019hui, il y en a 16 dans la r\u00e9gion<\/i><i>\u00a0<\/i>\u00bb. L\u2019homme est habitu\u00e9 du Mondial o\u00f9 il a nou\u00e9 des liens forts avec l\u2019ancienne pr\u00e9sidente du comit\u00e9 bouliste des Bouches-du-Rh\u00f4ne. Au niveau national, cette \u00e9volution s\u2019est traduite par une croissance du nombre de joueurs\u00a0: \u00ab\u00a0<i>En 2000-2010, c\u2019\u00e9tait 15<\/i><i>\u00a0<\/i><i>000<\/i><i>\u00a0<\/i><i>licenci\u00e9s, en Allemagne. Aujourd\u2019hui, on doit se situer autour de 25<\/i><i>\u00a0<\/i><i>000. La p\u00e9tanque est de plus en plus connue ici<\/i><i>\u00a0<\/i>\u00bb.<\/p>\n<\/p><\/div>\n<div class=\"intext\"> La s\u00e9lection juniors<br \/>\n               <br \/>au Mondial des jeunes\n              <\/div>\n<div class=\"paragraph\">\n<p>Au-del\u00e0 du nombre d\u2019adh\u00e9rents, le pays encha\u00eene surtout les bons r\u00e9sultats. L\u2019Allemagne est devenue la premi\u00e8re nation \u00e9trang\u00e8re \u00e0 inscrire son nom au palmar\u00e8s du GP\u00a0f\u00e9minin La\u00a0Marseillaise en 2021. Les hommes, ont d\u00e9croch\u00e9 en 2025, leur premi\u00e8re \u00e9toile europ\u00e9enne, apr\u00e8s avoir battu les champions du monde italien puis l\u2019\u00e9quipe de France de Bonetto, Montoro et Doerr, en finale. En jeunes, l\u2019Allemagne est aussi championne du monde tir de pr\u00e9cision.<\/p>\n<p>La r\u00e9compense d\u2019une politique volontariste ayant pour but de mieux pr\u00e9parer les joueurs aux grandes comp\u00e9titions. Pour Moritz, cela doit passer par l\u2019apprentissage et la compr\u00e9hension des styles de jeu d\u2019autres nations. Pour cela, l\u2019Allemagne adopte depuis pr\u00e8s de deux d\u00e9cennies une politique de stages et d\u2019\u00e9changes \u00e0 l\u2019\u00e9tranger. Cette ann\u00e9e, la s\u00e9lection nationale juniors, sacr\u00e9e championne du monde en 2025 participera au Mondial des jeunes&#8230;<\/p>\n<p>L\u2019objectif est d\u2019habituer ses joueurs au tr\u00e8s haut niveau. \u00ab\u00a0<i>Si on veut que nos \u00e9quipes fassent des progr\u00e8s, il faut les faire jouer en France, dans le Sud. Depuis quelques ann\u00e9es, une fois par an, les F\u00e9d\u00e9rations fran\u00e7aise et allemande organisent une semaine de stage pour les juniors des deux nations<\/i><i>\u00a0<\/i>\u00bb.<\/p>\n<p>\u00c2g\u00e9 de 19\u00a0ans, Oskar Fitz fait partie de l\u2019\u00e9quipe nationale espoir, apr\u00e8s avoir \u00e9volu\u00e9 en junior de 2021 \u00e0 2024. Licenci\u00e9 en Bavi\u00e8re, il fait les beaux jours du Boule club Mechenhard. Pour lui, la p\u00e9tanque est avant tout une histoire de famille. Il a commenc\u00e9 \u00e0 quatre ans, avec son p\u00e8re, son grand-p\u00e8re et son arri\u00e8re-grand-p\u00e8re. Champion d\u2019Allemagne junior et espoir, il \u00e9volue d\u00e9sormais en senior, o\u00f9 il a atteint les 16<sup>es<\/sup>\u00a0de finale.<\/p>\n<p>Ambitieux, il souhaite s\u2019installer au plus haut niveau et a d\u00e9j\u00e0 jou\u00e9 plusieurs championnats d\u2019Europe et du monde en jeunes. Signe de l\u2019espoir plac\u00e9 en lui, il est le seul Allemand parrain\u00e9 par Obut. Pour lui, La\u00a0Marseillaise est une \u00e9tape oblig\u00e9e. \u00ab\u00a0<i>L\u00e0 je dois passer mon bac mais j\u2019esp\u00e8re venir l\u2019an prochain<\/i><i>\u00a0<\/i>\u00bb explique-t-il m\u00eame si son histoire avec Le\u00a0Mondial est pour l\u2019heure un rendez-vous manqu\u00e9. La premi\u00e8re fois, son arri\u00e8re-grand-m\u00e8re est d\u00e9c\u00e9d\u00e9e. L\u2019an dernier, il \u00e9tait inscrit sur le concours junior mais son vol a \u00e9t\u00e9 annul\u00e9. \u00ab<i>\u00a0<\/i><i>On est arriv\u00e9 en retard pour la premi\u00e8re partie, on l\u2019a perdue sur tapis vert puis on s\u2019est d\u00e9p\u00each\u00e9s pour jouer la deuxi\u00e8me mais on a perdu aussi&#8230;<\/i><i>\u00a0<\/i>\u00bb sourit Oskar Fitz.<\/p>\n<p>Pour Claude Az\u00e9ma, ancien pr\u00e9sident de la F\u00e9d\u00e9ration internationale de p\u00e9tanque et de jeu proven\u00e7al et de la Conf\u00e9d\u00e9ration mondiale des sports de boules, cet essor est aussi d\u00fb \u00e0 la qualit\u00e9 des infrastructures qui am\u00e9liorent la r\u00e9ceptivit\u00e9 \u00e0 ce sport. Le but est d\u2019int\u00e9resser un public curieux \u00e0 la recherche d\u2019un loisir, en plus du public plus connaisseur\u00a0: \u00ab\u00a0<i>L\u2019attrait principal des clubs est d\u2019avoir un lieu clos pour accueillir des gens tous les jours. C\u2019est ce qui aide au d\u00e9veloppement. Il est essentiel de toucher ceux qui font de la pratique loisir, en plus de ceux qui veulent faire de la comp\u00e9tition<\/i><i>\u00a0<\/i>\u00bb.<\/p>\n<\/p><\/div>\n","protected":false},"excerpt":{"rendered":"La Deutscher P&eacute;tanque Verband affiche une ambition&nbsp;: rivaliser avec les mastodontes de la discipline &agrave; l&rsquo;&eacute;chelle europ&eacute;enne et mondiale. Et les r&eacute;sultats de ces derni&egrave;res ann&eacute;es sont &#8230;","protected":false},"author":1,"featured_media":34859,"comment_status":"open","ping_status":"open","sticky":false,"template":"","format":"standard","meta":{"footnotes":""},"categories":[7],"tags":[10,1161,5560,16,4647,4580,5998,1013,18],"news-destination":[],"news-source":[475],"is_homepage":[],"ta_other":[],"class_list":["post-34858","post","type-post","status-publish","format-standard","has-post-thumbnail","hentry","category-sports","tag-bouches-du-rhone","tag-boules","tag-le-mondial-la-marseillaise-2026","tag-marseille","tag-mlm2026","tag-mondial-la-marseillaise-2026","tag-oscar-fitz","tag-petanque","tag-sports","news-source-website"],"_links":{"self":[{"href":"https:\/\/euapp01.newsmemory.com\/lamarseillaise\/news\/wp-json\/wp\/v2\/posts\/34858","targetHints":{"allow":["GET"]}}],"collection":[{"href":"https:\/\/euapp01.newsmemory.com\/lamarseillaise\/news\/wp-json\/wp\/v2\/posts"}],"about":[{"href":"https:\/\/euapp01.newsmemory.com\/lamarseillaise\/news\/wp-json\/wp\/v2\/types\/post"}],"author":[{"embeddable":true,"href":"https:\/\/euapp01.newsmemory.com\/lamarseillaise\/news\/wp-json\/wp\/v2\/users\/1"}],"replies":[{"embeddable":true,"href":"https:\/\/euapp01.newsmemory.com\/lamarseillaise\/news\/wp-json\/wp\/v2\/comments?post=34858"}],"version-history":[{"count":1,"href":"https:\/\/euapp01.newsmemory.com\/lamarseillaise\/news\/wp-json\/wp\/v2\/posts\/34858\/revisions"}],"predecessor-version":[{"id":34860,"href":"https:\/\/euapp01.newsmemory.com\/lamarseillaise\/news\/wp-json\/wp\/v2\/posts\/34858\/revisions\/34860"}],"wp:featuredmedia":[{"embeddable":true,"href":"https:\/\/euapp01.newsmemory.com\/lamarseillaise\/news\/wp-json\/wp\/v2\/media\/34859"}],"wp:attachment":[{"href":"https:\/\/euapp01.newsmemory.com\/lamarseillaise\/news\/wp-json\/wp\/v2\/media?parent=34858"}],"wp:term":[{"taxonomy":"category","embeddable":true,"href":"https:\/\/euapp01.newsmemory.com\/lamarseillaise\/news\/wp-json\/wp\/v2\/categories?post=34858"},{"taxonomy":"post_tag","embeddable":true,"href":"https:\/\/euapp01.newsmemory.com\/lamarseillaise\/news\/wp-json\/wp\/v2\/tags?post=34858"},{"taxonomy":"news-destination","embeddable":true,"href":"https:\/\/euapp01.newsmemory.com\/lamarseillaise\/news\/wp-json\/wp\/v2\/news-destination?post=34858"},{"taxonomy":"news-source","embeddable":true,"href":"https:\/\/euapp01.newsmemory.com\/lamarseillaise\/news\/wp-json\/wp\/v2\/news-source?post=34858"},{"taxonomy":"is_homepage","embeddable":true,"href":"https:\/\/euapp01.newsmemory.com\/lamarseillaise\/news\/wp-json\/wp\/v2\/is_homepage?post=34858"},{"taxonomy":"ta_other","embeddable":true,"href":"https:\/\/euapp01.newsmemory.com\/lamarseillaise\/news\/wp-json\/wp\/v2\/ta_other?post=34858"}],"curies":[{"name":"wp","href":"https:\/\/api.w.org\/{rel}","templated":true}]}}