{"id":34855,"date":"2026-07-02T07:09:00","date_gmt":"2026-07-02T05:09:00","guid":{"rendered":"https:\/\/euapp01.newsmemory.com\/lamarseillaise\/news\/?p=34855"},"modified":"2026-07-06T07:18:47","modified_gmt":"2026-07-06T05:18:47","slug":"journee-cruciale-au-tribunal-pour-fibre-excellence","status":"publish","type":"post","link":"https:\/\/euapp01.newsmemory.com\/lamarseillaise\/news\/2026\/07\/02\/journee-cruciale-au-tribunal-pour-fibre-excellence\/","title":{"rendered":"Journ\u00e9e cruciale au tribunal pour Fibre Excellence"},"content":{"rendered":"<div class=\"paragraph\">\n<p>\u00ab <i>E<\/i><i>n quelques jours, chacun a accept\u00e9 de faire \u00e9voluer sa position. Des investisseurs se sont engag\u00e9s, d\u2019autres sont en train de le faire. Les R\u00e9gions se sont mobilis\u00e9es. Les organisations syndicales ont contribu\u00e9 activement \u00e0 la construction du projet<\/i>\u00a0\u00bb, \u00e9crivent dans une lettre commune, adress\u00e9e dimanche au ministre de l\u2019Industrie, S\u00e9bastien Martin, Matthieu Pigasse, les deux pr\u00e9sidents des R\u00e9gions Sud et Occitanie, et les responsables des syndicats CGT, CFDT et FO. Et de presser le gouvernement \u00e0 prendre ses \u00ab\u00a0<i>responsabilit\u00e9s<\/i>\u00a0\u00bb avec \u00ab<i>\u00a0<\/i><i>la mobilisation effective de tous les leviers dont dispose l\u2019\u00c9tat afin de donner toutes les chances \u00e0 ce projet d\u00e9sormais profond\u00e9ment consolid\u00e9<\/i>\u00a0\u00bb. Gouvernement qui reste pour l\u2019heure dans l\u2019attente d\u2019un \u00ab\u00a0<i>projet cr\u00e9dible<\/i>\u00a0\u00bb, r\u00e9pond-il.<\/p>\n<p>L\u2019offre de reprise de l\u2019entreprise Fibre Excellence et de ses deux usines, situ\u00e9es \u00e0 Saint-Gaudens (Haute-Garonne) et \u00e0 Tarascon, par l\u2019homme d\u2019affaires doit \u00eatre d\u00e9pos\u00e9e ce jeudi, au tribunal de commerce de Toulouse. L\u2019audience pour l\u2019examen de l\u2019offre a \u00e9t\u00e9 report\u00e9e au 6\u00a0juillet.<\/p>\n<p>Cette offre pourrait donner un second souffle au fabricant de p\u00e2te \u00e0 papier et sauver les quelque 10\u00a0000\u00a0emplois directs et indirects que g\u00e9n\u00e8re l\u2019activit\u00e9. L\u2019entreprise a \u00e9t\u00e9 plac\u00e9e en redressement judiciaire, fin avril, tandis que son actionnaire indon\u00e9sien, Jackson Wijaya, a refus\u00e9 tout net de remettre de l\u2019argent dans la soci\u00e9t\u00e9, qui souffre d\u2019un d\u00e9s\u00e9quilibre structurel. Pour y rem\u00e9dier, outre l\u2019apurement du passif, les salari\u00e9s ont rappel\u00e9 la n\u00e9cessit\u00e9 d\u2019un rel\u00e8vement du tarif de rachat de l\u2019\u00e9lectricit\u00e9 produite par l\u2019usine. Une promesse du gouvernement.<\/p>\n<\/p><\/div>\n","protected":false},"excerpt":{"rendered":"&laquo; En quelques jours, chacun a accept&eacute; de faire &eacute;voluer sa position. Des investisseurs se sont engag&eacute;s, d&rsquo;autres sont en train de le faire. Les R&eacute;gions se sont mobilis&eacute;es. Les organisations syndicales &#8230;","protected":false},"author":1,"featured_media":34856,"comment_status":"open","ping_status":"open","sticky":false,"template":"","format":"standard","meta":{"footnotes":""},"categories":[3926,3925,338,331,20],"tags":[10,237,113,753,4279,1017,5891,4281,873,714,1740,244],"news-destination":[3944],"news-source":[475],"is_homepage":[],"ta_other":[],"class_list":["post-34855","post","type-post","status-publish","format-standard","has-post-thumbnail","hentry","category-accueil-merge","category-accueil-third","category-economie","category-social","category-societe","tag-bouches-du-rhone","tag-cfdt","tag-cgt","tag-emplois","tag-fibre-excellence","tag-fo","tag-matthieu-pigasse","tag-pate-a-papier","tag-region-occitanie","tag-region-sud","tag-tarascon","tag-tribunal-de-commerce","news-destination-homepage","news-source-website"],"_links":{"self":[{"href":"https:\/\/euapp01.newsmemory.com\/lamarseillaise\/news\/wp-json\/wp\/v2\/posts\/34855","targetHints":{"allow":["GET"]}}],"collection":[{"href":"https:\/\/euapp01.newsmemory.com\/lamarseillaise\/news\/wp-json\/wp\/v2\/posts"}],"about":[{"href":"https:\/\/euapp01.newsmemory.com\/lamarseillaise\/news\/wp-json\/wp\/v2\/types\/post"}],"author":[{"embeddable":true,"href":"https:\/\/euapp01.newsmemory.com\/lamarseillaise\/news\/wp-json\/wp\/v2\/users\/1"}],"replies":[{"embeddable":true,"href":"https:\/\/euapp01.newsmemory.com\/lamarseillaise\/news\/wp-json\/wp\/v2\/comments?post=34855"}],"version-history":[{"count":1,"href":"https:\/\/euapp01.newsmemory.com\/lamarseillaise\/news\/wp-json\/wp\/v2\/posts\/34855\/revisions"}],"predecessor-version":[{"id":34857,"href":"https:\/\/euapp01.newsmemory.com\/lamarseillaise\/news\/wp-json\/wp\/v2\/posts\/34855\/revisions\/34857"}],"wp:featuredmedia":[{"embeddable":true,"href":"https:\/\/euapp01.newsmemory.com\/lamarseillaise\/news\/wp-json\/wp\/v2\/media\/34856"}],"wp:attachment":[{"href":"https:\/\/euapp01.newsmemory.com\/lamarseillaise\/news\/wp-json\/wp\/v2\/media?parent=34855"}],"wp:term":[{"taxonomy":"category","embeddable":true,"href":"https:\/\/euapp01.newsmemory.com\/lamarseillaise\/news\/wp-json\/wp\/v2\/categories?post=34855"},{"taxonomy":"post_tag","embeddable":true,"href":"https:\/\/euapp01.newsmemory.com\/lamarseillaise\/news\/wp-json\/wp\/v2\/tags?post=34855"},{"taxonomy":"news-destination","embeddable":true,"href":"https:\/\/euapp01.newsmemory.com\/lamarseillaise\/news\/wp-json\/wp\/v2\/news-destination?post=34855"},{"taxonomy":"news-source","embeddable":true,"href":"https:\/\/euapp01.newsmemory.com\/lamarseillaise\/news\/wp-json\/wp\/v2\/news-source?post=34855"},{"taxonomy":"is_homepage","embeddable":true,"href":"https:\/\/euapp01.newsmemory.com\/lamarseillaise\/news\/wp-json\/wp\/v2\/is_homepage?post=34855"},{"taxonomy":"ta_other","embeddable":true,"href":"https:\/\/euapp01.newsmemory.com\/lamarseillaise\/news\/wp-json\/wp\/v2\/ta_other?post=34855"}],"curies":[{"name":"wp","href":"https:\/\/api.w.org\/{rel}","templated":true}]}}