{"id":34852,"date":"2026-07-02T07:08:00","date_gmt":"2026-07-02T05:08:00","guid":{"rendered":"https:\/\/euapp01.newsmemory.com\/lamarseillaise\/news\/?p=34852"},"modified":"2026-07-06T07:18:47","modified_gmt":"2026-07-06T05:18:47","slug":"risque-tres-severe-dincendie-sur-tout-larc-mediterraneen","status":"publish","type":"post","link":"https:\/\/euapp01.newsmemory.com\/lamarseillaise\/news\/2026\/07\/02\/risque-tres-severe-dincendie-sur-tout-larc-mediterraneen\/","title":{"rendered":"Risque tr\u00e8s s\u00e9v\u00e8re d\u2019incendie sur tout l\u2019arc m\u00e9diterran\u00e9en"},"content":{"rendered":"<div class=\"paragraph\">\n<p>Le Premier ministre, S\u00e9bastien Lecornu, est attendu \u00e0 15h \u00e0 Marseille, o\u00f9 il sera inform\u00e9 de la situation de la saison des feux en cours. Il pr\u00e9sidera, \u00e0 partir de 16h15, une cellule interminist\u00e9rielle de crise sur la canicule.<\/p>\n<p>Au sein de l\u2019\u00e9tat-major des sapeurs-pompiers des Bouches-du-Rh\u00f4ne, l\u2019heure est \u00e0 la mise en garde. La phase est \u00ab\u00a0<i>in\u00e9dite<\/i><i>\u00a0<\/i>\u00bb si t\u00f4t dans l\u2019\u00e9t\u00e9, assure le lieutenant-colonel Pascal Berg\u00e9, officier sup\u00e9rieur d\u00e9partemental au Sdis 13. En cause, des \u00ab\u00a0<i>conditions m\u00e9t\u00e9orologiques assez complexes avec le Mistral qui va se lever en continu pendant 72<\/i><i>\u00a0<\/i><i>heures<\/i><i>\u00a0<\/i>\u00bb, signale-t-il, mercredi. Canicule, vent chaud, v\u00e9g\u00e9tation ass\u00e9ch\u00e9e, \u00ab\u00a0<i>on est en alerte maximale<\/i> (&#8230;), <i>tout l\u2019arc m\u00e9diterran\u00e9en est en vigilance, en risque tr\u00e8s s\u00e9v\u00e8re<\/i><i>\u00a0<\/i>\u00bb, confirme le lieutenant-colonel, avec une attention particuli\u00e8re port\u00e9e sur l\u2019\u00c9tang de Berre.<\/p>\n<p>D\u00e8s lors, en plus des 500\u00a0pompiers de garde dans la caserne, 396\u00a0personnes suppl\u00e9mentaires ont \u00e9t\u00e9 d\u00e9ploy\u00e9es, dans les 59\u00a0centres de secours du d\u00e9partement des Bouches-du-Rh\u00f4ne. Un maillage qui sera maintenu tout l\u2019\u00e9t\u00e9.<\/p>\n<p>\u00c0 Bouc-Bel-Air, un dispositif pr\u00e9ventif est mis en place dans le cadre \u00ab\u00a0<i>de la strat\u00e9gie nationale et d\u00e9partementale d\u2019attaque massive des feux naissants pour les \u00e9teindre d\u00e8s les premi\u00e8res minutes<\/i><i>\u00a0<\/i>\u00bb, explique le commandant Arnaud Cambe. Le groupe de 18\u00a0pompiers dispose de cinq v\u00e9hicules, dont quatre camions sp\u00e9cialis\u00e9s dans la lutte contre les feux de for\u00eat. Il est post\u00e9 dans une zone \u00ab\u00a0<i>proche de l\u2019interface habitat-for\u00eat<\/i><i>\u00a0<\/i>\u00bb et d\u2019\u00ab\u00a0<i>un axe routier<\/i><i>\u00a0<\/i>\u00bb. Ici, cours du Ferrage, le chef de groupe David Marin briefe l\u2019\u00e9quipe. Il s\u2019assure que chacun dispose de suffisamment de ravitaillement. \u00ab\u00a0<i>Il va faire chaud, on prend soin les uns des autres, c\u2019est le plus important<\/i><i>\u00a0<\/i>\u00bb, intime-t-il \u00e0 la rang\u00e9e qui se tient devant lui. \u00ab\u00a0<i>Pensez \u00e0 vous hydrater et \u00e0 vous pr\u00e9server au maximum<\/i><i>\u00a0<\/i>\u00bb, rench\u00e9rit Arnaud Cambe, la nuit s\u2019annon\u00e7ant longue.<\/p>\n<p>Le terrible incendie qui a ravag\u00e9 Les Pennes-Mirabeau et l\u2019Estaque, il y a un an, presque jour pour jour, a marqu\u00e9 les esprits. \u00ab\u00a0<i>La crainte n\u2019est pas forc\u00e9ment d\u2019avoir un grand feu, mais d\u2019en avoir plusieurs. C\u2019est la simultan\u00e9it\u00e9 des chantiers qui peut rendre compliqu\u00e9e la gestion d\u2019une op\u00e9ration, on ne pourra pas mettre un camion derri\u00e8re chaque maison<\/i><i>\u00a0<\/i>\u00bb, alertait dans la matin\u00e9e le lieutenant-colonel Pascal Berg\u00e9. Face \u00e0 cela, il appelle les habitants \u00ab\u00a0<i>au bon sens<\/i><i>\u00a0<\/i>\u00bb\u00a0: pas de feu, ni de barbecue et encore moins de m\u00e9gots jet\u00e9s par les fen\u00eatres\u00a0; l\u2019une des principales causes de d\u00e9parts de feux. Et surtout, \u00ab\u00a0<i>on \u00e9coute les consignes qui sont donn\u00e9es par les autorit\u00e9s<\/i><i>\u00a0<\/i>\u00bb.<\/p>\n<\/p><\/div>\n","protected":false},"excerpt":{"rendered":"Le Premier ministre, S&eacute;bastien Lecornu, est attendu &agrave; 15h &agrave; Marseille, o&ugrave; il sera inform&eacute; de la situation de la saison des feux en cours. Il pr&eacute;sidera, &agrave; partir de 16h15, une cellule &#8230;","protected":false},"author":1,"featured_media":34853,"comment_status":"open","ping_status":"open","sticky":false,"template":"","format":"standard","meta":{"footnotes":""},"categories":[3926,3925,20],"tags":[10,372,1604,4015,1396,178,576,431,419,3600,833],"news-destination":[3944],"news-source":[475],"is_homepage":[],"ta_other":[],"class_list":["post-34852","post","type-post","status-publish","format-standard","has-post-thumbnail","hentry","category-accueil-merge","category-accueil-third","category-societe","tag-bouches-du-rhone","tag-canicule","tag-departement-des-bouches-du-rhone","tag-feux-de-foret","tag-incendies","tag-population","tag-premier-ministre","tag-prevention","tag-rechauffement-climatique","tag-sdis13","tag-sebastien-lecornu","news-destination-homepage","news-source-website"],"_links":{"self":[{"href":"https:\/\/euapp01.newsmemory.com\/lamarseillaise\/news\/wp-json\/wp\/v2\/posts\/34852","targetHints":{"allow":["GET"]}}],"collection":[{"href":"https:\/\/euapp01.newsmemory.com\/lamarseillaise\/news\/wp-json\/wp\/v2\/posts"}],"about":[{"href":"https:\/\/euapp01.newsmemory.com\/lamarseillaise\/news\/wp-json\/wp\/v2\/types\/post"}],"author":[{"embeddable":true,"href":"https:\/\/euapp01.newsmemory.com\/lamarseillaise\/news\/wp-json\/wp\/v2\/users\/1"}],"replies":[{"embeddable":true,"href":"https:\/\/euapp01.newsmemory.com\/lamarseillaise\/news\/wp-json\/wp\/v2\/comments?post=34852"}],"version-history":[{"count":1,"href":"https:\/\/euapp01.newsmemory.com\/lamarseillaise\/news\/wp-json\/wp\/v2\/posts\/34852\/revisions"}],"predecessor-version":[{"id":34854,"href":"https:\/\/euapp01.newsmemory.com\/lamarseillaise\/news\/wp-json\/wp\/v2\/posts\/34852\/revisions\/34854"}],"wp:featuredmedia":[{"embeddable":true,"href":"https:\/\/euapp01.newsmemory.com\/lamarseillaise\/news\/wp-json\/wp\/v2\/media\/34853"}],"wp:attachment":[{"href":"https:\/\/euapp01.newsmemory.com\/lamarseillaise\/news\/wp-json\/wp\/v2\/media?parent=34852"}],"wp:term":[{"taxonomy":"category","embeddable":true,"href":"https:\/\/euapp01.newsmemory.com\/lamarseillaise\/news\/wp-json\/wp\/v2\/categories?post=34852"},{"taxonomy":"post_tag","embeddable":true,"href":"https:\/\/euapp01.newsmemory.com\/lamarseillaise\/news\/wp-json\/wp\/v2\/tags?post=34852"},{"taxonomy":"news-destination","embeddable":true,"href":"https:\/\/euapp01.newsmemory.com\/lamarseillaise\/news\/wp-json\/wp\/v2\/news-destination?post=34852"},{"taxonomy":"news-source","embeddable":true,"href":"https:\/\/euapp01.newsmemory.com\/lamarseillaise\/news\/wp-json\/wp\/v2\/news-source?post=34852"},{"taxonomy":"is_homepage","embeddable":true,"href":"https:\/\/euapp01.newsmemory.com\/lamarseillaise\/news\/wp-json\/wp\/v2\/is_homepage?post=34852"},{"taxonomy":"ta_other","embeddable":true,"href":"https:\/\/euapp01.newsmemory.com\/lamarseillaise\/news\/wp-json\/wp\/v2\/ta_other?post=34852"}],"curies":[{"name":"wp","href":"https:\/\/api.w.org\/{rel}","templated":true}]}}