{"id":34849,"date":"2026-07-02T06:54:00","date_gmt":"2026-07-02T04:54:00","guid":{"rendered":"https:\/\/euapp01.newsmemory.com\/lamarseillaise\/news\/?p=34849"},"modified":"2026-07-06T07:07:03","modified_gmt":"2026-07-06T05:07:03","slug":"bruno-genesio-signe-un-bail-de-deux-ans-a-lom","status":"publish","type":"post","link":"https:\/\/euapp01.newsmemory.com\/lamarseillaise\/news\/2026\/07\/02\/bruno-genesio-signe-un-bail-de-deux-ans-a-lom\/","title":{"rendered":"Bruno Genesio signe un bail de deux ans \u00e0 l\u2019OM"},"content":{"rendered":"<div class=\"paragraph\">\n<p>L\u2019OM tient enfin ses t\u00eates sportives, avec l\u2019arriv\u00e9e de Bruno Genesio.<\/p>\n<p>Les dirigeants marseillais attendaient la d\u00e9cision finale de la DNCG concernant les finances. Le gendarme financier de la Ligue\u00a01 ayant \u00e9t\u00e9 relativement cl\u00e9ment, celui qui a permis \u00e0 Lille de terminer sur le podium du dernier championnat aura donc la lourde t\u00e2che de reconstruire une \u00e9quipe, apr\u00e8s le fiasco sportif de la saison qui vient de s\u2019achever.<\/p>\n<p>\u00ab\u00a0<i>Le choix de Bruno Genesio s\u2019est impos\u00e9 naturellement au cours de nos \u00e9changes<\/i>\u00a0\u00bb, a confi\u00e9 Gr\u00e9gory Lorenzi. Le directeur sportif marseillais a d\u00e9taill\u00e9 les raisons qui ont pouss\u00e9 le club \u00e0 recruter l\u2019ancien milieu d\u00e9fensif, form\u00e9 \u00e0 Lyon et pass\u00e9 notamment par le FC\u00a0Martigues. \u00ab\u00a0<i>Son exp\u00e9rience, sa connaissance du haut niveau et sa capacit\u00e9 \u00e0 construire des \u00e9quipes comp\u00e9titives correspondent pleinement \u00e0 l\u2019ambition que nous portons pour l\u2019Olympique de Marseille.<\/i>\u00a0\u00bb<\/p>\n<p>L\u2019int\u00e9ress\u00e9 quant \u00e0 lui est impatient de d\u00e9buter sa nouvelle mission. Lui qui a su redynamiser Rennes et Lille, entre autres, et r\u00e9veiller Lyon, a d\u00e9j\u00e0 une id\u00e9e de ce qu\u2019il compte faire sur le banc marseillais. \u00ab\u00a0<i>J\u2019ai choisi de rejoindre l\u2019Olympique de Marseille parce que j\u2019ai \u00e9t\u00e9 s\u00e9duit par le d\u00e9fi qui m\u2019a \u00e9t\u00e9 pr\u00e9sent\u00e9&#8230; Je suis impatient de commencer le travail avec l\u2019ensemble des \u00e9quipes du club et les joueurs afin de construire un groupe \u00e0 la hauteur des ambitions de l\u2019Olympique de Marseille.<\/i><i>\u00a0<\/i>\u00bb<\/p>\n<p>Gr\u00e9gory Lorenzi estime de son c\u00f4t\u00e9 que Bruno Genesio est l\u2019homme de la situation\u00a0: \u00ab\u00a0<i>Nous partageons une vision commune du football, du d\u00e9veloppement des joueurs et de la construction d\u2019un effectif performant dans la dur\u00e9e. Nous allons travailler en \u00e9troite collaboration afin de b\u00e2tir un groupe capable de r\u00e9pondre aux exigences de ce club et aux attentes de ses supporters.<\/i>\u00a0\u00bb<\/p>\n<\/p><\/div>\n<div class=\"intext\"> Contraintes budg\u00e9taires\n              <\/div>\n<div class=\"paragraph\">\n<p>Comme lorsqu\u2019il \u00e9tait \u00e0 Brest, Gr\u00e9gory Lorenzi sait qu\u2019il ne pourra pas se lancer dans une campagne de recrutement on\u00e9reuse. La DNCG a donn\u00e9 son feu vert pour une continuation en Ligue\u00a01 avec un encadrement de la masse salariale. Alors que l\u2019UEFA a donn\u00e9 un an aux dirigeants olympiens pour sortir les comptes de la zone rouge.<\/p>\n<p>St\u00e9phane Richard ne doute pas du potentiel de son nouvel entra\u00eeneur \u00e0 s\u2019adapter aux contraintes qui lui seront impos\u00e9es. \u00ab\u00a0<i>Son exp\u00e9rience, son exigence et sa vision du jeu correspondent pleinement \u00e0 ce que nous recherchions pour ouvrir cette nouvelle \u00e9tape. Au-del\u00e0 de son parcours, nous avons \u00e9t\u00e9 convaincus par son adh\u00e9sion \u00e0 notre projet, sa volont\u00e9 de construire dans la dur\u00e9e et son enthousiasme<\/i>\u00a0\u00bb, confie le nouveau pr\u00e9sident de l\u2019OM.<\/p>\n<p>Le club poss\u00e8de donc une t\u00eate solide, \u00e0 laquelle il faut signaler le retour de Nicolas Dehon en tant qu\u2019entra\u00eeneur des gardiens. Le moment va donc venir de passer \u00e0 l\u2019\u00e9tape de donner des jambes \u00e0 un staff qui donne rendez-vous le 6\u00a0juillet \u00e0 ses joueurs non concern\u00e9s par la Coupe du monde pour la reprise g\u00e9n\u00e9rale. Dans un premier temps \u00e0 la Commanderie. Puis pour un stage en C\u00f4te d\u2019Ivoire.<\/p>\n<\/p><\/div>\n<div class=\"paragraph\">\n<p><b>La Cepac va accoler son nom \u00e0 celui du V\u00e9lodrome<\/b><\/p>\n<p>La prise de fonction de St\u00e9phane Richard \u00e0 la pr\u00e9sidence de l\u2019OM, ce jeudi, co\u00efncide avec un changement symbolique.<\/p>\n<p>Celui qui succ\u00e8de \u00e0 Pablo Longoria \u00e9tait \u00e0 la t\u00eate d\u2019Orange lorsque le partenariat entre le club et le g\u00e9ant des t\u00e9l\u00e9communications lan\u00e7ait l\u2019enceinte du boulevard Michelet dans l\u2019\u00e8re du naming.<\/p>\n<p>Le contrat avec Orange \u00e9tant arriv\u00e9 \u00e0 son terme, c\u2019est une autre entreprise qui va prendre le relais. St\u00e9phane Richard, en tant que pr\u00e9sident de l\u2019OM, et Christine Fabresse, directrice du directoire de la Caisse d\u2019\u00e9pargne Cepac vont officialiser le partenariat entre les deux parties.<\/p>\n<p>La signature aura lieu \u00e0 12h, au stade V\u00e9lodrome.<\/p>\n<p>M.Ga.<\/p>\n<\/p><\/div>\n","protected":false},"excerpt":{"rendered":"L&rsquo;OM tient enfin ses t&ecirc;tes sportives, avec l&rsquo;arriv&eacute;e de Bruno Genesio.","protected":false},"author":1,"featured_media":34850,"comment_status":"open","ping_status":"open","sticky":false,"template":"","format":"standard","meta":{"footnotes":""},"categories":[3926,3925,7],"tags":[13,1153,16,1152,14],"news-destination":[3944],"news-source":[475],"is_homepage":[],"ta_other":[],"class_list":["post-34849","post","type-post","status-publish","format-standard","has-post-thumbnail","hentry","category-accueil-merge","category-accueil-third","category-sports","tag-football","tag-ligue-1","tag-marseille","tag-mercato","tag-om","news-destination-homepage","news-source-website"],"_links":{"self":[{"href":"https:\/\/euapp01.newsmemory.com\/lamarseillaise\/news\/wp-json\/wp\/v2\/posts\/34849","targetHints":{"allow":["GET"]}}],"collection":[{"href":"https:\/\/euapp01.newsmemory.com\/lamarseillaise\/news\/wp-json\/wp\/v2\/posts"}],"about":[{"href":"https:\/\/euapp01.newsmemory.com\/lamarseillaise\/news\/wp-json\/wp\/v2\/types\/post"}],"author":[{"embeddable":true,"href":"https:\/\/euapp01.newsmemory.com\/lamarseillaise\/news\/wp-json\/wp\/v2\/users\/1"}],"replies":[{"embeddable":true,"href":"https:\/\/euapp01.newsmemory.com\/lamarseillaise\/news\/wp-json\/wp\/v2\/comments?post=34849"}],"version-history":[{"count":1,"href":"https:\/\/euapp01.newsmemory.com\/lamarseillaise\/news\/wp-json\/wp\/v2\/posts\/34849\/revisions"}],"predecessor-version":[{"id":34851,"href":"https:\/\/euapp01.newsmemory.com\/lamarseillaise\/news\/wp-json\/wp\/v2\/posts\/34849\/revisions\/34851"}],"wp:featuredmedia":[{"embeddable":true,"href":"https:\/\/euapp01.newsmemory.com\/lamarseillaise\/news\/wp-json\/wp\/v2\/media\/34850"}],"wp:attachment":[{"href":"https:\/\/euapp01.newsmemory.com\/lamarseillaise\/news\/wp-json\/wp\/v2\/media?parent=34849"}],"wp:term":[{"taxonomy":"category","embeddable":true,"href":"https:\/\/euapp01.newsmemory.com\/lamarseillaise\/news\/wp-json\/wp\/v2\/categories?post=34849"},{"taxonomy":"post_tag","embeddable":true,"href":"https:\/\/euapp01.newsmemory.com\/lamarseillaise\/news\/wp-json\/wp\/v2\/tags?post=34849"},{"taxonomy":"news-destination","embeddable":true,"href":"https:\/\/euapp01.newsmemory.com\/lamarseillaise\/news\/wp-json\/wp\/v2\/news-destination?post=34849"},{"taxonomy":"news-source","embeddable":true,"href":"https:\/\/euapp01.newsmemory.com\/lamarseillaise\/news\/wp-json\/wp\/v2\/news-source?post=34849"},{"taxonomy":"is_homepage","embeddable":true,"href":"https:\/\/euapp01.newsmemory.com\/lamarseillaise\/news\/wp-json\/wp\/v2\/is_homepage?post=34849"},{"taxonomy":"ta_other","embeddable":true,"href":"https:\/\/euapp01.newsmemory.com\/lamarseillaise\/news\/wp-json\/wp\/v2\/ta_other?post=34849"}],"curies":[{"name":"wp","href":"https:\/\/api.w.org\/{rel}","templated":true}]}}