{"id":34846,"date":"2026-07-02T07:00:00","date_gmt":"2026-07-02T05:00:00","guid":{"rendered":"https:\/\/euapp01.newsmemory.com\/lamarseillaise\/news\/?p=34846"},"modified":"2026-07-03T09:26:34","modified_gmt":"2026-07-03T07:26:34","slug":"entretien-clement-beaune-je-propose-quon-revienne-a-une-forme-de-planification-globale","status":"publish","type":"post","link":"https:\/\/euapp01.newsmemory.com\/lamarseillaise\/news\/2026\/07\/02\/entretien-clement-beaune-je-propose-quon-revienne-a-une-forme-de-planification-globale\/","title":{"rendered":"[Entretien] Cl\u00e9ment Beaune : \u00ab Je propose qu\u2019on revienne \u00e0 une forme de planification globale \u00bb"},"content":{"rendered":"<div class=\"paragraph\">\n<p><b>La Marseillaise<\/b><b>\u00a0<\/b><b>:<\/b> <b>Vous intervenez lors des rencontres \u00e9conomiques sur la question de la planification \u00e9conomique. Quelle est sa place dans le mod\u00e8le fran\u00e7ais actuel<\/b><b>\u00a0<\/b><b>?<\/b><\/p>\n<p>Cl\u00e9ment Beaune\u00a0: On vit un paradoxe fran\u00e7ais\u00a0: nous avons beaucoup de plans, de strat\u00e9gies, dans beaucoup de domaines, pour les collectivit\u00e9s locales, comme pour l\u2019\u00c9tat. On entend tous les jours parler de plan sur la sant\u00e9 et l\u2019environnement, de plan bas carbone, de plan d\u2019adaptation aux changements climatiques, de plan agricole&#8230; Ce mot revient souvent, mais on ne fait plus la planification comme \u00e7a a \u00e9t\u00e9 le cas notamment pendant les trente glorieuses, c\u2019est-\u00e0-dire avec un plan quinquennal, qui \u00e9tait certes indicatif, mais qui \u00e9tait d\u00e9battu au Parlement, vot\u00e9, discut\u00e9 avec le patronat et les syndicats notamment et qui fixait, c\u2019\u00e9tait son principal m\u00e9rite, quelques priorit\u00e9s ainsi que leur financements. Ces priorit\u00e9s, une fois qu\u2019elles \u00e9taient dans le plan quinquennal, \u00e9taient celles du gouvernement, pour 5\u00a0ans. Je ne dis pas que c\u2019\u00e9tait id\u00e9al, mais il y avait une forme de stabilit\u00e9 et d\u2019anticipation. Aujourd\u2019hui, \u00e0 part dans le domaine de la d\u00e9fense, o\u00f9 l\u2019on a de nouvelles programmations militaires, on a beaucoup de mal \u00e0 avoir un cap clair, d\u00e9battu dans la soci\u00e9t\u00e9, au Parlement, et partag\u00e9, pour plusieurs ann\u00e9es.<\/p>\n<p><b>Que proposez-vous<\/b><b>\u00a0<\/b><b>? <\/b><\/p>\n<p>C.B.\u00a0: Il faut l\u2019adapter, mais je propose qu\u2019on revienne \u00e0 une forme de planification globale. Qu\u2019on se demande quelles sont les grandes priorit\u00e9s de l\u2019\u00c9tat, pour les cinq ans qui viennent, qu\u2019on en d\u00e9batte au Parlement. \u00c7a permettrait de parler d\u00e9mographie, immigration, gestion de l\u2019eau&#8230; Tous ces sujets-l\u00e0 m\u00e9ritent du temps long, un d\u00e9bat large et des priorit\u00e9s stables. On le voit sur la question climatique, on a besoin d\u2019avoir des investissements qui ne bougent pas d\u2019une ann\u00e9e sur l\u2019autre, de choisir les priorit\u00e9s. Est-ce que la priorit\u00e9 est l\u2019investissement dans les transports, plut\u00f4t dans l\u2019\u00e9nergie, plut\u00f4t dans l\u2019agriculture\u00a0? Ce sont des choix politiques. Apr\u00e8s, il y a des gens qui auront des pr\u00e9f\u00e9rences, mais au moins, c\u2019est d\u00e9battu, c\u2019est connu de tous et c\u2019est stable.<\/p>\n<p>Ce qu\u2019apporte surtout la planification, c\u2019est de la visibilit\u00e9 et de la stabilit\u00e9. Pas des coups de stop and go, comme on dit, ou d\u2019essuie-glaces, o\u00f9 on va un coup dans un sens, un coup dans un autre.<\/p>\n<p>Je pense aussi que parfois, sur le climat, la d\u00e9fense et d\u2019autres enjeux du temps long, il faudrait avoir des budgets pluriannuels, qui s\u2019imposerait au budget annuel.Ce n\u2019est pas le cas aujourd\u2019hui.<\/p>\n<p><b>Un mot sur l\u2019\u00e9ch\u00e9ance de la pr\u00e9sidentielle, au regard du bilan des deux quinquennats d\u2019Emmanuel Macron et de l\u2019influence qu\u2019a depuis gagn\u00e9e l\u2019extr\u00eame droite<\/b><b>\u00a0<\/b><b>?<\/b><\/p>\n<p>C.B.\u00a0: J\u2019ai deux combats, qui sont identitaires pour moi\u00a0: la lutte contre l\u2019extr\u00eame droite et l\u2019engagement pour l\u2019Europe. Je me prononcerai \u00e0 l\u2019automne sur les candidatures, mais pour l\u2019instant, je veux rester focalis\u00e9 sur le Plan. Et proposer un certain nombre d\u2019options qui peuvent \u00eatre utiles dans le d\u00e9bat. Ce qui est s\u00fbr, c\u2019est qu\u2019il faudra une strat\u00e9gie de rassemblement et de responsabilit\u00e9, peut-\u00eatre au-del\u00e0 des familles politiques traditionnelles, pour battre l\u2019extr\u00eame droite.<\/p>\n<p>Entretien r\u00e9alis\u00e9 par Margot Milhaud.<\/p>\n<\/p><\/div>\n","protected":false},"excerpt":{"rendered":"","protected":false},"author":1,"featured_media":34847,"comment_status":"open","ping_status":"open","sticky":false,"template":"","format":"standard","meta":{"footnotes":""},"categories":[3926,3925,338],"tags":[556,10,5997,417,452,729,118,343,1402,78],"news-destination":[3944],"news-source":[475],"is_homepage":[],"ta_other":[],"class_list":["post-34846","post","type-post","status-publish","format-standard","has-post-thumbnail","hentry","category-accueil-merge","category-accueil-third","category-economie","tag-aix-en-provence","tag-bouches-du-rhone","tag-clement-beaune","tag-climat","tag-debat","tag-demographie","tag-economie","tag-entretien","tag-environement","tag-projection","news-destination-homepage","news-source-website"],"_links":{"self":[{"href":"https:\/\/euapp01.newsmemory.com\/lamarseillaise\/news\/wp-json\/wp\/v2\/posts\/34846","targetHints":{"allow":["GET"]}}],"collection":[{"href":"https:\/\/euapp01.newsmemory.com\/lamarseillaise\/news\/wp-json\/wp\/v2\/posts"}],"about":[{"href":"https:\/\/euapp01.newsmemory.com\/lamarseillaise\/news\/wp-json\/wp\/v2\/types\/post"}],"author":[{"embeddable":true,"href":"https:\/\/euapp01.newsmemory.com\/lamarseillaise\/news\/wp-json\/wp\/v2\/users\/1"}],"replies":[{"embeddable":true,"href":"https:\/\/euapp01.newsmemory.com\/lamarseillaise\/news\/wp-json\/wp\/v2\/comments?post=34846"}],"version-history":[{"count":1,"href":"https:\/\/euapp01.newsmemory.com\/lamarseillaise\/news\/wp-json\/wp\/v2\/posts\/34846\/revisions"}],"predecessor-version":[{"id":34848,"href":"https:\/\/euapp01.newsmemory.com\/lamarseillaise\/news\/wp-json\/wp\/v2\/posts\/34846\/revisions\/34848"}],"wp:featuredmedia":[{"embeddable":true,"href":"https:\/\/euapp01.newsmemory.com\/lamarseillaise\/news\/wp-json\/wp\/v2\/media\/34847"}],"wp:attachment":[{"href":"https:\/\/euapp01.newsmemory.com\/lamarseillaise\/news\/wp-json\/wp\/v2\/media?parent=34846"}],"wp:term":[{"taxonomy":"category","embeddable":true,"href":"https:\/\/euapp01.newsmemory.com\/lamarseillaise\/news\/wp-json\/wp\/v2\/categories?post=34846"},{"taxonomy":"post_tag","embeddable":true,"href":"https:\/\/euapp01.newsmemory.com\/lamarseillaise\/news\/wp-json\/wp\/v2\/tags?post=34846"},{"taxonomy":"news-destination","embeddable":true,"href":"https:\/\/euapp01.newsmemory.com\/lamarseillaise\/news\/wp-json\/wp\/v2\/news-destination?post=34846"},{"taxonomy":"news-source","embeddable":true,"href":"https:\/\/euapp01.newsmemory.com\/lamarseillaise\/news\/wp-json\/wp\/v2\/news-source?post=34846"},{"taxonomy":"is_homepage","embeddable":true,"href":"https:\/\/euapp01.newsmemory.com\/lamarseillaise\/news\/wp-json\/wp\/v2\/is_homepage?post=34846"},{"taxonomy":"ta_other","embeddable":true,"href":"https:\/\/euapp01.newsmemory.com\/lamarseillaise\/news\/wp-json\/wp\/v2\/ta_other?post=34846"}],"curies":[{"name":"wp","href":"https:\/\/api.w.org\/{rel}","templated":true}]}}