{"id":34843,"date":"2026-07-02T06:49:00","date_gmt":"2026-07-02T04:49:00","guid":{"rendered":"https:\/\/euapp01.newsmemory.com\/lamarseillaise\/news\/?p=34843"},"modified":"2026-07-05T20:55:20","modified_gmt":"2026-07-05T18:55:20","slug":"entretien-elke-kahr-la-gauche-doit-reapprendre-a-sadresser-aux-gens","status":"publish","type":"post","link":"https:\/\/euapp01.newsmemory.com\/lamarseillaise\/news\/2026\/07\/02\/entretien-elke-kahr-la-gauche-doit-reapprendre-a-sadresser-aux-gens\/","title":{"rendered":"[Entretien] Elke Kahr : \u00ab&nbsp;La gauche doit r\u00e9apprendre \u00e0 s\u2019adresser aux gens&nbsp;\u00bb"},"content":{"rendered":"<div class=\"paragraph\">\n<p>La Marseillaise\u00a0: <b>Quelle est votre r\u00e9action apr\u00e8s votre r\u00e9\u00e9lection \u00e0 la t\u00eate de la ville de Graz<\/b><b>\u00a0<\/b><b>?<\/b><\/p>\n<p>Elke Kahr\u00a0: Je suis \u00e0 la fois soulag\u00e9e et heureuse de constater un soutien aussi net \u00e0 la ligne que nous avons adopt\u00e9e en 2021. Je n\u2019agis pas seule, je fais partie d\u2019un collectif qui \u0153uvre avec constance et dynamisme pour les habitants de Graz depuis des d\u00e9cennies, s\u2019attirant ainsi une grande confiance.<\/p>\n<p><b>\u00c0 quoi attribuez-vous ce succ\u00e8s<\/b><b>\u00a0<\/b><b>?<\/b><\/p>\n<p>E.K.\u00a0: Mon parti, le Parti communiste autrichien (KP\u00d6), ne cherche pas \u00e0 s\u00e9duire les gens avec des promesses d\u2019un monde meilleur pour un avenir lointain\u00a0; nous visons plut\u00f4t \u00e0 obtenir des am\u00e9liorations concr\u00e8tes pour les travailleurs. Nous avons remport\u00e9 de nombreux succ\u00e8s \u00e0 cet \u00e9gard, qu\u2019ils soient grands ou petits. Il est r\u00e9jouissant de voir qu\u2019autant d\u2019habitants de notre ville le reconnaissent.<\/p>\n<p><b>Sur quels th\u00e8mes avez-vous men\u00e9 campagne<\/b><b>\u00a0<\/b><b>?<\/b><\/p>\n<p>E.K.\u00a0: Notre programme se r\u00e9sume facilement. Nous d\u00e9fendons ce dont chacun a besoin au quotidien\u00a0: des logements abordables, des \u00e9coles, des services de soins et de sant\u00e9, l\u2019acc\u00e8s \u00e0 l\u2019eau, \u00e0 l\u2019\u00e9nergie et au chauffage, les transports en commun, les espaces verts et les parcs, ainsi que des lieux d\u00e9di\u00e9s au sport, aux loisirs et \u00e0 la d\u00e9tente. Nous voulons maintenir tous ces services dans le domaine public et garantir qu\u2019ils soient accessibles \u00e0 tous, sans barri\u00e8res financi\u00e8res. L\u2019int\u00e9r\u00eat g\u00e9n\u00e9ral doit primer\u00a0: c\u2019est ce que nous avons clairement affirm\u00e9, alors que les partis conservateurs et lib\u00e9raux ne cessaient de pr\u00f4ner la hausse des loyers et la privatisation du logement.<\/p>\n<p><b>Comment vous \u00eates-vous adress\u00e9e au monde du travail<\/b><b>\u00a0<\/b><b>?<\/b><\/p>\n<p>E.K.\u00a0: Je suis une militante active de la vie politique locale depuis 1993\u00a0: d\u2019abord comme conseill\u00e8re municipale, puis comme pr\u00e9sidente du groupe communiste au sein du conseil municipal et depuis 2021, en tant que maire. Au fil de ces d\u00e9cennies, je ne me suis jamais retranch\u00e9e dans des bureaux ou au si\u00e8ge de mon parti. Les habitants de ma ville savent comment me joindre. Il est essentiel que nous, en tant que parti comme \u00e0 titre individuel, gardions toujours nos portes ouvertes \u00e0 quiconque a besoin de soutien ou souhaite proposer des solutions. Aucun probl\u00e8me n\u2019est insignifiant\u00a0: le monde du travail regorge de difficult\u00e9s, et pourtant, peu de gens interviennent r\u00e9ellement pour aider lorsque la situation se corse. Il est crucial d\u2019avoir un bon r\u00e9seau et de savoir o\u00f9 trouver des solutions \u00e0 des probl\u00e8mes pr\u00e9cis, plut\u00f4t que de simplement faire tourner les gens en rond. Les citoyens appr\u00e9cient vraiment cette approche. Cela n\u2019est possible que si l\u2019on s\u2019int\u00e9resse sinc\u00e8rement aux autres.<\/p>\n<p><b>Quelle sera votre premi\u00e8re mesure de ce nouveau mandat<\/b><b>\u00a0<\/b><b>?<\/b><\/p>\n<p>E.K.\u00a0: La situation \u00e9conomique \u00e0 laquelle sont confront\u00e9es les villes et les collectivit\u00e9s de toute l\u2019Autriche est loin d\u2019\u00eatre id\u00e9ale. Les crises multiples de notre \u00e9poque et les cons\u00e9quences des politiques n\u00e9olib\u00e9rales se font sentir. C\u2019est pourquoi, durant la campagne \u00e9lectorale, nous avons \u00e9vit\u00e9 de faire des annonces grandiloquentes ou de pr\u00e9senter des \u00ab\u00a0visions\u00a0\u00bb -comme les m\u00e9dias dominants ne cessaient de l\u2019exiger- pour privil\u00e9gier une approche ax\u00e9e enti\u00e8rement sur la s\u00e9curisation et l\u2019am\u00e9lioration des infrastructures de la ville. Graz est une ville qui fonctionne bien, et pourtant, beaucoup d\u2019habitants y rencontrent des difficult\u00e9s. Notre engagement consiste donc \u00e0 tout mettre en \u0153uvre pour que la ville continue de bien servir ses r\u00e9sidents et pour pr\u00e9server au mieux la coh\u00e9sion sociale. Nous avons mis en place de nombreux dispositifs \u00e0 cette fin et nous comptons encore les am\u00e9liorer. L\u2019abonnement annuel aux transports en commun de Graz, propos\u00e9 \u00e0 60\u00a0euros aux personnes sans revenus ou \u00e0 faibles revenus, en est un exemple.<\/p>\n<p><b>Quel message adressez-vous aux forces progressistes confront\u00e9es dans toute l\u2019Europe \u00e0 la mont\u00e9e de l\u2019extr\u00eame droite<\/b><b>\u00a0<\/b><b>?<\/b><\/p>\n<p>E.K.\u00a0: L\u2019extr\u00eame droite pr\u00e9tend d\u00e9fendre les gens ordinaires -les travailleurs, qu\u2019ils soient cols-bleus ou cols blancs- et repr\u00e9senter leurs int\u00e9r\u00eats. En r\u00e9alit\u00e9, ces partis m\u00e9prisent la classe ouvri\u00e8re et le monde du travail dans son ensemble. Ils misent sur l\u2019exclusion et la division, sur le racisme et une rh\u00e9torique incendiaire. Pourtant, ils r\u00e9pondent aux peurs et aux pr\u00e9occupations qui touchent v\u00e9ritablement la majorit\u00e9 de la majorit\u00e9. La gauche a tendance \u00e0 se focaliser sur des d\u00e9tails abstraits et utilise souvent un langage que la plupart des gens ne comprennent pas. Les forces progressistes doivent r\u00e9apprendre \u00e0 s\u2019adresser aux gens et \u00e0 prendre leurs pr\u00e9occupations au s\u00e9rieux, m\u00eame lorsque celles-ci ne cadrent pas avec leur propre vision du monde. C\u2019est la seule fa\u00e7on de convaincre la population. Nous devons nous battre pour chaque individu et nous attaquer \u00e0 chaque petit probl\u00e8me du quotidien si nous voulons parvenir \u00e0 nouveau \u00e0 rassembler pour obtenir des changements majeurs.<\/p>\n<\/p><\/div>\n<div class=\"paragraph\">\n<p><b>Bio express<\/b><\/p>\n<p><b>1961<\/b> naissance \u00e0 Graz deuxi\u00e8me ville d\u2019Autriche et capitale de la Styrie<\/p>\n<p><b>1964<\/b> adopt\u00e9e \u00e0 l\u2019\u00e2ge de trois ans par les \u00e9poux Kahr, un serrurier et une vendeuse<\/p>\n<p><b>1979<\/b> employ\u00e9e de banque<\/p>\n<p><b>1983<\/b> adh\u00e9sion au Parti communiste autrichien (KP\u00d6)<\/p>\n<p><b>1993<\/b> \u00e9lue conseill\u00e8re municipale de Graz<\/p>\n<p><b>2003<\/b> \u00e9lue vice-pr\u00e9sidente f\u00e9d\u00e9rale du KP\u00d6.<\/p>\n<p><b>2021<\/b> \u00e9lue maire de Graz<\/p>\n<p><b>2023<\/b> \u00e9lue meilleure maire du monde par la City Mayors Foundation, \u00ab <i>pour son d\u00e9vouement et son altruisme au service de sa ville et de ses citoyens<\/i> \u00bb<\/p>\n<p><b>2026<\/b> r\u00e9\u00e9lue maire de Graz<\/p>\n<\/p><\/div>\n","protected":false},"excerpt":{"rendered":"La Marseillaise&nbsp;: Quelle est votre r&eacute;action apr&egrave;s votre r&eacute;&eacute;lection &agrave; la t&ecirc;te de la ville de Graz&nbsp;?","protected":false},"author":1,"featured_media":34844,"comment_status":"open","ping_status":"open","sticky":false,"template":"","format":"standard","meta":{"footnotes":""},"categories":[3926,3925,337,330],"tags":[5996,513,610,465,343,598,540,581],"news-destination":[3944],"news-source":[475],"is_homepage":[],"ta_other":[],"class_list":["post-34843","post","type-post","status-publish","format-standard","has-post-thumbnail","hentry","category-accueil-merge","category-accueil-third","category-international","category-politique","tag-autriche","tag-communes","tag-communisme","tag-communistes","tag-entretien","tag-europe","tag-gauche","tag-union-de-la-gauche","news-destination-homepage","news-source-website"],"_links":{"self":[{"href":"https:\/\/euapp01.newsmemory.com\/lamarseillaise\/news\/wp-json\/wp\/v2\/posts\/34843","targetHints":{"allow":["GET"]}}],"collection":[{"href":"https:\/\/euapp01.newsmemory.com\/lamarseillaise\/news\/wp-json\/wp\/v2\/posts"}],"about":[{"href":"https:\/\/euapp01.newsmemory.com\/lamarseillaise\/news\/wp-json\/wp\/v2\/types\/post"}],"author":[{"embeddable":true,"href":"https:\/\/euapp01.newsmemory.com\/lamarseillaise\/news\/wp-json\/wp\/v2\/users\/1"}],"replies":[{"embeddable":true,"href":"https:\/\/euapp01.newsmemory.com\/lamarseillaise\/news\/wp-json\/wp\/v2\/comments?post=34843"}],"version-history":[{"count":1,"href":"https:\/\/euapp01.newsmemory.com\/lamarseillaise\/news\/wp-json\/wp\/v2\/posts\/34843\/revisions"}],"predecessor-version":[{"id":34845,"href":"https:\/\/euapp01.newsmemory.com\/lamarseillaise\/news\/wp-json\/wp\/v2\/posts\/34843\/revisions\/34845"}],"wp:featuredmedia":[{"embeddable":true,"href":"https:\/\/euapp01.newsmemory.com\/lamarseillaise\/news\/wp-json\/wp\/v2\/media\/34844"}],"wp:attachment":[{"href":"https:\/\/euapp01.newsmemory.com\/lamarseillaise\/news\/wp-json\/wp\/v2\/media?parent=34843"}],"wp:term":[{"taxonomy":"category","embeddable":true,"href":"https:\/\/euapp01.newsmemory.com\/lamarseillaise\/news\/wp-json\/wp\/v2\/categories?post=34843"},{"taxonomy":"post_tag","embeddable":true,"href":"https:\/\/euapp01.newsmemory.com\/lamarseillaise\/news\/wp-json\/wp\/v2\/tags?post=34843"},{"taxonomy":"news-destination","embeddable":true,"href":"https:\/\/euapp01.newsmemory.com\/lamarseillaise\/news\/wp-json\/wp\/v2\/news-destination?post=34843"},{"taxonomy":"news-source","embeddable":true,"href":"https:\/\/euapp01.newsmemory.com\/lamarseillaise\/news\/wp-json\/wp\/v2\/news-source?post=34843"},{"taxonomy":"is_homepage","embeddable":true,"href":"https:\/\/euapp01.newsmemory.com\/lamarseillaise\/news\/wp-json\/wp\/v2\/is_homepage?post=34843"},{"taxonomy":"ta_other","embeddable":true,"href":"https:\/\/euapp01.newsmemory.com\/lamarseillaise\/news\/wp-json\/wp\/v2\/ta_other?post=34843"}],"curies":[{"name":"wp","href":"https:\/\/api.w.org\/{rel}","templated":true}]}}