{"id":34840,"date":"2026-07-02T06:44:00","date_gmt":"2026-07-02T04:44:00","guid":{"rendered":"https:\/\/euapp01.newsmemory.com\/lamarseillaise\/news\/?p=34840"},"modified":"2026-07-05T14:48:39","modified_gmt":"2026-07-05T12:48:39","slug":"nouvelles-arrestations-dans-laffaire-kessaci","status":"publish","type":"post","link":"https:\/\/euapp01.newsmemory.com\/lamarseillaise\/news\/2026\/07\/02\/nouvelles-arrestations-dans-laffaire-kessaci\/","title":{"rendered":"Nouvelles arrestations dans l\u2019affaire Kessaci"},"content":{"rendered":"<div class=\"paragraph\">\n<p>Quatre autres suspects ont \u00e9t\u00e9 interpell\u00e9s, ce mardi 30\u00a0juin, dans l\u2019enqu\u00eate sur l\u2019assassinat \u00e0 Marseille de Mehdi Kessaci, 20\u00a0ans, dont le fr\u00e8re Amine est une figure de la lutte contre le narcotrafic, ont indiqu\u00e9, mercredi, une source polici\u00e8re et une autre source proche du dossier, confirmant une information du <i>Parisien<\/i>.<\/p>\n<p>Fin mars, six personnes, cinq hommes et une femme, avaient d\u00e9j\u00e0 \u00e9t\u00e9 mises en examen dans l\u2019enqu\u00eate sur la mort du jeune homme de 20\u00a0ans, totalement \u00e9tranger au trafic et inconnu de la police comme de la justice, tu\u00e9 de plusieurs balles, en plein apr\u00e8s-midi \u00e0 Marseille, le 13\u00a0novembre 2025.<\/p>\n<p>Trois des suspects sont soup\u00e7onn\u00e9s d\u2019avoir jou\u00e9 un r\u00f4le dans la logistique, en ayant particip\u00e9 \u00e0 l\u2019organisation ou aux actes commis apr\u00e8s les faits, selon la source proche.<\/p>\n<p>Le quatri\u00e8me, d\u2019apr\u00e8s la m\u00eame source, aurait \u00e9t\u00e9 engag\u00e9 comme tireur pour une op\u00e9ration la veille, qui n\u2019a finalement pas eu lieu. Ce dernier est pr\u00e9sent\u00e9 comme un ex\u00e9cutant de la DZ Mafia, pr\u00e9cise <i>Le<\/i><i>\u00a0<\/i><i>Parisien<\/i>.<\/p>\n<p>L\u2019assassinat de Mehdi Kessaci avait provoqu\u00e9 une onde de choc, le ministre de l&#8217;int\u00e9rieur, Laurent Nunez, \u00e9voquant d&#8217;embl\u00e9e un meurtre \u00ab\u00a0<i>d&#8217;avertissement<\/i>\u00a0\u00bb. S&#8217;en \u00e9tait suivie une vaste marche blanche d&#8217;hommage au jeune homme, \u00e0 Marseille et un peu partout en France, \u00e0 l&#8217;appel de l&#8217;association Conscience, fond\u00e9e par Amine Kessaci, pour venir en aide aux familles victimes du narcotrafic.<\/p>\n<\/p><\/div>\n<div class=\"intext\"> Une ex\u00e9cution men\u00e9e<br \/>\n               <br \/>par la DZ Mafia\u00a0?\n              <\/div>\n<div class=\"paragraph\">\n<p>Les enqu\u00eateurs de la police judiciaire et de l\u2019Office central de lutte contre le crime organis\u00e9 (OCLCO), qui voient dans ce meurtre la main de la DZ Mafia, gang marseillais de narcotrafiquants, sont parvenus \u00e0 d\u00e9terminer que les tueurs s\u2019\u00e9taient \u00ab\u00a0<i>tromp\u00e9s de cible<\/i>\u00a0\u00bb et qu\u2019ils visaient Amine Kessaci.<\/p>\n<p>Militant \u00e9cologiste engag\u00e9 dans la lutte contre le narcotrafic, Amine Kessaci (EELV) est devenu depuis 4<sup>e<\/sup>\u00a0adjoint au maire de Marseille, Beno\u00eet Payan (DVG), \u00e0 l\u2019issue des \u00e9lections municipales fin mars.<\/p>\n<p>L\u2019information judiciaire sur la mort de Mehdi Kessaci a \u00e9t\u00e9 confi\u00e9e \u00e0 des juges d\u2019instruction parisiens et suivie par le Parquet national anti-criminalit\u00e9 organis\u00e9e (Pnaco).<\/p>\n<p>Le narcobanditisme a co\u00fbt\u00e9 la vie \u00e0 17\u00a0personnes en 2025 \u00e0 Marseille, selon les autorit\u00e9s, un chiffre en baisse par rapport aux pr\u00e9c\u00e9dentes ann\u00e9es (24\u00a0morts en 2024 apr\u00e8s le record de 2023 avec 49\u00a0morts li\u00e9s \u00e0 une guerre des gangs pour le contr\u00f4le des points de deal dans les Bouches-du-Rh\u00f4ne).<\/p>\n<p>Pour Amine Kessaci, le combat continue. \u00ab\u00a0<i>Je pense que ce v\u00e9cu, cette histoire personnelle, viennent raconter que dans ce pays, on a voulu regarder ailleurs. On a regard\u00e9 ce qu\u2019il se passait au Mexique, en Italie et pendant ce temps-l\u00e0, on n\u2019a pas vu que le monstre \u00e9tait en train de s\u2019\u00e9veiller et de grossir dans notre pays<\/i>\u00a0\u00bb, indiquait le jeune \u00e9lu dans nos colonnes, fin mai. Favorable aux prisons de s\u00e9curit\u00e9 mises en place par G\u00e9rald Darmanin, ministre de la Justice, il s\u2019est aussi engag\u00e9 \u00e0 travailler en profondeur sur la pr\u00e9vention avec la Ville, et \u00e9galement \u00e0 apporter un soutien aux familles de victimes, dans le cadre d\u2019un comit\u00e9 inter-bailleurs, en tant que pr\u00e9sident de Marseille Habitat, pour les reloger.<\/p>\n<p>\u00ab\u00a0<i>Au-del\u00e0 de nous voler nos vies, les narcotrafiquants viennent voler un des pouvoirs de l\u2019\u00e9cole de la R\u00e9publique<\/i><i>\u00a0<\/i><i>: faire r\u00eaver, dessiner des perspectives d\u2019avenir<\/i>\u00a0\u00bb, estimait Amine Kessaci, bien d\u00e9cid\u00e9 \u00e0 agir pour y parvenir.<\/p>\n<\/p><\/div>\n","protected":false},"excerpt":{"rendered":"Quatre autres suspects ont &eacute;t&eacute; interpell&eacute;s, ce mardi 30&nbsp;juin, dans l&rsquo;enqu&ecirc;te sur l&rsquo;assassinat &agrave; Marseille de Mehdi Kessaci, 20&nbsp;ans, dont le fr&egrave;re Amine est une figure de la lutte contre &#8230;","protected":false},"author":1,"featured_media":34841,"comment_status":"open","ping_status":"open","sticky":false,"template":"","format":"standard","meta":{"footnotes":""},"categories":[3926,3925,20],"tags":[2343,2727,774,10,511,3763,2394,90,205,249,3764,16,3532,3878,3439,3847,268,2061,2390,111,1742,1941],"news-destination":[3944],"news-source":[475],"is_homepage":[],"ta_other":[],"class_list":["post-34840","post","type-post","status-publish","format-standard","has-post-thumbnail","hentry","category-accueil-merge","category-accueil-third","category-societe","tag-amine-kessaci","tag-assassinat","tag-benoit-payan","tag-bouches-du-rhone","tag-citoyens","tag-conscience","tag-dz-mafia","tag-eelv","tag-elections-municipales","tag-gerald-darmanin","tag-marche-blanche","tag-marseille","tag-marseille-habitat","tag-mehdi-kessaci","tag-meurtre","tag-ministre-de-linterieur","tag-narcotrafic","tag-parquet","tag-police-judiciaire","tag-securite","tag-trafic","tag-victimes","news-destination-homepage","news-source-website"],"_links":{"self":[{"href":"https:\/\/euapp01.newsmemory.com\/lamarseillaise\/news\/wp-json\/wp\/v2\/posts\/34840","targetHints":{"allow":["GET"]}}],"collection":[{"href":"https:\/\/euapp01.newsmemory.com\/lamarseillaise\/news\/wp-json\/wp\/v2\/posts"}],"about":[{"href":"https:\/\/euapp01.newsmemory.com\/lamarseillaise\/news\/wp-json\/wp\/v2\/types\/post"}],"author":[{"embeddable":true,"href":"https:\/\/euapp01.newsmemory.com\/lamarseillaise\/news\/wp-json\/wp\/v2\/users\/1"}],"replies":[{"embeddable":true,"href":"https:\/\/euapp01.newsmemory.com\/lamarseillaise\/news\/wp-json\/wp\/v2\/comments?post=34840"}],"version-history":[{"count":1,"href":"https:\/\/euapp01.newsmemory.com\/lamarseillaise\/news\/wp-json\/wp\/v2\/posts\/34840\/revisions"}],"predecessor-version":[{"id":34842,"href":"https:\/\/euapp01.newsmemory.com\/lamarseillaise\/news\/wp-json\/wp\/v2\/posts\/34840\/revisions\/34842"}],"wp:featuredmedia":[{"embeddable":true,"href":"https:\/\/euapp01.newsmemory.com\/lamarseillaise\/news\/wp-json\/wp\/v2\/media\/34841"}],"wp:attachment":[{"href":"https:\/\/euapp01.newsmemory.com\/lamarseillaise\/news\/wp-json\/wp\/v2\/media?parent=34840"}],"wp:term":[{"taxonomy":"category","embeddable":true,"href":"https:\/\/euapp01.newsmemory.com\/lamarseillaise\/news\/wp-json\/wp\/v2\/categories?post=34840"},{"taxonomy":"post_tag","embeddable":true,"href":"https:\/\/euapp01.newsmemory.com\/lamarseillaise\/news\/wp-json\/wp\/v2\/tags?post=34840"},{"taxonomy":"news-destination","embeddable":true,"href":"https:\/\/euapp01.newsmemory.com\/lamarseillaise\/news\/wp-json\/wp\/v2\/news-destination?post=34840"},{"taxonomy":"news-source","embeddable":true,"href":"https:\/\/euapp01.newsmemory.com\/lamarseillaise\/news\/wp-json\/wp\/v2\/news-source?post=34840"},{"taxonomy":"is_homepage","embeddable":true,"href":"https:\/\/euapp01.newsmemory.com\/lamarseillaise\/news\/wp-json\/wp\/v2\/is_homepage?post=34840"},{"taxonomy":"ta_other","embeddable":true,"href":"https:\/\/euapp01.newsmemory.com\/lamarseillaise\/news\/wp-json\/wp\/v2\/ta_other?post=34840"}],"curies":[{"name":"wp","href":"https:\/\/api.w.org\/{rel}","templated":true}]}}